{"id":23100,"date":"2024-04-02T13:39:56","date_gmt":"2024-04-02T16:39:56","guid":{"rendered":"https:\/\/noticiasnoface.com.br\/?p=23100"},"modified":"2024-04-02T13:39:58","modified_gmt":"2024-04-02T16:39:58","slug":"ataque-israelense-mata-sete-funcionarios-de-ong-que-distribuia-comida-em-gaza","status":"publish","type":"post","link":"https:\/\/noticiasnoface.com.br\/index.php\/2024\/04\/02\/ataque-israelense-mata-sete-funcionarios-de-ong-que-distribuia-comida-em-gaza\/","title":{"rendered":"Ataque israelense mata sete funcion\u00e1rios de ONG que distribu\u00eda comida em Gaza"},"content":{"rendered":"\n<figure class=\"wp-block-image size-full\"><img data-opt-id=1925091801  fetchpriority=\"high\" decoding=\"async\" width=\"900\" height=\"506\" src=\"https:\/\/mlbfrsat7ahr.i.optimole.com\/w:auto\/h:auto\/q:mauto\/ig:avif\/https:\/\/noticiasnoface.com.br\/wp-content\/uploads\/2024\/04\/IMG_2504.webp\" alt=\"\" class=\"wp-image-23101\" srcset=\"https:\/\/mlbfrsat7ahr.i.optimole.com\/w:900\/h:506\/q:mauto\/ig:avif\/https:\/\/noticiasnoface.com.br\/wp-content\/uploads\/2024\/04\/IMG_2504.webp 900w, https:\/\/mlbfrsat7ahr.i.optimole.com\/w:300\/h:169\/q:mauto\/ig:avif\/https:\/\/noticiasnoface.com.br\/wp-content\/uploads\/2024\/04\/IMG_2504.webp 300w, https:\/\/mlbfrsat7ahr.i.optimole.com\/w:768\/h:432\/q:mauto\/ig:avif\/https:\/\/noticiasnoface.com.br\/wp-content\/uploads\/2024\/04\/IMG_2504.webp 768w\" sizes=\"(max-width: 900px) 100vw, 900px\" \/><\/figure>\n\n\n\n<p>Colaboradores de ONG que trabalham em ajudam humanit\u00e1ria em Gaza morrem <\/p>\n\n\n\n<p>em ataque<\/p>\n\n\n\n<!--more-->\n\n\n\n<h2 class=\"wp-block-heading\">Como aconteceu <\/h2>\n\n\n\n<p>Sete colaboradores da ONG americana World Central Kitchen (WCK), que distribui alimentos na Faixa de Gaza, morreram em um bombardeio israelense na segunda-feira (1\u00b0) na Faixa de Gaza. Israel indicou que abriu uma investiga\u00e7\u00e3o para apurar o caso.<\/p>\n\n\n\n<figure class=\"wp-block-image size-full is-resized\"><img data-opt-id=1897128487  fetchpriority=\"high\" decoding=\"async\" width=\"750\" height=\"499\" src=\"https:\/\/mlbfrsat7ahr.i.optimole.com\/w:auto\/h:auto\/q:mauto\/ig:avif\/https:\/\/noticiasnoface.com.br\/wp-content\/uploads\/2024\/04\/IMG_2505.webp\" alt=\"\" class=\"wp-image-23102\" style=\"width:388px;height:auto\" srcset=\"https:\/\/mlbfrsat7ahr.i.optimole.com\/w:750\/h:499\/q:mauto\/ig:avif\/https:\/\/noticiasnoface.com.br\/wp-content\/uploads\/2024\/04\/IMG_2505.webp 750w, https:\/\/mlbfrsat7ahr.i.optimole.com\/w:300\/h:200\/q:mauto\/ig:avif\/https:\/\/noticiasnoface.com.br\/wp-content\/uploads\/2024\/04\/IMG_2505.webp 300w\" sizes=\"(max-width: 750px) 100vw, 750px\" \/><\/figure>\n\n\n\n<p>&#8220;A World Central Kitchen est\u00e1 devastada&#8221;, indicou a ONG em comunicado, denunciando &#8220;uma trag\u00e9dia&#8221;. A organiza\u00e7\u00e3o fundada pelo chef americano-espanhol Jos\u00e9 Andr\u00e9s indicou que as v\u00edtimas eram origin\u00e1rias da Austr\u00e1lia, Pol\u00f4nia e Reino Unido. Entre os mortos, h\u00e1 tamb\u00e9m um cidad\u00e3o com dupla cidadania americana e canadense e um palestino. A nacionalidade de uma s\u00e9tima v\u00edtima ainda n\u00e3o foi revelada.<\/p>\n\n\n\n<h2 class=\"wp-block-heading\">O comunicado <\/h2>\n\n\n\n<p>O comunicado indica que as pessoas morreram &#8220;enquanto trabalhavam para apoiar nossa a\u00e7\u00e3o humanit\u00e1ria de entrega de alimentos em Gaza&#8221;. A WCK decidiu &#8220;suspender suas opera\u00e7\u00f5es na regi\u00e3o&#8221;.<\/p>\n\n\n\n<p>Desde o in\u00edcio da guerra entre Israel e o grupo Hamas, em 7 de outubro de 2023, a ONG participou de diversas opera\u00e7\u00f5es de distribui\u00e7\u00e3o de refei\u00e7\u00f5es. Em mar\u00e7o, a WCK integrou uma imensa a\u00e7\u00e3o de envio e entrega de ajuda humanit\u00e1ria por meio de um navio que saiu do Chipre e atracou em um porto improvisado no enclave palestino. A iniciativa permitiu a chegada de dezenas de toneladas de mantimentos no territ\u00f3rio onde a popula\u00e7\u00e3o passa fome.<\/p>\n\n\n\n<h2 class=\"wp-block-heading\">Comunidade internacional reage <\/h2>\n\n\n\n<p>Os Estados Unidos, principais aliados de Israel, disseram ter ficado &#8220;profundamente perturbados&#8221; com o ataque. &#8220;Os trabalhadores humanit\u00e1rios devem ser protegidos, pois fornecem uma ajuda que os palestinos precisam desesperadamente. Exigimos que Israel investigue imediatamente o que aconteceu&#8221;, indicou na rede social X Adrienne Watson, porta-voz do Conselho de Seguran\u00e7a Nacional dos Estados Unidos.<\/p>\n\n\n\n<p>O primeiro-ministro da Austr\u00e1lia, Anthony Albanese, confirmou que uma australiana, Lalzawmi &#8220;Zomi&#8221; Frankcom, est\u00e1 entre as v\u00edtimas. &#8220;\u00c9 completamente inaceit\u00e1vel. A Austr\u00e1lia exige que todas as pessoas envolvidas nas mortes dos trabalhadores humanit\u00e1rios sejam responsabilizadas&#8221;, afirmou o premi\u00ea.<\/p>\n\n\n\n<p>O governo polon\u00eas pediu explica\u00e7\u00f5es an Israel sobre o incidente. O chefe da diplomacia europeia, Josep Borrell, tamb\u00e9m condenou o ataque. &#8220;Apesar de todos os pedidos para proteger civis e trabalhadores humanit\u00e1rios, continuamos a ver inocentes sendo mortos&#8221;, publicou na rede social X.<\/p>\n\n\n\n<p>O Minist\u00e9rio da Sa\u00fade palestino, administrado pelo grupo Hamas, afirmou ter registrado cinco mortos &#8220;em um bombardeio israelense contra um ve\u00edculo da WCK&#8221; em um hospital de Deir el-Balah, no centro da Faixa de Gaza. Um comunicado indicou que a v\u00edtima de nacionalidade palestina trabalhava como motorista e tradutor do grupo.<\/p>\n\n\n\n<p>As For\u00e7as Armadas israelenses indicaram que est\u00e3o investigando &#8220;o tr\u00e1gico incidente&#8221; com o objetivo de &#8220;compreender as circunst\u00e2ncias&#8221;. O governo de Israel afirma que &#8220;trabalha em estreita colabora\u00e7\u00e3o com a WCK&#8221;.<\/p>\n\n\n\n<h2 class=\"wp-block-heading\">70 mortos <\/h2>\n\n\n\n<p>Nas \u00faltimas 24 horas, ao menos 70 pessoas morreram em opera\u00e7\u00f5es das For\u00e7as Armadas israelenses na Faixa de Gaza. Neste per\u00edodo, o Minist\u00e9rio da Sa\u00fade palestino afirma ter registrado &#8220;dezenas&#8221; de bombardeios no enclave.<\/p>\n\n\n\n<p>No norte do territ\u00f3rio, equipes m\u00e9dicas vasculham os escombros do hospital Al-Shifa em busca de sobreviventes de um vasto ataque do Ex\u00e9rcito de Israel no local. Tel Aviv afirma ter eliminado mais de 200 terroristas e detido cerca de 900 pessoas no local.<\/p>\n","protected":false},"excerpt":{"rendered":"<p>Colaboradores de ONG que trabalham em ajudam humanit\u00e1ria em Gaza morrem em ataque<\/p>\n","protected":false},"author":1,"featured_media":0,"comment_status":"open","ping_status":"open","sticky":false,"template":"","format":"image","meta":{"site-sidebar-layout":"default","site-content-layout":"","ast-site-content-layout":"default","site-content-style":"default","site-sidebar-style":"default","ast-global-header-display":"","ast-banner-title-visibility":"","ast-main-header-display":"","ast-hfb-above-header-display":"","ast-hfb-below-header-display":"","ast-hfb-mobile-header-display":"","site-post-title":"","ast-breadcrumbs-content":"","ast-featured-img":"","footer-sml-layout":"","ast-disable-related-posts":"","theme-transparent-header-meta":"","adv-header-id-meta":"","stick-header-meta":"","header-above-stick-meta":"","header-main-stick-meta":"","header-below-stick-meta":"","astra-migrate-meta-layouts":"default","ast-page-background-enabled":"default","ast-page-background-meta":{"desktop":{"background-color":"var(--ast-global-color-4)","background-image":"","background-repeat":"repeat","background-position":"center center","background-size":"auto","background-attachment":"scroll","background-type":"","background-media":"","overlay-type":"","overlay-color":"","overlay-opacity":"","overlay-gradient":""},"tablet":{"background-color":"","background-image":"","background-repeat":"repeat","background-position":"center center","background-size":"auto","background-attachment":"scroll","background-type":"","background-media":"","overlay-type":"","overlay-color":"","overlay-opacity":"","overlay-gradient":""},"mobile":{"background-color":"","background-image":"","background-repeat":"repeat","background-position":"center center","background-size":"auto","background-attachment":"scroll","background-type":"","background-media":"","overlay-type":"","overlay-color":"","overlay-opacity":"","overlay-gradient":""}},"ast-content-background-meta":{"desktop":{"background-color":"var(--ast-global-color-5)","background-image":"","background-repeat":"repeat","background-position":"center center","background-size":"auto","background-attachment":"scroll","background-type":"","background-media":"","overlay-type":"","overlay-color":"","overlay-opacity":"","overlay-gradient":""},"tablet":{"background-color":"var(--ast-global-color-5)","background-image":"","background-repeat":"repeat","background-position":"center center","background-size":"auto","background-attachment":"scroll","background-type":"","background-media":"","overlay-type":"","overlay-color":"","overlay-opacity":"","overlay-gradient":""},"mobile":{"background-color":"var(--ast-global-color-5)","background-image":"","background-repeat":"repeat","background-position":"center center","background-size":"auto","background-attachment":"scroll","background-type":"","background-media":"","overlay-type":"","overlay-color":"","overlay-opacity":"","overlay-gradient":""}},"footnotes":""},"categories":[517],"tags":[420,197,914,22],"class_list":["post-23100","post","type-post","status-publish","format-image","hentry","category-aconteceu","tag-ataque","tag-israel","tag-mortos","tag-noticias-no-face","post_format-post-format-image"],"_links":{"self":[{"href":"https:\/\/noticiasnoface.com.br\/index.php\/wp-json\/wp\/v2\/posts\/23100","targetHints":{"allow":["GET"]}}],"collection":[{"href":"https:\/\/noticiasnoface.com.br\/index.php\/wp-json\/wp\/v2\/posts"}],"about":[{"href":"https:\/\/noticiasnoface.com.br\/index.php\/wp-json\/wp\/v2\/types\/post"}],"author":[{"embeddable":true,"href":"https:\/\/noticiasnoface.com.br\/index.php\/wp-json\/wp\/v2\/users\/1"}],"replies":[{"embeddable":true,"href":"https:\/\/noticiasnoface.com.br\/index.php\/wp-json\/wp\/v2\/comments?post=23100"}],"version-history":[{"count":1,"href":"https:\/\/noticiasnoface.com.br\/index.php\/wp-json\/wp\/v2\/posts\/23100\/revisions"}],"predecessor-version":[{"id":23103,"href":"https:\/\/noticiasnoface.com.br\/index.php\/wp-json\/wp\/v2\/posts\/23100\/revisions\/23103"}],"wp:attachment":[{"href":"https:\/\/noticiasnoface.com.br\/index.php\/wp-json\/wp\/v2\/media?parent=23100"}],"wp:term":[{"taxonomy":"category","embeddable":true,"href":"https:\/\/noticiasnoface.com.br\/index.php\/wp-json\/wp\/v2\/categories?post=23100"},{"taxonomy":"post_tag","embeddable":true,"href":"https:\/\/noticiasnoface.com.br\/index.php\/wp-json\/wp\/v2\/tags?post=23100"}],"curies":[{"name":"wp","href":"https:\/\/api.w.org\/{rel}","templated":true}]}}