{"id":23104,"date":"2024-04-02T13:57:53","date_gmt":"2024-04-02T16:57:53","guid":{"rendered":"https:\/\/noticiasnoface.com.br\/?p=23104"},"modified":"2024-04-02T13:57:54","modified_gmt":"2024-04-02T16:57:54","slug":"justica-nega-acao-de-bolsonaro-contra-lula-no-caso-dos-moveis","status":"publish","type":"post","link":"https:\/\/noticiasnoface.com.br\/index.php\/2024\/04\/02\/justica-nega-acao-de-bolsonaro-contra-lula-no-caso-dos-moveis\/","title":{"rendered":"Justi\u00e7a nega a\u00e7\u00e3o de Bolsonaro contra Lula no caso dos m\u00f3veis"},"content":{"rendered":"\n<figure class=\"wp-block-image size-full\"><img data-opt-id=382776340  fetchpriority=\"high\" decoding=\"async\" width=\"799\" height=\"533\" src=\"https:\/\/mlbfrsat7ahr.i.optimole.com\/w:auto\/h:auto\/q:mauto\/ig:avif\/https:\/\/noticiasnoface.com.br\/wp-content\/uploads\/2024\/04\/IMG_2507.webp\" alt=\"\" class=\"wp-image-23105\" srcset=\"https:\/\/mlbfrsat7ahr.i.optimole.com\/w:799\/h:533\/q:mauto\/ig:avif\/https:\/\/noticiasnoface.com.br\/wp-content\/uploads\/2024\/04\/IMG_2507.webp 799w, https:\/\/mlbfrsat7ahr.i.optimole.com\/w:300\/h:200\/q:mauto\/ig:avif\/https:\/\/noticiasnoface.com.br\/wp-content\/uploads\/2024\/04\/IMG_2507.webp 300w, https:\/\/mlbfrsat7ahr.i.optimole.com\/w:768\/h:512\/q:mauto\/ig:avif\/https:\/\/noticiasnoface.com.br\/wp-content\/uploads\/2024\/04\/IMG_2507.webp 768w\" sizes=\"(max-width: 799px) 100vw, 799px\" \/><\/figure>\n\n\n\n<p>Justi\u00e7a n\u00e3o acata pedido de Bolsonaro para processar Lula por ter acusado sumir com m\u00f3veis <\/p>\n\n\n\n<!--more-->\n\n\n\n<h2 class=\"wp-block-heading\">Entenda o caso <\/h2>\n\n\n\n<p>O Juizado Especial C\u00edvel do Distrito Federal negou nesta ter\u00e7a-feira, 2, a a\u00e7\u00e3o apresentada pelo ex-presidente Jair Bolsonaro (PL) e pela ex-primeira-dama Michelle Bolsonaro para que o presidente Luiz In\u00e1cio Lula da Silva (PT) se retrate ap\u00f3s os m\u00f3veis que supostamente estavam desaparecidos do Pal\u00e1cio da Alvorada terem sido encontrados na pr\u00f3pria resid\u00eancia oficial. O casal tamb\u00e9m pedia uma indeniza\u00e7\u00e3o de R$ 20 mil por danos morais.<\/p>\n\n\n\n<p>A ju\u00edza Gl\u00e1ucia Barbosa Rizzo da Silva arquivou o processo, argumentando que Lula n\u00e3o poderia ser responsabilizado na a\u00e7\u00e3o, j\u00e1 que as declara\u00e7\u00f5es ocorreram enquanto ele ocupa o cargo de presidente da Rep\u00fablica e est\u00e3o relacionadas aos m\u00f3veis vinculados ao Alvorada, ou seja, ao patrim\u00f4nio p\u00fablico.<\/p>\n\n\n\n<h2 class=\"wp-block-heading\">O pensamento da ju\u00edza <\/h2>\n\n\n\n<div class=\"wp-block-media-text is-stacked-on-mobile\"><figure class=\"wp-block-media-text__media\"><img data-opt-id=543557396  fetchpriority=\"high\" decoding=\"async\" width=\"745\" height=\"411\" src=\"https:\/\/mlbfrsat7ahr.i.optimole.com\/w:auto\/h:auto\/q:mauto\/ig:avif\/https:\/\/noticiasnoface.com.br\/wp-content\/uploads\/2024\/04\/IMG_1936-1.jpeg\" alt=\"\" class=\"wp-image-23108 size-full\" srcset=\"https:\/\/mlbfrsat7ahr.i.optimole.com\/w:745\/h:411\/q:mauto\/ig:avif\/https:\/\/noticiasnoface.com.br\/wp-content\/uploads\/2024\/04\/IMG_1936-1.jpeg 745w, https:\/\/mlbfrsat7ahr.i.optimole.com\/w:300\/h:166\/q:mauto\/ig:avif\/https:\/\/noticiasnoface.com.br\/wp-content\/uploads\/2024\/04\/IMG_1936-1.jpeg 300w\" sizes=\"(max-width: 745px) 100vw, 745px\" \/><\/figure><div class=\"wp-block-media-text__content\"><\/div><\/div>\n\n\n\n<p>A  ju\u00edza entendeu que a responsabilidade por eventuais danos causados por suas declara\u00e7\u00f5es recai sobre a Uni\u00e3o, n\u00e3o sobre Lula pessoalmente. Portanto, a a\u00e7\u00e3o deveria ser movida contra o Estado. Al\u00e9m disso, a magistrada apontou que a a\u00e7\u00e3o movida por Bolsonaro n\u00e3o \u00e9 adequada para os Juizados Especiais C\u00edveis.<\/p>\n\n\n\n<p>O processo foi movido em 22 de mar\u00e7o por Bolsonaro e Michelle e pedia uma indeniza\u00e7\u00e3o para servir de \u201cmedida pedag\u00f3gica\u201d, que seria remetida a uma institui\u00e7\u00e3o de caridade. O casal tamb\u00e9m queria que Lula se retratasse \u201cna mesma propor\u00e7\u00e3o do dano que realizou\u201d, o que inclu\u00eda uma coletiva de imprensa oficial no Pal\u00e1cio do Alvorada e uma retrata\u00e7\u00e3o \u201cperante o ve\u00edculo de comunica\u00e7\u00e3o GloboNews e nos canais oficiais de comunica\u00e7\u00e3o do governo federal\u201d.<\/p>\n\n\n\n<p>O pedido espec\u00edfico para retrata\u00e7\u00e3o pelo canal de televis\u00e3o se deu porque Janja concedeu uma entrevista exclusiva ao ve\u00edculo, em 18 de janeiro, abrindo o Alvorada para mostrar o estado em que as instala\u00e7\u00f5es teriam sido encontradas ap\u00f3s a chegada do casal.<\/p>\n\n\n\n<p>Os 261 itens foram localizados pelo governo no ano passado, dez meses ap\u00f3s declarado o \u201csumi\u00e7o\u201d deles. No in\u00edcio de 2022, logo ap\u00f3s a posse, Lula e a primeira-dama Ros\u00e2ngela da Silva, a Janja, acusaram o desaparecimento de objetos ap\u00f3s a sa\u00edda de Bolsonaro e Michelle do Alvorada. Tamb\u00e9m divulgaram o mau estado de conserva\u00e7\u00e3o que afirmaram ter recebido a resid\u00eancia presidencial.<\/p>\n\n\n\n<p>A Secretaria de Comunica\u00e7\u00e3o Social (Secom) da Presid\u00eancia afirmou que os itens foram encontrados em \u201cdepend\u00eancias diversas\u201d dentro do Pal\u00e1cio da Alvorada. Ao ser questionada sobre quais seriam essas depend\u00eancias, a pasta informou que os objetos estavam \u201cespalhados\u201d no im\u00f3vel, sem detalhar os locais.<\/p>\n\n\n\n<p>A aus\u00eancia do mobili\u00e1rio serviu como justificativa para o governo comprar novos itens para a resid\u00eancia do presidente. Em dezembro do ano passado, um levantamento feito pelo Estad\u00e3o mostrou que o governo federal gastou R$ 26,8 milh\u00f5es com reformas, compra de novos m\u00f3veis, materiais e utens\u00edlios dom\u00e9sticos para os pal\u00e1cios presidenciais de Bras\u00edlia em 2023.<\/p>\n\n\n\n<p>A ex-primeira-dama chegou a criticar o casal Lula, acusando o atual governo de ter citado o desaparecimento dos objetos como \u201c\u00e1libi para poder fazer compras\u201d e \u201cpara gastar o dinheiro do contribuindo com irresponsabilidade\u201d. A declara\u00e7\u00e3o foi feita durante um evento do PL no Acre.<\/p>\n\n\n\n<p><\/p>\n","protected":false},"excerpt":{"rendered":"<p>Justi\u00e7a n\u00e3o acata pedido de Bolsonaro para processar Lula por ter acusado sumir com m\u00f3veis<\/p>\n","protected":false},"author":1,"featured_media":0,"comment_status":"open","ping_status":"open","sticky":false,"template":"","format":"image","meta":{"site-sidebar-layout":"default","site-content-layout":"","ast-site-content-layout":"default","site-content-style":"default","site-sidebar-style":"default","ast-global-header-display":"","ast-banner-title-visibility":"","ast-main-header-display":"","ast-hfb-above-header-display":"","ast-hfb-below-header-display":"","ast-hfb-mobile-header-display":"","site-post-title":"","ast-breadcrumbs-content":"","ast-featured-img":"","footer-sml-layout":"","ast-disable-related-posts":"","theme-transparent-header-meta":"","adv-header-id-meta":"","stick-header-meta":"","header-above-stick-meta":"","header-main-stick-meta":"","header-below-stick-meta":"","astra-migrate-meta-layouts":"default","ast-page-background-enabled":"default","ast-page-background-meta":{"desktop":{"background-color":"var(--ast-global-color-4)","background-image":"","background-repeat":"repeat","background-position":"center center","background-size":"auto","background-attachment":"scroll","background-type":"","background-media":"","overlay-type":"","overlay-color":"","overlay-opacity":"","overlay-gradient":""},"tablet":{"background-color":"","background-image":"","background-repeat":"repeat","background-position":"center center","background-size":"auto","background-attachment":"scroll","background-type":"","background-media":"","overlay-type":"","overlay-color":"","overlay-opacity":"","overlay-gradient":""},"mobile":{"background-color":"","background-image":"","background-repeat":"repeat","background-position":"center center","background-size":"auto","background-attachment":"scroll","background-type":"","background-media":"","overlay-type":"","overlay-color":"","overlay-opacity":"","overlay-gradient":""}},"ast-content-background-meta":{"desktop":{"background-color":"var(--ast-global-color-5)","background-image":"","background-repeat":"repeat","background-position":"center center","background-size":"auto","background-attachment":"scroll","background-type":"","background-media":"","overlay-type":"","overlay-color":"","overlay-opacity":"","overlay-gradient":""},"tablet":{"background-color":"var(--ast-global-color-5)","background-image":"","background-repeat":"repeat","background-position":"center center","background-size":"auto","background-attachment":"scroll","background-type":"","background-media":"","overlay-type":"","overlay-color":"","overlay-opacity":"","overlay-gradient":""},"mobile":{"background-color":"var(--ast-global-color-5)","background-image":"","background-repeat":"repeat","background-position":"center center","background-size":"auto","background-attachment":"scroll","background-type":"","background-media":"","overlay-type":"","overlay-color":"","overlay-opacity":"","overlay-gradient":""}},"footnotes":""},"categories":[517],"tags":[8,1111],"class_list":["post-23104","post","type-post","status-publish","format-image","hentry","category-aconteceu","tag-bolsonaro","tag-michelle-bolsonaro","post_format-post-format-image"],"_links":{"self":[{"href":"https:\/\/noticiasnoface.com.br\/index.php\/wp-json\/wp\/v2\/posts\/23104","targetHints":{"allow":["GET"]}}],"collection":[{"href":"https:\/\/noticiasnoface.com.br\/index.php\/wp-json\/wp\/v2\/posts"}],"about":[{"href":"https:\/\/noticiasnoface.com.br\/index.php\/wp-json\/wp\/v2\/types\/post"}],"author":[{"embeddable":true,"href":"https:\/\/noticiasnoface.com.br\/index.php\/wp-json\/wp\/v2\/users\/1"}],"replies":[{"embeddable":true,"href":"https:\/\/noticiasnoface.com.br\/index.php\/wp-json\/wp\/v2\/comments?post=23104"}],"version-history":[{"count":1,"href":"https:\/\/noticiasnoface.com.br\/index.php\/wp-json\/wp\/v2\/posts\/23104\/revisions"}],"predecessor-version":[{"id":23109,"href":"https:\/\/noticiasnoface.com.br\/index.php\/wp-json\/wp\/v2\/posts\/23104\/revisions\/23109"}],"wp:attachment":[{"href":"https:\/\/noticiasnoface.com.br\/index.php\/wp-json\/wp\/v2\/media?parent=23104"}],"wp:term":[{"taxonomy":"category","embeddable":true,"href":"https:\/\/noticiasnoface.com.br\/index.php\/wp-json\/wp\/v2\/categories?post=23104"},{"taxonomy":"post_tag","embeddable":true,"href":"https:\/\/noticiasnoface.com.br\/index.php\/wp-json\/wp\/v2\/tags?post=23104"}],"curies":[{"name":"wp","href":"https:\/\/api.w.org\/{rel}","templated":true}]}}