{"id":23113,"date":"2024-04-02T20:36:04","date_gmt":"2024-04-02T23:36:04","guid":{"rendered":"https:\/\/noticiasnoface.com.br\/?p=23113"},"modified":"2024-04-02T20:36:06","modified_gmt":"2024-04-02T23:36:06","slug":"filho-de-lula-e-acusado-de-agressao-pela-esposa","status":"publish","type":"post","link":"https:\/\/noticiasnoface.com.br\/index.php\/2024\/04\/02\/filho-de-lula-e-acusado-de-agressao-pela-esposa\/","title":{"rendered":"Filho de Lula \u00e9 acusado de agress\u00e3o pela esposa, \u201cele dava cotovelada na barriga\u201d"},"content":{"rendered":"\n<figure class=\"wp-block-image size-large\"><img data-opt-id=1190945339  fetchpriority=\"high\" decoding=\"async\" width=\"992\" height=\"1024\" src=\"https:\/\/mlbfrsat7ahr.i.optimole.com\/w:992\/h:1024\/q:mauto\/ig:avif\/https:\/\/noticiasnoface.com.br\/wp-content\/uploads\/2024\/04\/IMG_2518.jpeg\" alt=\"\" class=\"wp-image-23114\" srcset=\"https:\/\/mlbfrsat7ahr.i.optimole.com\/w:992\/h:1024\/q:mauto\/ig:avif\/https:\/\/noticiasnoface.com.br\/wp-content\/uploads\/2024\/04\/IMG_2518.jpeg 992w, https:\/\/mlbfrsat7ahr.i.optimole.com\/w:291\/h:300\/q:mauto\/ig:avif\/https:\/\/noticiasnoface.com.br\/wp-content\/uploads\/2024\/04\/IMG_2518.jpeg 291w, https:\/\/mlbfrsat7ahr.i.optimole.com\/w:768\/h:793\/q:mauto\/ig:avif\/https:\/\/noticiasnoface.com.br\/wp-content\/uploads\/2024\/04\/IMG_2518.jpeg 768w, https:\/\/mlbfrsat7ahr.i.optimole.com\/w:1046\/h:1080\/q:mauto\/ig:avif\/https:\/\/noticiasnoface.com.br\/wp-content\/uploads\/2024\/04\/IMG_2518.jpeg 1200w\" sizes=\"(max-width: 992px) 100vw, 992px\" \/><\/figure>\n\n\n\n<p>Esposa  acusa o filho de Lula de agress\u00e3o, dando cotoveladas na barriga<\/p>\n\n\n\n<!--more-->\n\n\n\n<h2 class=\"wp-block-heading\">Meu pai vai me proteger <\/h2>\n\n\n\n<p>Em boletim de ocorr\u00eancia, ex-namorada de Lu\u00eds Cl\u00e1udio Lula da Silva afirma que ele teria dito que acabaria com sua \u2018alma\u2019 e ningu\u00e9m acreditaria nela por ele ser filho do presidente da Rep\u00fablica; \u2018Meu pai vai me proteger e (voc\u00ea) vai sair perdendo\u2019, ela relatou \u00e0 pol\u00edcia<\/p>\n\n\n\n<figure class=\"wp-block-image size-full\"><img data-opt-id=662572364  fetchpriority=\"high\" decoding=\"async\" width=\"600\" height=\"400\" src=\"https:\/\/mlbfrsat7ahr.i.optimole.com\/w:auto\/h:auto\/q:mauto\/ig:avif\/https:\/\/noticiasnoface.com.br\/wp-content\/uploads\/2024\/04\/IMG_2517.jpeg\" alt=\"\" class=\"wp-image-23115\" srcset=\"https:\/\/mlbfrsat7ahr.i.optimole.com\/w:600\/h:400\/q:mauto\/ig:avif\/https:\/\/noticiasnoface.com.br\/wp-content\/uploads\/2024\/04\/IMG_2517.jpeg 600w, https:\/\/mlbfrsat7ahr.i.optimole.com\/w:300\/h:200\/q:mauto\/ig:avif\/https:\/\/noticiasnoface.com.br\/wp-content\/uploads\/2024\/04\/IMG_2517.jpeg 300w\" sizes=\"(max-width: 600px) 100vw, 600px\" \/><\/figure>\n\n\n\n<p>Uma m\u00e9dica de 29 anos registrou boletim de ocorr\u00eancia online e acusou o filho mais novo do presidente\u00a0<a href=\"https:\/\/www.estadao.com.br\/tudo-sobre\/lula-luiz-inacio-lula-da-silva\/\" target=\"_blank\" rel=\"noopener\"><strong>Luiz In\u00e1cio Lula da Silva<\/strong><\/a>\u00a0de agress\u00f5es f\u00edsicas e psicol\u00f3gicas. Os dois mantiveram rela\u00e7\u00e3o nos \u00faltimos dois anos, mas se separaram, segundo ela, depois de a mulher descobrir supostas trai\u00e7\u00f5es de\u00a0<strong>Lu\u00eds Cl\u00e1udio Lula da Silva<\/strong>, de 39 anos. O documento cita cinco acusa\u00e7\u00f5es contra Lu\u00eds Cl\u00e1udio (viol\u00eancia dom\u00e9stica, amea\u00e7a, vias de fato, viol\u00eancia psicol\u00f3gica contra a mulher e inj\u00faria). Advogados de Lu\u00eds Cl\u00e1udio disseram que as declara\u00e7\u00f5es s\u00e3o \u201cfantasiosas\u201d e pedir\u00e3o repara\u00e7\u00e3o por danos morais\u00a0<\/p>\n\n\n\n<h2 class=\"wp-block-heading\">Como eram as agress\u00f5es <\/h2>\n\n\n\n<p>\u201cAs agress\u00f5es s\u00e3o de natureza f\u00edsica (oportunidade em que me deu uma cotovelada na barriga em uma das brigas no final de janeiro deste ano), verbal, psicol\u00f3gica e moral, e t\u00eam se intensificado ao longo do tempo, colocando em risco a minha integridade f\u00edsica e mental\u201d, declarou no documento registrado \u00e0s 15h17 desta ter\u00e7a-feira, 2, junto \u00e0 Pol\u00edcia Civil. A agress\u00e3o teria ocorrido depois de a mulher tentar pegar o celular do acusado.<\/p>\n\n\n\n<h2 class=\"wp-block-heading\">Sou filho do presidente da rep\u00fablica <\/h2>\n\n\n\n<p>Ela afirmou ainda que n\u00e3o registrou ocorr\u00eancia anteriormente porque Lu\u00eds Cl\u00e1udio teria dito que n\u00e3o aconteceria nada por ele ser filho do presidente da Rep\u00fablica.<\/p>\n\n\n\n<p>\u201cDe acordo com a narrativa, a v\u00edtima n\u00e3o registrou o boletim de ocorr\u00eancia anteriormente, pois o autor a intimida, utilizando o fato de ser filho do presidente da Rep\u00fablica dizendo \u2018meu pai vai me proteger e (voc\u00ea) vai sair perdendo, eu vou acabar com sua alma\u2019 e \u2018vou falar para todos que voc\u00ea \u00e9 uma insana, ningu\u00e9m ir\u00e1 acreditar em voc\u00ea&#8217;\u201d, registrou no documento ao receber primeiro atendimento da Delegacia da Mulher da capital paulista.<\/p>\n\n\n\n<p>Ainda segundo o boletim de ocorr\u00eancia, a ex-namorada de Lu\u00eds Cl\u00e1udio disse ter se afastado do trabalho por um m\u00eas devido \u201cao trauma causado pelas agress\u00f5es\u201d. Ela tamb\u00e9m relatou ter sido hospitalizada com crises de ansiedade e ser ofendida constantemente pelo acusado.<\/p>\n\n\n\n<figure class=\"wp-block-image size-full\"><img data-opt-id=1678514932  data-opt-src=\"https:\/\/mlbfrsat7ahr.i.optimole.com\/w:auto\/h:auto\/q:mauto\/ig:avif\/https:\/\/noticiasnoface.com.br\/wp-content\/uploads\/2024\/04\/IMG_2519-1.jpeg\"  decoding=\"async\" width=\"632\" height=\"485\" src=\"data:image/svg+xml,%3Csvg%20viewBox%3D%220%200%20100%%20100%%22%20width%3D%22100%%22%20height%3D%22100%%22%20xmlns%3D%22http%3A%2F%2Fwww.w3.org%2F2000%2Fsvg%22%3E%3Crect%20width%3D%22100%%22%20height%3D%22100%%22%20fill%3D%22transparent%22%2F%3E%3C%2Fsvg%3E\" alt=\"\" class=\"wp-image-23117\" old-srcset=\"https:\/\/mlbfrsat7ahr.i.optimole.com\/w:632\/h:485\/q:mauto\/ig:avif\/https:\/\/noticiasnoface.com.br\/wp-content\/uploads\/2024\/04\/IMG_2519-1.jpeg 632w, https:\/\/mlbfrsat7ahr.i.optimole.com\/w:300\/h:230\/q:mauto\/ig:avif\/https:\/\/noticiasnoface.com.br\/wp-content\/uploads\/2024\/04\/IMG_2519-1.jpeg 300w\" \/><\/figure>\n\n\n\n<h2 class=\"wp-block-heading\">Vai ter Maria da Penha ?<\/h2>\n\n\n\n<p>A advogada da m\u00e9dica,&nbsp;<strong>Gabriela Schievano San\u00e7ana<\/strong>, disse ao&nbsp;<strong>Estad\u00e3o<\/strong>&nbsp;aguardar determina\u00e7\u00e3o para que Lu\u00eds Cl\u00e1udio mantenha dist\u00e2ncia da ex-namorada, medida corriqueira para casos do tipo. A advogada afirmou \u00e0 reportagem que a cliente est\u00e1 abalada e com crise de ansiedade diante do caso. Pela lei, o pedido de medida protetiva deve ser feito na pr\u00f3ximas 24 horas. Ela tamb\u00e9m citou que a iniciativa da cliente serve como exemplo para outras mulheres tomarem, cada vez mais, ci\u00eancia da legisla\u00e7\u00e3o, como a<strong>&nbsp;Lei Maria da Penha<\/strong>, e evitarem casos do tipo.<\/p>\n\n\n\n<p>Procurada, a&nbsp;<strong>Secretaria de Seguran\u00e7a P\u00fablica do Estado de S\u00e3o Paulo<\/strong>&nbsp;afirmou que a 1\u00aa Delegacia de Defesa da Mulher (DDM), no Cambuci, investiga o caso. \u201cUma mulher, de 29 anos, registrou um boletim de ocorr\u00eancia contra seu companheiro, de 39 anos, pelos crimes de viol\u00eancia dom\u00e9stica, amea\u00e7a, vias de fato, viol\u00eancia psicol\u00f3gica contra a mulher e inj\u00faria, nesta ter\u00e7a-feira (2), pela Delegacia da Mulher Online. As a\u00e7\u00f5es teriam tido in\u00edcio em janeiro deste ano. As investiga\u00e7\u00f5es foram encaminhadas para a 1\u00aa Delegacia de Defesa da Mulher (DMM), que prossegue com as dilig\u00eancias com o objetivo de esclarecer os fatos\u201d, disse a pasta, por meio de nota.<\/p>\n\n\n\n<p>A defesa de Lu\u00eds Cl\u00e1udio Lula da Silva afirmou, por meio de nota, ter tomado conhecimento dos fatos narrados no boletim de ocorr\u00eancia e as classificou como \u201cfantasiosas\u201d. A defesa diz ainda que as acusa\u00e7\u00f5es se enquadram nos crimes de \u201ccal\u00fania, inj\u00faria e difama\u00e7\u00e3o\u201d contra Lu\u00eds Cl\u00e1udio. Eles n\u00e3o descartam entrar com a\u00e7\u00e3o por danos morais contra a m\u00e9dica.<\/p>\n","protected":false},"excerpt":{"rendered":"<p>Esposa acusa o filho de Lula de agress\u00e3o, dando cotoveladas na barriga<\/p>\n","protected":false},"author":1,"featured_media":0,"comment_status":"open","ping_status":"open","sticky":false,"template":"","format":"image","meta":{"site-sidebar-layout":"default","site-content-layout":"","ast-site-content-layout":"default","site-content-style":"default","site-sidebar-style":"default","ast-global-header-display":"","ast-banner-title-visibility":"","ast-main-header-display":"","ast-hfb-above-header-display":"","ast-hfb-below-header-display":"","ast-hfb-mobile-header-display":"","site-post-title":"","ast-breadcrumbs-content":"","ast-featured-img":"","footer-sml-layout":"","ast-disable-related-posts":"","theme-transparent-header-meta":"","adv-header-id-meta":"","stick-header-meta":"","header-above-stick-meta":"","header-main-stick-meta":"","header-below-stick-meta":"","astra-migrate-meta-layouts":"default","ast-page-background-enabled":"default","ast-page-background-meta":{"desktop":{"background-color":"var(--ast-global-color-4)","background-image":"","background-repeat":"repeat","background-position":"center center","background-size":"auto","background-attachment":"scroll","background-type":"","background-media":"","overlay-type":"","overlay-color":"","overlay-opacity":"","overlay-gradient":""},"tablet":{"background-color":"","background-image":"","background-repeat":"repeat","background-position":"center center","background-size":"auto","background-attachment":"scroll","background-type":"","background-media":"","overlay-type":"","overlay-color":"","overlay-opacity":"","overlay-gradient":""},"mobile":{"background-color":"","background-image":"","background-repeat":"repeat","background-position":"center center","background-size":"auto","background-attachment":"scroll","background-type":"","background-media":"","overlay-type":"","overlay-color":"","overlay-opacity":"","overlay-gradient":""}},"ast-content-background-meta":{"desktop":{"background-color":"var(--ast-global-color-5)","background-image":"","background-repeat":"repeat","background-position":"center center","background-size":"auto","background-attachment":"scroll","background-type":"","background-media":"","overlay-type":"","overlay-color":"","overlay-opacity":"","overlay-gradient":""},"tablet":{"background-color":"var(--ast-global-color-5)","background-image":"","background-repeat":"repeat","background-position":"center center","background-size":"auto","background-attachment":"scroll","background-type":"","background-media":"","overlay-type":"","overlay-color":"","overlay-opacity":"","overlay-gradient":""},"mobile":{"background-color":"var(--ast-global-color-5)","background-image":"","background-repeat":"repeat","background-position":"center center","background-size":"auto","background-attachment":"scroll","background-type":"","background-media":"","overlay-type":"","overlay-color":"","overlay-opacity":"","overlay-gradient":""}},"footnotes":""},"categories":[517],"tags":[730,3692,3693,50],"class_list":["post-23113","post","type-post","status-publish","format-image","hentry","category-aconteceu","tag-agressao","tag-filho-de-lula","tag-maria-da-penha","tag-noticias-do-face","post_format-post-format-image"],"_links":{"self":[{"href":"https:\/\/noticiasnoface.com.br\/index.php\/wp-json\/wp\/v2\/posts\/23113","targetHints":{"allow":["GET"]}}],"collection":[{"href":"https:\/\/noticiasnoface.com.br\/index.php\/wp-json\/wp\/v2\/posts"}],"about":[{"href":"https:\/\/noticiasnoface.com.br\/index.php\/wp-json\/wp\/v2\/types\/post"}],"author":[{"embeddable":true,"href":"https:\/\/noticiasnoface.com.br\/index.php\/wp-json\/wp\/v2\/users\/1"}],"replies":[{"embeddable":true,"href":"https:\/\/noticiasnoface.com.br\/index.php\/wp-json\/wp\/v2\/comments?post=23113"}],"version-history":[{"count":1,"href":"https:\/\/noticiasnoface.com.br\/index.php\/wp-json\/wp\/v2\/posts\/23113\/revisions"}],"predecessor-version":[{"id":23118,"href":"https:\/\/noticiasnoface.com.br\/index.php\/wp-json\/wp\/v2\/posts\/23113\/revisions\/23118"}],"wp:attachment":[{"href":"https:\/\/noticiasnoface.com.br\/index.php\/wp-json\/wp\/v2\/media?parent=23113"}],"wp:term":[{"taxonomy":"category","embeddable":true,"href":"https:\/\/noticiasnoface.com.br\/index.php\/wp-json\/wp\/v2\/categories?post=23113"},{"taxonomy":"post_tag","embeddable":true,"href":"https:\/\/noticiasnoface.com.br\/index.php\/wp-json\/wp\/v2\/tags?post=23113"}],"curies":[{"name":"wp","href":"https:\/\/api.w.org\/{rel}","templated":true}]}}