{"id":23129,"date":"2024-04-03T01:14:19","date_gmt":"2024-04-03T04:14:19","guid":{"rendered":"https:\/\/noticiasnoface.com.br\/?p=23129"},"modified":"2024-04-03T01:14:21","modified_gmt":"2024-04-03T04:14:21","slug":"daniel-alves-e-visto-com-a-esposa","status":"publish","type":"post","link":"https:\/\/noticiasnoface.com.br\/index.php\/2024\/04\/03\/daniel-alves-e-visto-com-a-esposa\/","title":{"rendered":"Daniel Alves \u00e9 visto com a esposa"},"content":{"rendered":"\n<figure class=\"wp-block-image size-full\"><img data-opt-id=1478402857  fetchpriority=\"high\" decoding=\"async\" width=\"1004\" height=\"700\" src=\"https:\/\/mlbfrsat7ahr.i.optimole.com\/w:auto\/h:auto\/q:mauto\/ig:avif\/https:\/\/noticiasnoface.com.br\/wp-content\/uploads\/2024\/04\/IMG_2537.jpeg\" alt=\"\" class=\"wp-image-23130\" srcset=\"https:\/\/mlbfrsat7ahr.i.optimole.com\/w:1004\/h:700\/q:mauto\/ig:avif\/https:\/\/noticiasnoface.com.br\/wp-content\/uploads\/2024\/04\/IMG_2537.jpeg 1004w, https:\/\/mlbfrsat7ahr.i.optimole.com\/w:300\/h:209\/q:mauto\/ig:avif\/https:\/\/noticiasnoface.com.br\/wp-content\/uploads\/2024\/04\/IMG_2537.jpeg 300w, https:\/\/mlbfrsat7ahr.i.optimole.com\/w:768\/h:535\/q:mauto\/ig:avif\/https:\/\/noticiasnoface.com.br\/wp-content\/uploads\/2024\/04\/IMG_2537.jpeg 768w\" sizes=\"(max-width: 1000px) 100vw, 1000px\" \/><\/figure>\n\n\n\n<p>modelo Joana Sanz fez a publica\u00e7\u00e3o nessa segunda-feira (1\u00ba\/4). <br><\/p>\n\n\n\n<!--more-->\n\n\n\n<figure class=\"wp-block-image size-full\"><img data-opt-id=843230108  fetchpriority=\"high\" decoding=\"async\" width=\"850\" height=\"530\" src=\"https:\/\/mlbfrsat7ahr.i.optimole.com\/w:auto\/h:auto\/q:mauto\/ig:avif\/https:\/\/noticiasnoface.com.br\/wp-content\/uploads\/2024\/04\/IMG_2538.jpeg\" alt=\"\" class=\"wp-image-23131\" srcset=\"https:\/\/mlbfrsat7ahr.i.optimole.com\/w:850\/h:530\/q:mauto\/ig:avif\/https:\/\/noticiasnoface.com.br\/wp-content\/uploads\/2024\/04\/IMG_2538.jpeg 850w, https:\/\/mlbfrsat7ahr.i.optimole.com\/w:300\/h:187\/q:mauto\/ig:avif\/https:\/\/noticiasnoface.com.br\/wp-content\/uploads\/2024\/04\/IMG_2538.jpeg 300w, https:\/\/mlbfrsat7ahr.i.optimole.com\/w:768\/h:479\/q:mauto\/ig:avif\/https:\/\/noticiasnoface.com.br\/wp-content\/uploads\/2024\/04\/IMG_2538.jpeg 768w\" sizes=\"(max-width: 850px) 100vw, 850px\" \/><\/figure>\n\n\n\n<p>Cerca de uma semana ap\u00f3s\u00a0<a href=\"https:\/\/www.metropoles.com\/esportes\/em-liberdade-daniel-alves-e-solto-apos-pagar-fianca\" target=\"_blank\" rel=\"noopener\">Daniel Alves deixar a cadeia depois pagar fian\u00e7a<\/a>, a esposa do jogador, Joana Sanz,\u00a0<a href=\"https:\/\/www.metropoles.com\/esportes\/mulher-de-daniel-alves-posta-foto-de-maos-dadas-com-o-ex-jogador\" target=\"_blank\" rel=\"noopener\">compartilhou uma foto de m\u00e3os dadas com ele<\/a>\u00a0em suas redes sociais. A publica\u00e7\u00e3o, no entanto, n\u00e3o teria sido t\u00e3o espont\u00e2nea quanto parece. Segundo o jornal espanhol 20minutos, a foto teria sido ideia de Daniel.<\/p>\n\n\n\n<p>De acordo com a publica\u00e7\u00e3o,\u00a0<a href=\"https:\/\/www.metropoles.com\/tag\/daniel-alves\" target=\"_blank\" rel=\"noopener\">Daniel Alves<\/a>\u00a0teria sugerido a postagem para recha\u00e7ar qualquer tipo de not\u00edcia sobre problemas na rela\u00e7\u00e3o dos dois.<\/p>\n\n\n\n<figure class=\"wp-block-image size-full\"><img data-opt-id=781968602  data-opt-src=\"https:\/\/mlbfrsat7ahr.i.optimole.com\/w:auto\/h:auto\/q:mauto\/ig:avif\/https:\/\/noticiasnoface.com.br\/wp-content\/uploads\/2024\/04\/IMG_2539.jpeg\"  decoding=\"async\" width=\"600\" height=\"400\" src=\"data:image/svg+xml,%3Csvg%20viewBox%3D%220%200%20100%%20100%%22%20width%3D%22100%%22%20height%3D%22100%%22%20xmlns%3D%22http%3A%2F%2Fwww.w3.org%2F2000%2Fsvg%22%3E%3Crect%20width%3D%22100%%22%20height%3D%22100%%22%20fill%3D%22transparent%22%2F%3E%3C%2Fsvg%3E\" alt=\"\" class=\"wp-image-23132\" old-srcset=\"https:\/\/mlbfrsat7ahr.i.optimole.com\/w:600\/h:400\/q:mauto\/ig:avif\/https:\/\/noticiasnoface.com.br\/wp-content\/uploads\/2024\/04\/IMG_2539.jpeg 600w, https:\/\/mlbfrsat7ahr.i.optimole.com\/w:300\/h:200\/q:mauto\/ig:avif\/https:\/\/noticiasnoface.com.br\/wp-content\/uploads\/2024\/04\/IMG_2539.jpeg 300w\" \/><\/figure>\n\n\n\n<p> A postagem serviria tamb\u00e9m como um refor\u00e7o do apoio de Joana Sanz \u00e0 Daniel, que foi condenado a quatro anos e meio de pris\u00e3o por estuprar uma mulher no banheiro de uma boate em Barcelona no final de 2022.<\/p>\n\n\n\n<p>Ele foi solto ap\u00f3s pagar fian\u00e7a de um milh\u00e3o de euros prevista nas condi\u00e7\u00f5es de liberdade provis\u00f3ria estipuladas pela Justi\u00e7a da Espanha.<\/p>\n","protected":false},"excerpt":{"rendered":"<p>modelo Joana Sanz fez a publica\u00e7\u00e3o nessa segunda-feira (1\u00ba\/4).<\/p>\n","protected":false},"author":1,"featured_media":0,"comment_status":"open","ping_status":"open","sticky":false,"template":"","format":"image","meta":{"site-sidebar-layout":"default","site-content-layout":"","ast-site-content-layout":"default","site-content-style":"default","site-sidebar-style":"default","ast-global-header-display":"","ast-banner-title-visibility":"","ast-main-header-display":"","ast-hfb-above-header-display":"","ast-hfb-below-header-display":"","ast-hfb-mobile-header-display":"","site-post-title":"","ast-breadcrumbs-content":"","ast-featured-img":"","footer-sml-layout":"","ast-disable-related-posts":"","theme-transparent-header-meta":"","adv-header-id-meta":"","stick-header-meta":"","header-above-stick-meta":"","header-main-stick-meta":"","header-below-stick-meta":"","astra-migrate-meta-layouts":"default","ast-page-background-enabled":"default","ast-page-background-meta":{"desktop":{"background-color":"var(--ast-global-color-4)","background-image":"","background-repeat":"repeat","background-position":"center center","background-size":"auto","background-attachment":"scroll","background-type":"","background-media":"","overlay-type":"","overlay-color":"","overlay-opacity":"","overlay-gradient":""},"tablet":{"background-color":"","background-image":"","background-repeat":"repeat","background-position":"center center","background-size":"auto","background-attachment":"scroll","background-type":"","background-media":"","overlay-type":"","overlay-color":"","overlay-opacity":"","overlay-gradient":""},"mobile":{"background-color":"","background-image":"","background-repeat":"repeat","background-position":"center center","background-size":"auto","background-attachment":"scroll","background-type":"","background-media":"","overlay-type":"","overlay-color":"","overlay-opacity":"","overlay-gradient":""}},"ast-content-background-meta":{"desktop":{"background-color":"var(--ast-global-color-5)","background-image":"","background-repeat":"repeat","background-position":"center center","background-size":"auto","background-attachment":"scroll","background-type":"","background-media":"","overlay-type":"","overlay-color":"","overlay-opacity":"","overlay-gradient":""},"tablet":{"background-color":"var(--ast-global-color-5)","background-image":"","background-repeat":"repeat","background-position":"center center","background-size":"auto","background-attachment":"scroll","background-type":"","background-media":"","overlay-type":"","overlay-color":"","overlay-opacity":"","overlay-gradient":""},"mobile":{"background-color":"var(--ast-global-color-5)","background-image":"","background-repeat":"repeat","background-position":"center center","background-size":"auto","background-attachment":"scroll","background-type":"","background-media":"","overlay-type":"","overlay-color":"","overlay-opacity":"","overlay-gradient":""}},"footnotes":""},"categories":[517],"tags":[2447],"class_list":["post-23129","post","type-post","status-publish","format-image","hentry","category-aconteceu","tag-daniel-alves","post_format-post-format-image"],"_links":{"self":[{"href":"https:\/\/noticiasnoface.com.br\/index.php\/wp-json\/wp\/v2\/posts\/23129","targetHints":{"allow":["GET"]}}],"collection":[{"href":"https:\/\/noticiasnoface.com.br\/index.php\/wp-json\/wp\/v2\/posts"}],"about":[{"href":"https:\/\/noticiasnoface.com.br\/index.php\/wp-json\/wp\/v2\/types\/post"}],"author":[{"embeddable":true,"href":"https:\/\/noticiasnoface.com.br\/index.php\/wp-json\/wp\/v2\/users\/1"}],"replies":[{"embeddable":true,"href":"https:\/\/noticiasnoface.com.br\/index.php\/wp-json\/wp\/v2\/comments?post=23129"}],"version-history":[{"count":1,"href":"https:\/\/noticiasnoface.com.br\/index.php\/wp-json\/wp\/v2\/posts\/23129\/revisions"}],"predecessor-version":[{"id":23133,"href":"https:\/\/noticiasnoface.com.br\/index.php\/wp-json\/wp\/v2\/posts\/23129\/revisions\/23133"}],"wp:attachment":[{"href":"https:\/\/noticiasnoface.com.br\/index.php\/wp-json\/wp\/v2\/media?parent=23129"}],"wp:term":[{"taxonomy":"category","embeddable":true,"href":"https:\/\/noticiasnoface.com.br\/index.php\/wp-json\/wp\/v2\/categories?post=23129"},{"taxonomy":"post_tag","embeddable":true,"href":"https:\/\/noticiasnoface.com.br\/index.php\/wp-json\/wp\/v2\/tags?post=23129"}],"curies":[{"name":"wp","href":"https:\/\/api.w.org\/{rel}","templated":true}]}}