{"id":23157,"date":"2024-04-03T17:46:23","date_gmt":"2024-04-03T20:46:23","guid":{"rendered":"https:\/\/noticiasnoface.com.br\/?p=23157"},"modified":"2024-04-03T17:46:23","modified_gmt":"2024-04-03T20:46:23","slug":"camara-inicia-curso-de-libras-para-a-comunidade","status":"publish","type":"post","link":"https:\/\/noticiasnoface.com.br\/index.php\/2024\/04\/03\/camara-inicia-curso-de-libras-para-a-comunidade\/","title":{"rendered":"C\u00e2mara inicia curso de libras para a comunidade"},"content":{"rendered":"\n<figure class=\"wp-block-image size-large\"><img data-opt-id=2129325114  fetchpriority=\"high\" decoding=\"async\" width=\"1024\" height=\"682\" src=\"https:\/\/mlbfrsat7ahr.i.optimole.com\/w:1024\/h:682\/q:mauto\/ig:avif\/https:\/\/noticiasnoface.com.br\/wp-content\/uploads\/2024\/04\/109f7616-6cb2-4ea2-9c0c-5769824a3132-1.jpg\" class=\"wp-image-23156\" srcset=\"https:\/\/mlbfrsat7ahr.i.optimole.com\/w:1024\/h:682\/q:mauto\/ig:avif\/https:\/\/noticiasnoface.com.br\/wp-content\/uploads\/2024\/04\/109f7616-6cb2-4ea2-9c0c-5769824a3132-1.jpg 1024w, https:\/\/mlbfrsat7ahr.i.optimole.com\/w:300\/h:200\/q:mauto\/ig:avif\/https:\/\/noticiasnoface.com.br\/wp-content\/uploads\/2024\/04\/109f7616-6cb2-4ea2-9c0c-5769824a3132-1.jpg 300w, https:\/\/mlbfrsat7ahr.i.optimole.com\/w:768\/h:512\/q:mauto\/ig:avif\/https:\/\/noticiasnoface.com.br\/wp-content\/uploads\/2024\/04\/109f7616-6cb2-4ea2-9c0c-5769824a3132-1.jpg 768w, https:\/\/mlbfrsat7ahr.i.optimole.com\/w:1536\/h:1023\/q:mauto\/ig:avif\/https:\/\/noticiasnoface.com.br\/wp-content\/uploads\/2024\/04\/109f7616-6cb2-4ea2-9c0c-5769824a3132-1.jpg 1536w, https:\/\/mlbfrsat7ahr.i.optimole.com\/w:1600\/h:1066\/q:mauto\/ig:avif\/https:\/\/noticiasnoface.com.br\/wp-content\/uploads\/2024\/04\/109f7616-6cb2-4ea2-9c0c-5769824a3132-1.jpg 1600w\" sizes=\"(max-width: 1000px) 100vw, 1000px\" \/><figcaption class=\"wp-element-caption\"><br>C\u00e2mara inicia curso de libras para a comunidade<br><br>A Escola do Legislativo Professora Eva L\u00facia realizou nesta manh\u00e3 (3), a segunda turma do Curso de Libras, m\u00f3dulo I, iniciante. A iniciativa tem apoio da gest\u00e3o da Casa Legislativa, que tem como atual presidente, o vereador Wolney Fran\u00e7a e tem como objetivo oferecer conhecimentos aos parnamirinenses, assim como aos colaboradores, com o intuito de especializ\u00e1-los &#8211; ainda mais &#8211; para que possam proporcionar melhores servi\u00e7os \u00e0 popula\u00e7\u00e3o.<br>Pelo segundo ano, o curso \u00e9 realizado em parceria com a Secretaria Municipal de Educa\u00e7\u00e3o de Parnamirim. Durante a abertura do evento, a pedagoga da Escola do Legislativo da C\u00e2mara Municipal, Josilane Marques, falou sobre a import\u00e2ncia do curso para o munic\u00edpio. \u201cA inclus\u00e3o \u00e9 de extrema import\u00e2ncia para a sociedade, para mantermos este elo com as pessoas que s\u00e3o surdas. Esta \u00e9 uma das nossas iniciativas de incluir as pessoas na sociedade, atrav\u00e9s do conhecimento\u201d, afirmou a pedagoga.<br>Aulas semanais<br>Em menos de uma semana, todas as 40 vagas foram preenchidas. A novidade deste ano \u00e9 a participa\u00e7\u00e3o de uma professora surda, que ministrar\u00e1 as aulas juntamente com a professora Walqu\u00edria Vidal. Com dez encontros, sempre \u00e0s quartas-feiras, das 9h \u00e0s 11h, a forma\u00e7\u00e3o ser\u00e1 realizada no Plenarinho Professora Eva L\u00facia.<br>Ainda h\u00e1 a perspectiva de continuidade do aprendizado (no segundo semestre de 2024) para o m\u00f3dulo II. Tanto para os que fizeram a turma inicial de 2023 quanto para os alunos deste m\u00f3dulo.<br>Inclus\u00e3o e parcerias<br>De acordo com Senadaht Baracho, pedagoga da Escola do Legislativo, a C\u00e2mara de Parnamirim tem investido na inclus\u00e3o para que todos tenham acesso, democratizando o conhecimento. \u201cHoje, sentimos que as pessoas est\u00e3o &#8211; cada vez mais &#8211; conscientes na inser\u00e7\u00e3o de cidad\u00e3os em outros espa\u00e7os de forma\u00e7\u00e3o. Queremos possibilitar que todos tenham acesso de forma igual\u201d, analisa.<br>O coordenador de Educa\u00e7\u00e3o B\u00e1sica do munic\u00edpio de Parnamirim, Francisco Neto falou sobre parceria com outros \u00f3rg\u00e3os para viabilizar os cursos de Libras. \u201cN\u00f3s fazemos parcerias com outros \u00f3rg\u00e3os, como hospitais, na pr\u00f3pria Secretaria de Educa\u00e7\u00e3o, para realiza\u00e7\u00e3o de cursos de Libras, um curso que tem como objetivo promover a inclus\u00e3o, que faz com que o servidor de Parnamirim consiga atender e se comunicar com a comunidade surda\u201d, disse.<br>Assessor de Comunica\u00e7\u00e3o | Canind\u00e9 Pereira | 84 99628 -4679<\/figcaption><\/figure>\n","protected":false},"excerpt":{"rendered":"","protected":false},"author":1,"featured_media":0,"comment_status":"open","ping_status":"open","sticky":false,"template":"","format":"image","meta":{"site-sidebar-layout":"default","site-content-layout":"","ast-site-content-layout":"default","site-content-style":"default","site-sidebar-style":"default","ast-global-header-display":"","ast-banner-title-visibility":"","ast-main-header-display":"","ast-hfb-above-header-display":"","ast-hfb-below-header-display":"","ast-hfb-mobile-header-display":"","site-post-title":"","ast-breadcrumbs-content":"","ast-featured-img":"","footer-sml-layout":"","ast-disable-related-posts":"","theme-transparent-header-meta":"","adv-header-id-meta":"","stick-header-meta":"","header-above-stick-meta":"","header-main-stick-meta":"","header-below-stick-meta":"","astra-migrate-meta-layouts":"default","ast-page-background-enabled":"default","ast-page-background-meta":{"desktop":{"background-color":"var(--ast-global-color-4)","background-image":"","background-repeat":"repeat","background-position":"center center","background-size":"auto","background-attachment":"scroll","background-type":"","background-media":"","overlay-type":"","overlay-color":"","overlay-opacity":"","overlay-gradient":""},"tablet":{"background-color":"","background-image":"","background-repeat":"repeat","background-position":"center center","background-size":"auto","background-attachment":"scroll","background-type":"","background-media":"","overlay-type":"","overlay-color":"","overlay-opacity":"","overlay-gradient":""},"mobile":{"background-color":"","background-image":"","background-repeat":"repeat","background-position":"center center","background-size":"auto","background-attachment":"scroll","background-type":"","background-media":"","overlay-type":"","overlay-color":"","overlay-opacity":"","overlay-gradient":""}},"ast-content-background-meta":{"desktop":{"background-color":"var(--ast-global-color-5)","background-image":"","background-repeat":"repeat","background-position":"center center","background-size":"auto","background-attachment":"scroll","background-type":"","background-media":"","overlay-type":"","overlay-color":"","overlay-opacity":"","overlay-gradient":""},"tablet":{"background-color":"var(--ast-global-color-5)","background-image":"","background-repeat":"repeat","background-position":"center center","background-size":"auto","background-attachment":"scroll","background-type":"","background-media":"","overlay-type":"","overlay-color":"","overlay-opacity":"","overlay-gradient":""},"mobile":{"background-color":"var(--ast-global-color-5)","background-image":"","background-repeat":"repeat","background-position":"center center","background-size":"auto","background-attachment":"scroll","background-type":"","background-media":"","overlay-type":"","overlay-color":"","overlay-opacity":"","overlay-gradient":""}},"footnotes":""},"categories":[517],"tags":[],"class_list":["post-23157","post","type-post","status-publish","format-image","hentry","category-aconteceu","post_format-post-format-image"],"_links":{"self":[{"href":"https:\/\/noticiasnoface.com.br\/index.php\/wp-json\/wp\/v2\/posts\/23157","targetHints":{"allow":["GET"]}}],"collection":[{"href":"https:\/\/noticiasnoface.com.br\/index.php\/wp-json\/wp\/v2\/posts"}],"about":[{"href":"https:\/\/noticiasnoface.com.br\/index.php\/wp-json\/wp\/v2\/types\/post"}],"author":[{"embeddable":true,"href":"https:\/\/noticiasnoface.com.br\/index.php\/wp-json\/wp\/v2\/users\/1"}],"replies":[{"embeddable":true,"href":"https:\/\/noticiasnoface.com.br\/index.php\/wp-json\/wp\/v2\/comments?post=23157"}],"version-history":[{"count":1,"href":"https:\/\/noticiasnoface.com.br\/index.php\/wp-json\/wp\/v2\/posts\/23157\/revisions"}],"predecessor-version":[{"id":23158,"href":"https:\/\/noticiasnoface.com.br\/index.php\/wp-json\/wp\/v2\/posts\/23157\/revisions\/23158"}],"wp:attachment":[{"href":"https:\/\/noticiasnoface.com.br\/index.php\/wp-json\/wp\/v2\/media?parent=23157"}],"wp:term":[{"taxonomy":"category","embeddable":true,"href":"https:\/\/noticiasnoface.com.br\/index.php\/wp-json\/wp\/v2\/categories?post=23157"},{"taxonomy":"post_tag","embeddable":true,"href":"https:\/\/noticiasnoface.com.br\/index.php\/wp-json\/wp\/v2\/tags?post=23157"}],"curies":[{"name":"wp","href":"https:\/\/api.w.org\/{rel}","templated":true}]}}