{"id":23159,"date":"2024-04-03T20:31:38","date_gmt":"2024-04-03T23:31:38","guid":{"rendered":"https:\/\/noticiasnoface.com.br\/?p=23159"},"modified":"2024-04-03T20:33:31","modified_gmt":"2024-04-03T23:33:31","slug":"homem-demora-a-devolver-carragador-e-e-esfaqueado","status":"publish","type":"post","link":"https:\/\/noticiasnoface.com.br\/index.php\/2024\/04\/03\/homem-demora-a-devolver-carragador-e-e-esfaqueado\/","title":{"rendered":"Homem demora a devolver carregador e \u00e9 esfaqueado"},"content":{"rendered":"\n<figure class=\"wp-block-image size-full\"><img data-opt-id=1452577783  fetchpriority=\"high\" decoding=\"async\" width=\"750\" height=\"375\" src=\"https:\/\/mlbfrsat7ahr.i.optimole.com\/w:auto\/h:auto\/q:mauto\/ig:avif\/https:\/\/noticiasnoface.com.br\/wp-content\/uploads\/2024\/04\/IMG_2582-1.webp\" alt=\"\" class=\"wp-image-23161\" srcset=\"https:\/\/mlbfrsat7ahr.i.optimole.com\/w:750\/h:375\/q:mauto\/ig:avif\/https:\/\/noticiasnoface.com.br\/wp-content\/uploads\/2024\/04\/IMG_2582-1.webp 750w, https:\/\/mlbfrsat7ahr.i.optimole.com\/w:300\/h:150\/q:mauto\/ig:avif\/https:\/\/noticiasnoface.com.br\/wp-content\/uploads\/2024\/04\/IMG_2582-1.webp 300w\" sizes=\"(max-width: 750px) 100vw, 750px\" \/><\/figure>\n\n\n\n<p>Homem pediu um carregador emprestado ao amigo, demorou para devolver e terminou esfaqueado<\/p>\n\n\n\n<!--more-->\n\n\n\n<h2 class=\"wp-block-heading\">Usu\u00e1rio de drogas <\/h2>\n\n\n\n<p>Autor, que \u00e9 usu\u00e1rio de drogas, confessou o crime e alegou leg\u00edtima defesa; O homem que foi esfaqueado foi levado para o bloco cir\u00fargico do Hospital Municipal de Contagem (MG)<\/p>\n\n\n\n<h2 class=\"wp-block-heading\">Entenda o caso<\/h2>\n\n\n<a class=\"wp-block-read-more\" href=\"https:\/\/noticiasnoface.com.br\/index.php\/2024\/04\/03\/homem-demora-a-devolver-carragador-e-e-esfaqueado\/\" target=\"_self\">https:\/\/pt.m.wikipedia.org\/wiki\/Belo_Horizonte<span class=\"screen-reader-text\">: Homem demora a devolver carregador e \u00e9 esfaqueado<\/span><\/a>\n\n\n<p>Segundo o portal Itatiaia, um homem de 43 anos foi esfaqueado pelo vizinho, de 33 anos, na tarde desta quarta-feira (3) em Contagem, na regi\u00e3o metropolitana de Belo Horizonte. A demora para a v\u00edtima devolver um carregador de celular emprestado pelo autor teria motivado o crime. O autor foi preso em flagrante e confessou o crime.<\/p>\n\n\n\n<p>Ao chegarem no bairro Industrial, os policiais encontraram a v\u00edtima com um corte no t\u00f3rax e outro no pesco\u00e7o. O homem agredido foi encaminhado para uma unidade de sa\u00fade, enquanto os militares passaram a procurar o suspeito, que foi encontrado junto com o fac\u00e3o utilizado no crime.<\/p>\n\n\n\n<figure class=\"wp-block-image size-full\"><img data-opt-id=1762222121  fetchpriority=\"high\" decoding=\"async\" width=\"640\" height=\"480\" src=\"https:\/\/mlbfrsat7ahr.i.optimole.com\/w:auto\/h:auto\/q:mauto\/ig:avif\/https:\/\/noticiasnoface.com.br\/wp-content\/uploads\/2024\/04\/IMG_2583.jpeg\" alt=\"\" class=\"wp-image-23162\" srcset=\"https:\/\/mlbfrsat7ahr.i.optimole.com\/w:640\/h:480\/q:mauto\/ig:avif\/https:\/\/noticiasnoface.com.br\/wp-content\/uploads\/2024\/04\/IMG_2583.jpeg 640w, https:\/\/mlbfrsat7ahr.i.optimole.com\/w:300\/h:225\/q:mauto\/ig:avif\/https:\/\/noticiasnoface.com.br\/wp-content\/uploads\/2024\/04\/IMG_2583.jpeg 300w\" sizes=\"(max-width: 640px) 100vw, 640px\" \/><\/figure>\n\n\n\n<p>O autor teria emprestado o carregador de celular para a v\u00edtima h\u00e1 alguns dias. Com a demora para a devolu\u00e7\u00e3o, ele teria decidido comprar um outro carregador e cobrar o valor do vizinho que n\u00e3o tinha devolvido o aparelho. Os dois se desentenderam e, em determinado momento, o autor pegou o fac\u00e3o e deu dois golpes na v\u00edtima.<\/p>\n\n\n\n<p>Autor e homem esfaqueado seriam usu\u00e1rios de drogas e, na casa do suspeito, foram encontrados pinos vazios de coca\u00edna. Aos militares, o suspeito alegou leg\u00edtima defesa e relatou que o vizinho tamb\u00e9m estava armada com uma faca. Por\u00e9m, segundo o pr\u00f3prio autor, ele mesmo iniciou as agress\u00f5es. H\u00e1 a possibilidade de que o autor tenha exigido o valor para gast\u00e1-lo com drogas.<\/p>\n","protected":false},"excerpt":{"rendered":"<p>Homem pediu um carregador emprestado ao amigo, demorou para devolver e terminou esfaqueado<\/p>\n","protected":false},"author":1,"featured_media":0,"comment_status":"open","ping_status":"open","sticky":false,"template":"","format":"image","meta":{"site-sidebar-layout":"default","site-content-layout":"","ast-site-content-layout":"default","site-content-style":"default","site-sidebar-style":"default","ast-global-header-display":"","ast-banner-title-visibility":"","ast-main-header-display":"","ast-hfb-above-header-display":"","ast-hfb-below-header-display":"","ast-hfb-mobile-header-display":"","site-post-title":"","ast-breadcrumbs-content":"","ast-featured-img":"","footer-sml-layout":"","ast-disable-related-posts":"","theme-transparent-header-meta":"","adv-header-id-meta":"","stick-header-meta":"","header-above-stick-meta":"","header-main-stick-meta":"","header-below-stick-meta":"","astra-migrate-meta-layouts":"default","ast-page-background-enabled":"default","ast-page-background-meta":{"desktop":{"background-color":"var(--ast-global-color-4)","background-image":"","background-repeat":"repeat","background-position":"center center","background-size":"auto","background-attachment":"scroll","background-type":"","background-media":"","overlay-type":"","overlay-color":"","overlay-opacity":"","overlay-gradient":""},"tablet":{"background-color":"","background-image":"","background-repeat":"repeat","background-position":"center center","background-size":"auto","background-attachment":"scroll","background-type":"","background-media":"","overlay-type":"","overlay-color":"","overlay-opacity":"","overlay-gradient":""},"mobile":{"background-color":"","background-image":"","background-repeat":"repeat","background-position":"center center","background-size":"auto","background-attachment":"scroll","background-type":"","background-media":"","overlay-type":"","overlay-color":"","overlay-opacity":"","overlay-gradient":""}},"ast-content-background-meta":{"desktop":{"background-color":"var(--ast-global-color-5)","background-image":"","background-repeat":"repeat","background-position":"center center","background-size":"auto","background-attachment":"scroll","background-type":"","background-media":"","overlay-type":"","overlay-color":"","overlay-opacity":"","overlay-gradient":""},"tablet":{"background-color":"var(--ast-global-color-5)","background-image":"","background-repeat":"repeat","background-position":"center center","background-size":"auto","background-attachment":"scroll","background-type":"","background-media":"","overlay-type":"","overlay-color":"","overlay-opacity":"","overlay-gradient":""},"mobile":{"background-color":"var(--ast-global-color-5)","background-image":"","background-repeat":"repeat","background-position":"center center","background-size":"auto","background-attachment":"scroll","background-type":"","background-media":"","overlay-type":"","overlay-color":"","overlay-opacity":"","overlay-gradient":""}},"footnotes":""},"categories":[517],"tags":[3702,615],"class_list":["post-23159","post","type-post","status-publish","format-image","hentry","category-aconteceu","tag-carregador-de-celukar","tag-esfaqueado","post_format-post-format-image"],"_links":{"self":[{"href":"https:\/\/noticiasnoface.com.br\/index.php\/wp-json\/wp\/v2\/posts\/23159","targetHints":{"allow":["GET"]}}],"collection":[{"href":"https:\/\/noticiasnoface.com.br\/index.php\/wp-json\/wp\/v2\/posts"}],"about":[{"href":"https:\/\/noticiasnoface.com.br\/index.php\/wp-json\/wp\/v2\/types\/post"}],"author":[{"embeddable":true,"href":"https:\/\/noticiasnoface.com.br\/index.php\/wp-json\/wp\/v2\/users\/1"}],"replies":[{"embeddable":true,"href":"https:\/\/noticiasnoface.com.br\/index.php\/wp-json\/wp\/v2\/comments?post=23159"}],"version-history":[{"count":3,"href":"https:\/\/noticiasnoface.com.br\/index.php\/wp-json\/wp\/v2\/posts\/23159\/revisions"}],"predecessor-version":[{"id":23165,"href":"https:\/\/noticiasnoface.com.br\/index.php\/wp-json\/wp\/v2\/posts\/23159\/revisions\/23165"}],"wp:attachment":[{"href":"https:\/\/noticiasnoface.com.br\/index.php\/wp-json\/wp\/v2\/media?parent=23159"}],"wp:term":[{"taxonomy":"category","embeddable":true,"href":"https:\/\/noticiasnoface.com.br\/index.php\/wp-json\/wp\/v2\/categories?post=23159"},{"taxonomy":"post_tag","embeddable":true,"href":"https:\/\/noticiasnoface.com.br\/index.php\/wp-json\/wp\/v2\/tags?post=23159"}],"curies":[{"name":"wp","href":"https:\/\/api.w.org\/{rel}","templated":true}]}}