{"id":23166,"date":"2024-04-03T21:03:38","date_gmt":"2024-04-04T00:03:38","guid":{"rendered":"https:\/\/noticiasnoface.com.br\/?p=23166"},"modified":"2024-04-03T21:03:40","modified_gmt":"2024-04-04T00:03:40","slug":"escandalo-do-filho-de-lula-abre-debate-sobre-violencia-domestica","status":"publish","type":"post","link":"https:\/\/noticiasnoface.com.br\/index.php\/2024\/04\/03\/escandalo-do-filho-de-lula-abre-debate-sobre-violencia-domestica\/","title":{"rendered":"Esc\u00e2ndalo do filho de Lula abre debate sobre viol\u00eancia dom\u00e9stica"},"content":{"rendered":"\n<figure class=\"wp-block-image size-full\"><img data-opt-id=1908586051  fetchpriority=\"high\" decoding=\"async\" width=\"924\" height=\"558\" src=\"https:\/\/mlbfrsat7ahr.i.optimole.com\/w:auto\/h:auto\/q:mauto\/ig:avif\/https:\/\/noticiasnoface.com.br\/wp-content\/uploads\/2024\/04\/IMG_2591.jpeg\" alt=\"\" class=\"wp-image-23167\" srcset=\"https:\/\/mlbfrsat7ahr.i.optimole.com\/w:924\/h:558\/q:mauto\/ig:avif\/https:\/\/noticiasnoface.com.br\/wp-content\/uploads\/2024\/04\/IMG_2591.jpeg 924w, https:\/\/mlbfrsat7ahr.i.optimole.com\/w:300\/h:181\/q:mauto\/ig:avif\/https:\/\/noticiasnoface.com.br\/wp-content\/uploads\/2024\/04\/IMG_2591.jpeg 300w, https:\/\/mlbfrsat7ahr.i.optimole.com\/w:768\/h:464\/q:mauto\/ig:avif\/https:\/\/noticiasnoface.com.br\/wp-content\/uploads\/2024\/04\/IMG_2591.jpeg 768w\" sizes=\"(max-width: 924px) 100vw, 924px\" \/><\/figure>\n\n\n\n<p>As den\u00fancias de viol\u00eancia dom\u00e9stica caiu como uma bomba no Brasil<\/p>\n\n\n\n<!--more-->\n\n\n\n<h2 class=\"wp-block-heading\">Viol\u00eancia Dom\u00e9stica <\/h2>\n\n\n\n<p>A viol\u00eancia dom\u00e9stica \u00e9 uma realidade complexa e devastadora que afeta milh\u00f5es de pessoas em todo o mundo, independentemente de idade, sexo, ra\u00e7a ou classe social. No entanto, muitas vezes permanece nas sombras, silenciada pelo medo, vergonha e estigma. Este artigo examinar\u00e1 as causas, impactos e solu\u00e7\u00f5es para esse problema end\u00eamico, destacando a import\u00e2ncia da conscientiza\u00e7\u00e3o, preven\u00e7\u00e3o e apoio \u00e0s v\u00edtimas.<\/p>\n\n\n\n<h2 class=\"wp-block-heading\">Causas da viol\u00eancia dom\u00e9stica <\/h2>\n\n\n\n<p>A viol\u00eancia dom\u00e9stica pode ser atribu\u00edda a uma interse\u00e7\u00e3o de fatores, incluindo desigualdade de g\u00eanero, desemprego, abuso de subst\u00e2ncias, problemas de sa\u00fade mental e padr\u00f5es de comportamento aprendidos. A din\u00e2mica de poder desempenha um papel crucial, onde um parceiro busca controlar e dominar o outro atrav\u00e9s de abuso f\u00edsico, emocional, sexual ou financeiro.<\/p>\n\n\n\n<figure class=\"wp-block-image size-full\"><img data-opt-id=2094946039  fetchpriority=\"high\" decoding=\"async\" width=\"330\" height=\"220\" src=\"https:\/\/mlbfrsat7ahr.i.optimole.com\/w:auto\/h:auto\/q:mauto\/ig:avif\/https:\/\/noticiasnoface.com.br\/wp-content\/uploads\/2024\/04\/IMG_2592.jpeg\" alt=\"\" class=\"wp-image-23168\" srcset=\"https:\/\/mlbfrsat7ahr.i.optimole.com\/w:330\/h:220\/q:mauto\/ig:avif\/https:\/\/noticiasnoface.com.br\/wp-content\/uploads\/2024\/04\/IMG_2592.jpeg 330w, https:\/\/mlbfrsat7ahr.i.optimole.com\/w:300\/h:200\/q:mauto\/ig:avif\/https:\/\/noticiasnoface.com.br\/wp-content\/uploads\/2024\/04\/IMG_2592.jpeg 300w\" sizes=\"(max-width: 330px) 100vw, 330px\" \/><\/figure>\n\n\n\n<p>A ex-mulher de Lu\u00eds Cl\u00e1udio Lula da Silva, Nat\u00e1lia Schincariol, publicou uma nota em suas redes sociais falando das agress\u00f5es sofridas. O texto, elaborado por sua defesa, aponta que medidas foram tomadas contra o filho do presidente Luiz Lula da Silva.\u00a0<br><\/p>\n\n\n\n<h2 class=\"wp-block-heading\">O impacto na v\u00edtima <\/h2>\n\n\n\n<p><br>As consequ\u00eancias da viol\u00eancia dom\u00e9stica v\u00e3o al\u00e9m das les\u00f5es f\u00edsicas imediatas, deixando cicatrizes emocionais e psicol\u00f3gicas duradouras. As v\u00edtimas muitas vezes experimentam baixa autoestima, ansiedade, depress\u00e3o e at\u00e9 mesmo transtorno de estresse p\u00f3s-traum\u00e1tico (TEPT). Al\u00e9m disso, a viol\u00eancia dom\u00e9stica afeta n\u00e3o apenas o indiv\u00edduo, mas tamb\u00e9m as crian\u00e7as que testemunham ou s\u00e3o v\u00edtimas indiretas, perpetuando um ciclo de abuso.<\/p>\n","protected":false},"excerpt":{"rendered":"<p>As den\u00fancias de viol\u00eancia dom\u00e9stica caiu como uma bomba no Brasil<\/p>\n","protected":false},"author":1,"featured_media":0,"comment_status":"open","ping_status":"open","sticky":false,"template":"","format":"image","meta":{"site-sidebar-layout":"default","site-content-layout":"","ast-site-content-layout":"default","site-content-style":"default","site-sidebar-style":"default","ast-global-header-display":"","ast-banner-title-visibility":"","ast-main-header-display":"","ast-hfb-above-header-display":"","ast-hfb-below-header-display":"","ast-hfb-mobile-header-display":"","site-post-title":"","ast-breadcrumbs-content":"","ast-featured-img":"","footer-sml-layout":"","ast-disable-related-posts":"","theme-transparent-header-meta":"","adv-header-id-meta":"","stick-header-meta":"","header-above-stick-meta":"","header-main-stick-meta":"","header-below-stick-meta":"","astra-migrate-meta-layouts":"default","ast-page-background-enabled":"default","ast-page-background-meta":{"desktop":{"background-color":"var(--ast-global-color-4)","background-image":"","background-repeat":"repeat","background-position":"center center","background-size":"auto","background-attachment":"scroll","background-type":"","background-media":"","overlay-type":"","overlay-color":"","overlay-opacity":"","overlay-gradient":""},"tablet":{"background-color":"","background-image":"","background-repeat":"repeat","background-position":"center center","background-size":"auto","background-attachment":"scroll","background-type":"","background-media":"","overlay-type":"","overlay-color":"","overlay-opacity":"","overlay-gradient":""},"mobile":{"background-color":"","background-image":"","background-repeat":"repeat","background-position":"center center","background-size":"auto","background-attachment":"scroll","background-type":"","background-media":"","overlay-type":"","overlay-color":"","overlay-opacity":"","overlay-gradient":""}},"ast-content-background-meta":{"desktop":{"background-color":"var(--ast-global-color-5)","background-image":"","background-repeat":"repeat","background-position":"center center","background-size":"auto","background-attachment":"scroll","background-type":"","background-media":"","overlay-type":"","overlay-color":"","overlay-opacity":"","overlay-gradient":""},"tablet":{"background-color":"var(--ast-global-color-5)","background-image":"","background-repeat":"repeat","background-position":"center center","background-size":"auto","background-attachment":"scroll","background-type":"","background-media":"","overlay-type":"","overlay-color":"","overlay-opacity":"","overlay-gradient":""},"mobile":{"background-color":"var(--ast-global-color-5)","background-image":"","background-repeat":"repeat","background-position":"center center","background-size":"auto","background-attachment":"scroll","background-type":"","background-media":"","overlay-type":"","overlay-color":"","overlay-opacity":"","overlay-gradient":""}},"footnotes":""},"categories":[517],"tags":[],"class_list":["post-23166","post","type-post","status-publish","format-image","hentry","category-aconteceu","post_format-post-format-image"],"_links":{"self":[{"href":"https:\/\/noticiasnoface.com.br\/index.php\/wp-json\/wp\/v2\/posts\/23166","targetHints":{"allow":["GET"]}}],"collection":[{"href":"https:\/\/noticiasnoface.com.br\/index.php\/wp-json\/wp\/v2\/posts"}],"about":[{"href":"https:\/\/noticiasnoface.com.br\/index.php\/wp-json\/wp\/v2\/types\/post"}],"author":[{"embeddable":true,"href":"https:\/\/noticiasnoface.com.br\/index.php\/wp-json\/wp\/v2\/users\/1"}],"replies":[{"embeddable":true,"href":"https:\/\/noticiasnoface.com.br\/index.php\/wp-json\/wp\/v2\/comments?post=23166"}],"version-history":[{"count":1,"href":"https:\/\/noticiasnoface.com.br\/index.php\/wp-json\/wp\/v2\/posts\/23166\/revisions"}],"predecessor-version":[{"id":23169,"href":"https:\/\/noticiasnoface.com.br\/index.php\/wp-json\/wp\/v2\/posts\/23166\/revisions\/23169"}],"wp:attachment":[{"href":"https:\/\/noticiasnoface.com.br\/index.php\/wp-json\/wp\/v2\/media?parent=23166"}],"wp:term":[{"taxonomy":"category","embeddable":true,"href":"https:\/\/noticiasnoface.com.br\/index.php\/wp-json\/wp\/v2\/categories?post=23166"},{"taxonomy":"post_tag","embeddable":true,"href":"https:\/\/noticiasnoface.com.br\/index.php\/wp-json\/wp\/v2\/tags?post=23166"}],"curies":[{"name":"wp","href":"https:\/\/api.w.org\/{rel}","templated":true}]}}