{"id":23217,"date":"2024-04-05T11:44:35","date_gmt":"2024-04-05T14:44:35","guid":{"rendered":"https:\/\/noticiasnoface.com.br\/?p=23217"},"modified":"2024-04-05T11:44:37","modified_gmt":"2024-04-05T14:44:37","slug":"popularidade-de-lula-despenca-no-nordeste","status":"publish","type":"post","link":"https:\/\/noticiasnoface.com.br\/index.php\/2024\/04\/05\/popularidade-de-lula-despenca-no-nordeste\/","title":{"rendered":"Popularidade de Lula despenca no Nordeste"},"content":{"rendered":"\n<figure class=\"wp-block-image size-full\"><img data-opt-id=2039758756  fetchpriority=\"high\" decoding=\"async\" width=\"720\" height=\"440\" src=\"https:\/\/mlbfrsat7ahr.i.optimole.com\/w:auto\/h:auto\/q:mauto\/ig:avif\/https:\/\/noticiasnoface.com.br\/wp-content\/uploads\/2024\/04\/IMG_2701.webp\" alt=\"\" class=\"wp-image-23218\" srcset=\"https:\/\/mlbfrsat7ahr.i.optimole.com\/w:720\/h:440\/q:mauto\/ig:avif\/https:\/\/noticiasnoface.com.br\/wp-content\/uploads\/2024\/04\/IMG_2701.webp 720w, https:\/\/mlbfrsat7ahr.i.optimole.com\/w:300\/h:183\/q:mauto\/ig:avif\/https:\/\/noticiasnoface.com.br\/wp-content\/uploads\/2024\/04\/IMG_2701.webp 300w\" sizes=\"(max-width: 720px) 100vw, 720px\" \/><\/figure>\n\n\n\n<p>Pesquisas recentes de tr\u00eas institutos mostram que a aprova\u00e7\u00e3o ao terceiro mandato do petista recuou acima de dez pontos na regi\u00e3o <\/p>\n\n\n\n<!--more-->\n\n\n\n<p>Na \u00faltima quinta-feira, 4, o pernambucano Luiz In\u00e1cio Lula da Silva inaugurou uma obra simb\u00f3lica em Arcoverde, cidade no sert\u00e3o do seu estado natal. <br><\/p>\n\n\n\n<figure class=\"wp-block-image size-large\"><img data-opt-id=2103789656  fetchpriority=\"high\" decoding=\"async\" width=\"304\" height=\"1024\" src=\"https:\/\/mlbfrsat7ahr.i.optimole.com\/w:304\/h:1024\/q:mauto\/ig:avif\/https:\/\/noticiasnoface.com.br\/wp-content\/uploads\/2024\/04\/IMG_2702.jpeg\" alt=\"\" class=\"wp-image-23219\" srcset=\"https:\/\/mlbfrsat7ahr.i.optimole.com\/w:304\/h:1024\/q:mauto\/ig:avif\/https:\/\/noticiasnoface.com.br\/wp-content\/uploads\/2024\/04\/IMG_2702.jpeg 304w, https:\/\/mlbfrsat7ahr.i.optimole.com\/w:89\/h:300\/q:mauto\/ig:avif\/https:\/\/noticiasnoface.com.br\/wp-content\/uploads\/2024\/04\/IMG_2702.jpeg 89w, https:\/\/mlbfrsat7ahr.i.optimole.com\/w:320\/h:1080\/q:mauto\/ig:avif\/https:\/\/noticiasnoface.com.br\/wp-content\/uploads\/2024\/04\/IMG_2702.jpeg 400w\" sizes=\"(max-width: 304px) 100vw, 304px\" \/><\/figure>\n\n\n\n<p>Embora Lula ainda tenha a aprova\u00e7\u00e3o da maioria do eleitorado da regi\u00e3o, a oscila\u00e7\u00e3o negativa n\u00e3o deixa de ser preocupante, ainda mais a menos de seis meses de uma elei\u00e7\u00e3o municipal.<\/p>\n","protected":false},"excerpt":{"rendered":"<p>Pesquisas recentes de tr\u00eas institutos mostram que a aprova\u00e7\u00e3o ao terceiro mandato do petista recuou acima de dez pontos na [&hellip;]<\/p>\n","protected":false},"author":1,"featured_media":0,"comment_status":"open","ping_status":"open","sticky":false,"template":"","format":"image","meta":{"site-sidebar-layout":"default","site-content-layout":"","ast-site-content-layout":"default","site-content-style":"default","site-sidebar-style":"default","ast-global-header-display":"","ast-banner-title-visibility":"","ast-main-header-display":"","ast-hfb-above-header-display":"","ast-hfb-below-header-display":"","ast-hfb-mobile-header-display":"","site-post-title":"","ast-breadcrumbs-content":"","ast-featured-img":"","footer-sml-layout":"","ast-disable-related-posts":"","theme-transparent-header-meta":"","adv-header-id-meta":"","stick-header-meta":"","header-above-stick-meta":"","header-main-stick-meta":"","header-below-stick-meta":"","astra-migrate-meta-layouts":"default","ast-page-background-enabled":"default","ast-page-background-meta":{"desktop":{"background-color":"var(--ast-global-color-4)","background-image":"","background-repeat":"repeat","background-position":"center center","background-size":"auto","background-attachment":"scroll","background-type":"","background-media":"","overlay-type":"","overlay-color":"","overlay-opacity":"","overlay-gradient":""},"tablet":{"background-color":"","background-image":"","background-repeat":"repeat","background-position":"center center","background-size":"auto","background-attachment":"scroll","background-type":"","background-media":"","overlay-type":"","overlay-color":"","overlay-opacity":"","overlay-gradient":""},"mobile":{"background-color":"","background-image":"","background-repeat":"repeat","background-position":"center center","background-size":"auto","background-attachment":"scroll","background-type":"","background-media":"","overlay-type":"","overlay-color":"","overlay-opacity":"","overlay-gradient":""}},"ast-content-background-meta":{"desktop":{"background-color":"var(--ast-global-color-5)","background-image":"","background-repeat":"repeat","background-position":"center center","background-size":"auto","background-attachment":"scroll","background-type":"","background-media":"","overlay-type":"","overlay-color":"","overlay-opacity":"","overlay-gradient":""},"tablet":{"background-color":"var(--ast-global-color-5)","background-image":"","background-repeat":"repeat","background-position":"center center","background-size":"auto","background-attachment":"scroll","background-type":"","background-media":"","overlay-type":"","overlay-color":"","overlay-opacity":"","overlay-gradient":""},"mobile":{"background-color":"var(--ast-global-color-5)","background-image":"","background-repeat":"repeat","background-position":"center center","background-size":"auto","background-attachment":"scroll","background-type":"","background-media":"","overlay-type":"","overlay-color":"","overlay-opacity":"","overlay-gradient":""}},"footnotes":""},"categories":[517],"tags":[22,528,2058],"class_list":["post-23217","post","type-post","status-publish","format-image","hentry","category-aconteceu","tag-noticias-no-face","tag-pesquisa","tag-presidente-lula","post_format-post-format-image"],"_links":{"self":[{"href":"https:\/\/noticiasnoface.com.br\/index.php\/wp-json\/wp\/v2\/posts\/23217","targetHints":{"allow":["GET"]}}],"collection":[{"href":"https:\/\/noticiasnoface.com.br\/index.php\/wp-json\/wp\/v2\/posts"}],"about":[{"href":"https:\/\/noticiasnoface.com.br\/index.php\/wp-json\/wp\/v2\/types\/post"}],"author":[{"embeddable":true,"href":"https:\/\/noticiasnoface.com.br\/index.php\/wp-json\/wp\/v2\/users\/1"}],"replies":[{"embeddable":true,"href":"https:\/\/noticiasnoface.com.br\/index.php\/wp-json\/wp\/v2\/comments?post=23217"}],"version-history":[{"count":1,"href":"https:\/\/noticiasnoface.com.br\/index.php\/wp-json\/wp\/v2\/posts\/23217\/revisions"}],"predecessor-version":[{"id":23220,"href":"https:\/\/noticiasnoface.com.br\/index.php\/wp-json\/wp\/v2\/posts\/23217\/revisions\/23220"}],"wp:attachment":[{"href":"https:\/\/noticiasnoface.com.br\/index.php\/wp-json\/wp\/v2\/media?parent=23217"}],"wp:term":[{"taxonomy":"category","embeddable":true,"href":"https:\/\/noticiasnoface.com.br\/index.php\/wp-json\/wp\/v2\/categories?post=23217"},{"taxonomy":"post_tag","embeddable":true,"href":"https:\/\/noticiasnoface.com.br\/index.php\/wp-json\/wp\/v2\/tags?post=23217"}],"curies":[{"name":"wp","href":"https:\/\/api.w.org\/{rel}","templated":true}]}}