{"id":23221,"date":"2024-04-05T15:43:34","date_gmt":"2024-04-05T18:43:34","guid":{"rendered":"https:\/\/noticiasnoface.com.br\/?p=23221"},"modified":"2024-04-05T15:43:37","modified_gmt":"2024-04-05T18:43:37","slug":"ex-nora-de-lula-presta-novo-depoimento-sobre-agressoes-a-policia-de-sp","status":"publish","type":"post","link":"https:\/\/noticiasnoface.com.br\/index.php\/2024\/04\/05\/ex-nora-de-lula-presta-novo-depoimento-sobre-agressoes-a-policia-de-sp\/","title":{"rendered":"Ex-nora de Lula presta novo depoimento sobre agress\u00f5es \u00e0 pol\u00edcia de SP"},"content":{"rendered":"\n<figure class=\"wp-block-image size-full\"><img data-opt-id=1678514932  fetchpriority=\"high\" decoding=\"async\" width=\"632\" height=\"485\" src=\"https:\/\/mlbfrsat7ahr.i.optimole.com\/w:auto\/h:auto\/q:mauto\/ig:avif\/https:\/\/noticiasnoface.com.br\/wp-content\/uploads\/2024\/04\/IMG_2519-1.jpeg\" alt=\"\" class=\"wp-image-23117\" srcset=\"https:\/\/mlbfrsat7ahr.i.optimole.com\/w:632\/h:485\/q:mauto\/ig:avif\/https:\/\/noticiasnoface.com.br\/wp-content\/uploads\/2024\/04\/IMG_2519-1.jpeg 632w, https:\/\/mlbfrsat7ahr.i.optimole.com\/w:300\/h:230\/q:mauto\/ig:avif\/https:\/\/noticiasnoface.com.br\/wp-content\/uploads\/2024\/04\/IMG_2519-1.jpeg 300w\" sizes=\"(max-width: 632px) 100vw, 632px\" \/><\/figure>\n\n\n\n<p>A den\u00fancia da agress\u00e3o e viol\u00eancia dom\u00e9stica envolvendo o filho de Lula ganha<\/p>\n\n\n\n<p> mais um cap\u00edtulo <\/p>\n\n\n\n<!--more-->\n\n\n\n<h2 class=\"wp-block-heading\">Caiu como uma bomba no governo <\/h2>\n\n\n\n<figure class=\"wp-block-image size-full\"><img data-opt-id=1908586051  fetchpriority=\"high\" decoding=\"async\" width=\"924\" height=\"558\" src=\"https:\/\/mlbfrsat7ahr.i.optimole.com\/w:auto\/h:auto\/q:mauto\/ig:avif\/https:\/\/noticiasnoface.com.br\/wp-content\/uploads\/2024\/04\/IMG_2591.jpeg\" alt=\"\" class=\"wp-image-23167\" srcset=\"https:\/\/mlbfrsat7ahr.i.optimole.com\/w:924\/h:558\/q:mauto\/ig:avif\/https:\/\/noticiasnoface.com.br\/wp-content\/uploads\/2024\/04\/IMG_2591.jpeg 924w, https:\/\/mlbfrsat7ahr.i.optimole.com\/w:300\/h:181\/q:mauto\/ig:avif\/https:\/\/noticiasnoface.com.br\/wp-content\/uploads\/2024\/04\/IMG_2591.jpeg 300w, https:\/\/mlbfrsat7ahr.i.optimole.com\/w:768\/h:464\/q:mauto\/ig:avif\/https:\/\/noticiasnoface.com.br\/wp-content\/uploads\/2024\/04\/IMG_2591.jpeg 768w\" sizes=\"(max-width: 924px) 100vw, 924px\" \/><\/figure>\n\n\n\n<p>A psiquiatra Nat\u00e1lia Schincariol, de 29 anos, presta novo depoimento \u00e0 Pol\u00edcia Civil de S\u00e3o Paulo nesta sexta-feira (5\/4) sobre as supostas agress\u00f5es f\u00edsica e psicol\u00f3gicas que afirma ter sofrido de Lu\u00eds Claudio Lula da Silva, 39, filho ca\u00e7ula do presidente Luiz In\u00e1cio Lula da Silva (PT). Ele nega.<\/p>\n\n\n\n<p>O relato ser\u00e1 colhido em uma Delegacia de Defesa da Mulher na capital paulista. Por ordem da ju\u00edza Joanna Palmieri Abdallah, do Foro da Casa da Mulher Brasileira, Lu\u00eds Claudio est\u00e1 proibido de manter contato e de se aproximar a menos de 200 metros de dist\u00e2ncia de Nat\u00e1lia.<\/p>\n","protected":false},"excerpt":{"rendered":"<p>A den\u00fancia da agress\u00e3o e viol\u00eancia dom\u00e9stica envolvendo o filho de Lula ganha mais um cap\u00edtulo<\/p>\n","protected":false},"author":1,"featured_media":0,"comment_status":"open","ping_status":"open","sticky":false,"template":"","format":"image","meta":{"site-sidebar-layout":"default","site-content-layout":"","ast-site-content-layout":"default","site-content-style":"default","site-sidebar-style":"default","ast-global-header-display":"","ast-banner-title-visibility":"","ast-main-header-display":"","ast-hfb-above-header-display":"","ast-hfb-below-header-display":"","ast-hfb-mobile-header-display":"","site-post-title":"","ast-breadcrumbs-content":"","ast-featured-img":"","footer-sml-layout":"","ast-disable-related-posts":"","theme-transparent-header-meta":"","adv-header-id-meta":"","stick-header-meta":"","header-above-stick-meta":"","header-main-stick-meta":"","header-below-stick-meta":"","astra-migrate-meta-layouts":"default","ast-page-background-enabled":"default","ast-page-background-meta":{"desktop":{"background-color":"var(--ast-global-color-4)","background-image":"","background-repeat":"repeat","background-position":"center center","background-size":"auto","background-attachment":"scroll","background-type":"","background-media":"","overlay-type":"","overlay-color":"","overlay-opacity":"","overlay-gradient":""},"tablet":{"background-color":"","background-image":"","background-repeat":"repeat","background-position":"center center","background-size":"auto","background-attachment":"scroll","background-type":"","background-media":"","overlay-type":"","overlay-color":"","overlay-opacity":"","overlay-gradient":""},"mobile":{"background-color":"","background-image":"","background-repeat":"repeat","background-position":"center center","background-size":"auto","background-attachment":"scroll","background-type":"","background-media":"","overlay-type":"","overlay-color":"","overlay-opacity":"","overlay-gradient":""}},"ast-content-background-meta":{"desktop":{"background-color":"var(--ast-global-color-5)","background-image":"","background-repeat":"repeat","background-position":"center center","background-size":"auto","background-attachment":"scroll","background-type":"","background-media":"","overlay-type":"","overlay-color":"","overlay-opacity":"","overlay-gradient":""},"tablet":{"background-color":"var(--ast-global-color-5)","background-image":"","background-repeat":"repeat","background-position":"center center","background-size":"auto","background-attachment":"scroll","background-type":"","background-media":"","overlay-type":"","overlay-color":"","overlay-opacity":"","overlay-gradient":""},"mobile":{"background-color":"var(--ast-global-color-5)","background-image":"","background-repeat":"repeat","background-position":"center center","background-size":"auto","background-attachment":"scroll","background-type":"","background-media":"","overlay-type":"","overlay-color":"","overlay-opacity":"","overlay-gradient":""}},"footnotes":""},"categories":[517],"tags":[3692,22,2183],"class_list":["post-23221","post","type-post","status-publish","format-image","hentry","category-aconteceu","tag-filho-de-lula","tag-noticias-no-face","tag-violencia-domestica","post_format-post-format-image"],"_links":{"self":[{"href":"https:\/\/noticiasnoface.com.br\/index.php\/wp-json\/wp\/v2\/posts\/23221","targetHints":{"allow":["GET"]}}],"collection":[{"href":"https:\/\/noticiasnoface.com.br\/index.php\/wp-json\/wp\/v2\/posts"}],"about":[{"href":"https:\/\/noticiasnoface.com.br\/index.php\/wp-json\/wp\/v2\/types\/post"}],"author":[{"embeddable":true,"href":"https:\/\/noticiasnoface.com.br\/index.php\/wp-json\/wp\/v2\/users\/1"}],"replies":[{"embeddable":true,"href":"https:\/\/noticiasnoface.com.br\/index.php\/wp-json\/wp\/v2\/comments?post=23221"}],"version-history":[{"count":1,"href":"https:\/\/noticiasnoface.com.br\/index.php\/wp-json\/wp\/v2\/posts\/23221\/revisions"}],"predecessor-version":[{"id":23222,"href":"https:\/\/noticiasnoface.com.br\/index.php\/wp-json\/wp\/v2\/posts\/23221\/revisions\/23222"}],"wp:attachment":[{"href":"https:\/\/noticiasnoface.com.br\/index.php\/wp-json\/wp\/v2\/media?parent=23221"}],"wp:term":[{"taxonomy":"category","embeddable":true,"href":"https:\/\/noticiasnoface.com.br\/index.php\/wp-json\/wp\/v2\/categories?post=23221"},{"taxonomy":"post_tag","embeddable":true,"href":"https:\/\/noticiasnoface.com.br\/index.php\/wp-json\/wp\/v2\/tags?post=23221"}],"curies":[{"name":"wp","href":"https:\/\/api.w.org\/{rel}","templated":true}]}}