{"id":23228,"date":"2024-04-06T03:42:23","date_gmt":"2024-04-06T06:42:23","guid":{"rendered":"https:\/\/noticiasnoface.com.br\/?p=23228"},"modified":"2024-04-06T03:42:25","modified_gmt":"2024-04-06T06:42:25","slug":"homem-que-cortou-a-corda-de-funcionario-e-encontrado-morto","status":"publish","type":"post","link":"https:\/\/noticiasnoface.com.br\/index.php\/2024\/04\/06\/homem-que-cortou-a-corda-de-funcionario-e-encontrado-morto\/","title":{"rendered":"Homem que cortou a corda de funcion\u00e1rio \u00e9 encontrado morto"},"content":{"rendered":"\n<figure class=\"wp-block-image size-large\"><img data-opt-id=1660762013  fetchpriority=\"high\" decoding=\"async\" width=\"1024\" height=\"746\" src=\"https:\/\/mlbfrsat7ahr.i.optimole.com\/w:1024\/h:746\/q:mauto\/ig:avif\/https:\/\/noticiasnoface.com.br\/wp-content\/uploads\/2024\/04\/IMG_2755.jpeg\" alt=\"\" class=\"wp-image-23229\" srcset=\"https:\/\/mlbfrsat7ahr.i.optimole.com\/w:1024\/h:746\/q:mauto\/ig:avif\/https:\/\/noticiasnoface.com.br\/wp-content\/uploads\/2024\/04\/IMG_2755.jpeg 1024w, https:\/\/mlbfrsat7ahr.i.optimole.com\/w:300\/h:219\/q:mauto\/ig:avif\/https:\/\/noticiasnoface.com.br\/wp-content\/uploads\/2024\/04\/IMG_2755.jpeg 300w, https:\/\/mlbfrsat7ahr.i.optimole.com\/w:768\/h:560\/q:mauto\/ig:avif\/https:\/\/noticiasnoface.com.br\/wp-content\/uploads\/2024\/04\/IMG_2755.jpeg 768w, https:\/\/mlbfrsat7ahr.i.optimole.com\/w:1033\/h:753\/q:mauto\/ig:avif\/https:\/\/noticiasnoface.com.br\/wp-content\/uploads\/2024\/04\/IMG_2755.jpeg 1033w\" sizes=\"(max-width: 1000px) 100vw, 1000px\" \/><\/figure>\n\n\n\n<p>Raul Ferreira Pelegrin, homem preso por cortar a corda de funcion\u00e1rio morre na pris\u00e3o <\/p>\n\n\n\n<!--more-->\n\n\n\n<h2 class=\"wp-block-heading\">A morte <\/h2>\n\n\n\n<p>Ele estava detido desde o dia 14 de mar\u00e7o, quando foi preso em flagrante por tentativa de homic\u00eddio. Irritado com o trabalho de limpeza em seu pr\u00e9dio, Pelegrin, que morava no 27\u00b0 andar, resolveu cortar a corda que sustentava Mayk Gustavo Ribeiro da Silva, que s\u00f3 n\u00e3o despencou por causa de um dispositivo de seguran\u00e7a extra.<\/p>\n\n\n\n<h2 class=\"wp-block-heading\">O que diz a defesa <\/h2>\n\n\n\n<p>A defesa de Pelegrin emitiu uma nota confirmando a morte. Al\u00e9m disso, afirmou que seu cliente era dependente qu\u00edmico, que precisava ser transferido para uma cl\u00ednica particular para tratamento especializado.<\/p>\n","protected":false},"excerpt":{"rendered":"<p>Raul Ferreira Pelegrin, homem preso por cortar a corda de funcion\u00e1rio morre na pris\u00e3o<\/p>\n","protected":false},"author":1,"featured_media":0,"comment_status":"open","ping_status":"open","sticky":false,"template":"","format":"image","meta":{"site-sidebar-layout":"default","site-content-layout":"","ast-site-content-layout":"default","site-content-style":"default","site-sidebar-style":"default","ast-global-header-display":"","ast-banner-title-visibility":"","ast-main-header-display":"","ast-hfb-above-header-display":"","ast-hfb-below-header-display":"","ast-hfb-mobile-header-display":"","site-post-title":"","ast-breadcrumbs-content":"","ast-featured-img":"","footer-sml-layout":"","ast-disable-related-posts":"","theme-transparent-header-meta":"","adv-header-id-meta":"","stick-header-meta":"","header-above-stick-meta":"","header-main-stick-meta":"","header-below-stick-meta":"","astra-migrate-meta-layouts":"default","ast-page-background-enabled":"default","ast-page-background-meta":{"desktop":{"background-color":"var(--ast-global-color-4)","background-image":"","background-repeat":"repeat","background-position":"center center","background-size":"auto","background-attachment":"scroll","background-type":"","background-media":"","overlay-type":"","overlay-color":"","overlay-opacity":"","overlay-gradient":""},"tablet":{"background-color":"","background-image":"","background-repeat":"repeat","background-position":"center center","background-size":"auto","background-attachment":"scroll","background-type":"","background-media":"","overlay-type":"","overlay-color":"","overlay-opacity":"","overlay-gradient":""},"mobile":{"background-color":"","background-image":"","background-repeat":"repeat","background-position":"center center","background-size":"auto","background-attachment":"scroll","background-type":"","background-media":"","overlay-type":"","overlay-color":"","overlay-opacity":"","overlay-gradient":""}},"ast-content-background-meta":{"desktop":{"background-color":"var(--ast-global-color-5)","background-image":"","background-repeat":"repeat","background-position":"center center","background-size":"auto","background-attachment":"scroll","background-type":"","background-media":"","overlay-type":"","overlay-color":"","overlay-opacity":"","overlay-gradient":""},"tablet":{"background-color":"var(--ast-global-color-5)","background-image":"","background-repeat":"repeat","background-position":"center center","background-size":"auto","background-attachment":"scroll","background-type":"","background-media":"","overlay-type":"","overlay-color":"","overlay-opacity":"","overlay-gradient":""},"mobile":{"background-color":"var(--ast-global-color-5)","background-image":"","background-repeat":"repeat","background-position":"center center","background-size":"auto","background-attachment":"scroll","background-type":"","background-media":"","overlay-type":"","overlay-color":"","overlay-opacity":"","overlay-gradient":""}},"footnotes":""},"categories":[517],"tags":[3711,525],"class_list":["post-23228","post","type-post","status-publish","format-image","hentry","category-aconteceu","tag-corda","tag-preso","post_format-post-format-image"],"_links":{"self":[{"href":"https:\/\/noticiasnoface.com.br\/index.php\/wp-json\/wp\/v2\/posts\/23228","targetHints":{"allow":["GET"]}}],"collection":[{"href":"https:\/\/noticiasnoface.com.br\/index.php\/wp-json\/wp\/v2\/posts"}],"about":[{"href":"https:\/\/noticiasnoface.com.br\/index.php\/wp-json\/wp\/v2\/types\/post"}],"author":[{"embeddable":true,"href":"https:\/\/noticiasnoface.com.br\/index.php\/wp-json\/wp\/v2\/users\/1"}],"replies":[{"embeddable":true,"href":"https:\/\/noticiasnoface.com.br\/index.php\/wp-json\/wp\/v2\/comments?post=23228"}],"version-history":[{"count":1,"href":"https:\/\/noticiasnoface.com.br\/index.php\/wp-json\/wp\/v2\/posts\/23228\/revisions"}],"predecessor-version":[{"id":23230,"href":"https:\/\/noticiasnoface.com.br\/index.php\/wp-json\/wp\/v2\/posts\/23228\/revisions\/23230"}],"wp:attachment":[{"href":"https:\/\/noticiasnoface.com.br\/index.php\/wp-json\/wp\/v2\/media?parent=23228"}],"wp:term":[{"taxonomy":"category","embeddable":true,"href":"https:\/\/noticiasnoface.com.br\/index.php\/wp-json\/wp\/v2\/categories?post=23228"},{"taxonomy":"post_tag","embeddable":true,"href":"https:\/\/noticiasnoface.com.br\/index.php\/wp-json\/wp\/v2\/tags?post=23228"}],"curies":[{"name":"wp","href":"https:\/\/api.w.org\/{rel}","templated":true}]}}