{"id":23249,"date":"2024-04-07T13:38:18","date_gmt":"2024-04-07T16:38:18","guid":{"rendered":"https:\/\/noticiasnoface.com.br\/?p=23249"},"modified":"2024-04-07T13:38:20","modified_gmt":"2024-04-07T16:38:20","slug":"elon-musk-dobra-a-aposta-e-promete-revelar-todas-as-ordens-de-alexandre-de-morais-para-censura-no-x","status":"publish","type":"post","link":"https:\/\/noticiasnoface.com.br\/index.php\/2024\/04\/07\/elon-musk-dobra-a-aposta-e-promete-revelar-todas-as-ordens-de-alexandre-de-morais-para-censura-no-x\/","title":{"rendered":"Elon Musk dobra a aposta e promete revelar todas as ordens de Alexandre de Morais  para censura no \u201cx\u201d"},"content":{"rendered":"\n<figure class=\"wp-block-image size-large\"><img data-opt-id=6193615  fetchpriority=\"high\" decoding=\"async\" width=\"1024\" height=\"697\" src=\"https:\/\/mlbfrsat7ahr.i.optimole.com\/w:1024\/h:697\/q:mauto\/ig:avif\/https:\/\/noticiasnoface.com.br\/wp-content\/uploads\/2024\/04\/IMG_2815.jpeg\" alt=\"\" class=\"wp-image-23250\" srcset=\"https:\/\/mlbfrsat7ahr.i.optimole.com\/w:1024\/h:697\/q:mauto\/ig:avif\/https:\/\/noticiasnoface.com.br\/wp-content\/uploads\/2024\/04\/IMG_2815.jpeg 1024w, https:\/\/mlbfrsat7ahr.i.optimole.com\/w:300\/h:204\/q:mauto\/ig:avif\/https:\/\/noticiasnoface.com.br\/wp-content\/uploads\/2024\/04\/IMG_2815.jpeg 300w, https:\/\/mlbfrsat7ahr.i.optimole.com\/w:768\/h:523\/q:mauto\/ig:avif\/https:\/\/noticiasnoface.com.br\/wp-content\/uploads\/2024\/04\/IMG_2815.jpeg 768w, https:\/\/mlbfrsat7ahr.i.optimole.com\/w:1290\/h:878\/q:mauto\/ig:avif\/https:\/\/noticiasnoface.com.br\/wp-content\/uploads\/2024\/04\/IMG_2815.jpeg 1290w\" sizes=\"(max-width: 1000px) 100vw, 1000px\" \/><\/figure>\n\n\n\n<p> Elon Musk ontem acusou o Ministro do STF Alexandre de Morais de promover censura no Brasil <\/p>\n\n\n\n<!--more-->\n\n\n\n<p><\/p>\n\n\n\n<p>O bilion\u00e1rio Elon Musk, dono do \u201cX\u201d, antigo Twitter, voltou a mencionar o ministro Alexandre de Moraes, do Supremo Tribunal Federal (STF), neste domingo (07). Em uma publica\u00e7\u00e3o na rede social, Musk diz que Moraes \u201ctraiu descaradamente e repetidamente a constitui\u00e7\u00e3o e o povo do Brasil\u201d. Ele pede, ainda, que Moraes \u201crenuncie ou sofra um impeachment\u201d.<\/p>\n\n\n\n<h2 class=\"wp-block-heading\">Briga de cachorro grande <\/h2>\n\n\n\n<p> O bilion\u00e1rio Elon Musk, dono do \u201cX\u201d, antigo Twitter, voltou a mencionar o ministro Alexandre de Moraes, do Supremo Tribunal Federal (STF), neste domingo (07). Em uma publica\u00e7\u00e3o na rede social, Musk diz que Moraes \u201ctraiu descaradamente e repetidamente a constitui\u00e7\u00e3o e o povo do Brasil\u201d. Ele pede, ainda, que Moraes \u201crenuncie ou sofra um impeachment\u201d.<\/p>\n\n\n\n<p> <\/p>\n\n\n\n<p>Na mesma publica\u00e7\u00e3o, o empres\u00e1rio norte-americano diz, ainda, que a rede social publicar\u00e1 \u201ctudo o que \u00e9 exigido por Alexandre e como essas solicita\u00e7\u00f5es violam a legisla\u00e7\u00e3o brasileira.\u201d<\/p>\n\n\n\n<p>Musk finaliza a mensagem dizendo \u201cVergonha, Alexandre. Vergonha\u201d, mencionando novamente o ministro do STF.<\/p>\n\n\n\n<figure class=\"wp-block-embed is-type-rich is-provider-twitter wp-block-embed-twitter\"><div class=\"wp-block-embed__wrapper\">\n<blockquote class=\"twitter-tweet\" data-width=\"500\" data-dnt=\"true\"><p lang=\"en\" dir=\"ltr\">Coming shortly, \ud835\udd4f will publish everything demanded by <a href=\"https:\/\/twitter.com\/alexandre?ref_src=twsrc%5Etfw\" target=\"_blank\" rel=\"noopener\">@Alexandre<\/a> and how those requests violate Brazilian law. <br><br>This judge has brazenly and repeatedly betrayed the constitution and people of Brazil. He should resign or be impeached.<br><br>Shame <a href=\"https:\/\/twitter.com\/alexandre?ref_src=twsrc%5Etfw\" target=\"_blank\" rel=\"noopener\">@Alexandre<\/a>, shame.<\/p>&mdash; Elon Musk (@elonmusk) <a href=\"https:\/\/twitter.com\/elonmusk\/status\/1776989005848207503?ref_src=twsrc%5Etfw\" target=\"_blank\" rel=\"noopener\">April 7, 2024<\/a><\/blockquote><script async src=\"https:\/\/platform.twitter.com\/widgets.js\" charset=\"utf-8\"><\/script>\n<\/div><\/figure>\n","protected":false},"excerpt":{"rendered":"<p>Elon Musk ontem acusou o Ministro do STF Alexandre de Morais de promover censura no Brasil<\/p>\n","protected":false},"author":1,"featured_media":0,"comment_status":"open","ping_status":"open","sticky":false,"template":"","format":"image","meta":{"site-sidebar-layout":"default","site-content-layout":"","ast-site-content-layout":"default","site-content-style":"default","site-sidebar-style":"default","ast-global-header-display":"","ast-banner-title-visibility":"","ast-main-header-display":"","ast-hfb-above-header-display":"","ast-hfb-below-header-display":"","ast-hfb-mobile-header-display":"","site-post-title":"","ast-breadcrumbs-content":"","ast-featured-img":"","footer-sml-layout":"","ast-disable-related-posts":"","theme-transparent-header-meta":"","adv-header-id-meta":"","stick-header-meta":"","header-above-stick-meta":"","header-main-stick-meta":"","header-below-stick-meta":"","astra-migrate-meta-layouts":"default","ast-page-background-enabled":"default","ast-page-background-meta":{"desktop":{"background-color":"var(--ast-global-color-4)","background-image":"","background-repeat":"repeat","background-position":"center center","background-size":"auto","background-attachment":"scroll","background-type":"","background-media":"","overlay-type":"","overlay-color":"","overlay-opacity":"","overlay-gradient":""},"tablet":{"background-color":"","background-image":"","background-repeat":"repeat","background-position":"center center","background-size":"auto","background-attachment":"scroll","background-type":"","background-media":"","overlay-type":"","overlay-color":"","overlay-opacity":"","overlay-gradient":""},"mobile":{"background-color":"","background-image":"","background-repeat":"repeat","background-position":"center center","background-size":"auto","background-attachment":"scroll","background-type":"","background-media":"","overlay-type":"","overlay-color":"","overlay-opacity":"","overlay-gradient":""}},"ast-content-background-meta":{"desktop":{"background-color":"var(--ast-global-color-5)","background-image":"","background-repeat":"repeat","background-position":"center center","background-size":"auto","background-attachment":"scroll","background-type":"","background-media":"","overlay-type":"","overlay-color":"","overlay-opacity":"","overlay-gradient":""},"tablet":{"background-color":"var(--ast-global-color-5)","background-image":"","background-repeat":"repeat","background-position":"center center","background-size":"auto","background-attachment":"scroll","background-type":"","background-media":"","overlay-type":"","overlay-color":"","overlay-opacity":"","overlay-gradient":""},"mobile":{"background-color":"var(--ast-global-color-5)","background-image":"","background-repeat":"repeat","background-position":"center center","background-size":"auto","background-attachment":"scroll","background-type":"","background-media":"","overlay-type":"","overlay-color":"","overlay-opacity":"","overlay-gradient":""}},"footnotes":""},"categories":[517],"tags":[9,457,22],"class_list":["post-23249","post","type-post","status-publish","format-image","hentry","category-aconteceu","tag-alexandre-de-moraes","tag-elon-musk","tag-noticias-no-face","post_format-post-format-image"],"_links":{"self":[{"href":"https:\/\/noticiasnoface.com.br\/index.php\/wp-json\/wp\/v2\/posts\/23249","targetHints":{"allow":["GET"]}}],"collection":[{"href":"https:\/\/noticiasnoface.com.br\/index.php\/wp-json\/wp\/v2\/posts"}],"about":[{"href":"https:\/\/noticiasnoface.com.br\/index.php\/wp-json\/wp\/v2\/types\/post"}],"author":[{"embeddable":true,"href":"https:\/\/noticiasnoface.com.br\/index.php\/wp-json\/wp\/v2\/users\/1"}],"replies":[{"embeddable":true,"href":"https:\/\/noticiasnoface.com.br\/index.php\/wp-json\/wp\/v2\/comments?post=23249"}],"version-history":[{"count":1,"href":"https:\/\/noticiasnoface.com.br\/index.php\/wp-json\/wp\/v2\/posts\/23249\/revisions"}],"predecessor-version":[{"id":23252,"href":"https:\/\/noticiasnoface.com.br\/index.php\/wp-json\/wp\/v2\/posts\/23249\/revisions\/23252"}],"wp:attachment":[{"href":"https:\/\/noticiasnoface.com.br\/index.php\/wp-json\/wp\/v2\/media?parent=23249"}],"wp:term":[{"taxonomy":"category","embeddable":true,"href":"https:\/\/noticiasnoface.com.br\/index.php\/wp-json\/wp\/v2\/categories?post=23249"},{"taxonomy":"post_tag","embeddable":true,"href":"https:\/\/noticiasnoface.com.br\/index.php\/wp-json\/wp\/v2\/tags?post=23249"}],"curies":[{"name":"wp","href":"https:\/\/api.w.org\/{rel}","templated":true}]}}