{"id":23259,"date":"2024-04-07T23:37:34","date_gmt":"2024-04-08T02:37:34","guid":{"rendered":"https:\/\/noticiasnoface.com.br\/?p=23259"},"modified":"2024-04-07T23:37:36","modified_gmt":"2024-04-08T02:37:36","slug":"audiencia-na-camara-cobra-cumprimento-de-data-base-dos-servidores","status":"publish","type":"post","link":"https:\/\/noticiasnoface.com.br\/index.php\/2024\/04\/07\/audiencia-na-camara-cobra-cumprimento-de-data-base-dos-servidores\/","title":{"rendered":"Audi\u00eancia na C\u00e2mara cobra cumprimento de data-base dos servidores"},"content":{"rendered":"\n<figure class=\"wp-block-image size-large\"><img data-opt-id=1693548893  fetchpriority=\"high\" decoding=\"async\" width=\"1024\" height=\"620\" src=\"https:\/\/mlbfrsat7ahr.i.optimole.com\/w:1024\/h:620\/q:mauto\/ig:avif\/https:\/\/noticiasnoface.com.br\/wp-content\/uploads\/2024\/04\/IMG_2844.jpeg\" alt=\"\" class=\"wp-image-23261\" srcset=\"https:\/\/mlbfrsat7ahr.i.optimole.com\/w:1024\/h:620\/q:mauto\/ig:avif\/https:\/\/noticiasnoface.com.br\/wp-content\/uploads\/2024\/04\/IMG_2844.jpeg 1024w, https:\/\/mlbfrsat7ahr.i.optimole.com\/w:300\/h:182\/q:mauto\/ig:avif\/https:\/\/noticiasnoface.com.br\/wp-content\/uploads\/2024\/04\/IMG_2844.jpeg 300w, https:\/\/mlbfrsat7ahr.i.optimole.com\/w:768\/h:465\/q:mauto\/ig:avif\/https:\/\/noticiasnoface.com.br\/wp-content\/uploads\/2024\/04\/IMG_2844.jpeg 768w, https:\/\/mlbfrsat7ahr.i.optimole.com\/w:1532\/h:928\/q:mauto\/ig:avif\/https:\/\/noticiasnoface.com.br\/wp-content\/uploads\/2024\/04\/IMG_2844.jpeg 1532w\" sizes=\"(max-width: 1000px) 100vw, 1000px\" \/><\/figure>\n\n\n\n<!--more-->\n\n\n\n<p> <\/p>\n\n\n\n<p>A Frente Parlamentar em Defesa das Servidoras e dos Servidores P\u00fablicos e dos Servi\u00e7os P\u00fablicos da C\u00e2mara Municipal de Natal discutiu, nesta sexta-feira (5), o descumprimento da data-base dos servidores municipais. Presidida pelo do Vereador Daniel Valen\u00e7a (PT), a audi\u00eancia contou com a participa\u00e7\u00e3o de servidores, dirigentes sindicalista e vereadores.<\/p>\n\n\n\n<p>&#8220;Convidamos tr\u00eas secretarias e, mais uma vez o poder executivo n\u00e3o vem para ouvir e prestar contas. Data-base \u00e9 uma revis\u00e3o anual, a partir de uma previs\u00e3o constitucional, que tem o objetivo de garantir que o servidor possa se manter. Isso n\u00e3o est\u00e1 acontecendo em Natal. Essa audi\u00eancia \u00e9 para dizer que todos os meses os servidores estar\u00e3o nesta Frente para dizer que o executivo tem que cumprir com a data-base&#8221;, declarou o vereador Daniel Valen\u00e7a, presidente da Frente Parlamentar.<\/p>\n\n\n\n<p>Os servidores denunciam que desde 2023, a gest\u00e3o municipal n\u00e3o cumpre com a data-base da atualiza\u00e7\u00e3o salarial, institu\u00edda em 2016 para o m\u00eas de mar\u00e7o. &#8220;H\u00e1 mais de um ano estamos tentando, sem sucesso, negocia\u00e7\u00e3o para servidores que hoje tem um sal\u00e1rio base menor que um sal\u00e1rio m\u00ednimo. A indigna\u00e7\u00e3o tamb\u00e9m se deve pelo fato de que, nesta audi\u00eancia, deveria ter algum representante da gest\u00e3o para nos dar alguma resposta&#8221;, destacou o coordenador geral do Sindicato dos Servidores P\u00fablicos Municipais de Natal (Sinsenat), Marcone Damasceno.<\/p>\n\n\n\n<p>No caso dos servidores com sal\u00e1rio b\u00e1sico inferior ao m\u00ednimo nacional, ele diz que a Prefeitura complementa com abono constitucional que n\u00e3o \u00e9 considerado para c\u00e1lculo de aposentadorias nem de reajuste de gratifica\u00e7\u00f5es.<\/p>\n\n\n\n<p>Diante da insatisfa\u00e7\u00e3o, os sindicalistas anunciaram que uma assembleia ser\u00e1 realizada no pr\u00f3ximo dia 10 com a proposta de um indicativo de greve. Uma paralisa\u00e7\u00e3o unificada tem sido proposta pelas entidades. &#8220;A unifica\u00e7\u00e3o das entidades sindicais \u00e9 importante para fortalecer a luta porque o prefeito n\u00e3o nos recebe. Cobramos insalubridades adicionais, data-base e plano de cargos que para muitos n\u00e3o evoluiu. Como as negocia\u00e7\u00f5es n\u00e3o acontecem, propomos uma assembleia com greve unificada&#8221;, declarou o vice-presidente do Sindicato dos Enfermeiros do Estado (Sindern), Matheus Eutr\u00f3pio.<\/p>\n\n\n\n<p>Quem tamb\u00e9m apontou pleitos n\u00e3o atendidos pela gest\u00e3o municipal foi o Sindicato dos Trabalhadores da Sa\u00fade (Sindsa\u00fade\/RN). &#8220;S\u00e3o muitos direitos negados. Piso da enfermagem \u00e9 desrespeitado m\u00eas a m\u00eas. Temos servidores que t\u00eam direito mas n\u00e3o recebem por insalubridade, licen\u00e7a-pr\u00eamio ou licen\u00e7a m\u00e9dica. E o pior \u00e9 que h\u00e1 decis\u00e3o judicial que exige o pagamento dessas remunera\u00e7\u00f5es, mas n\u00e3o \u00e9 cumprida&#8221;, apontou o coordenador, Fl\u00e1vio Gomes.<\/p>\n\n\n\n<p>Tamb\u00e9m participaram da audi\u00eancia as vereadoras Brisa Bracchi (PT), J\u00falia Arruda (PCdoB) e o vereador Rob\u00e9rio Paulino (PSOL), bem como outras entidades como a Central \u00danica dos Trabalhadores (CUT) e Dieese.<\/p>\n\n\n\n<p>Texto: Cl\u00e1udio Oliveira<\/p>\n\n\n\n<p>Fotos: Lorena Ver\u00edssimo<\/p>\n","protected":false},"excerpt":{"rendered":"","protected":false},"author":1,"featured_media":0,"comment_status":"open","ping_status":"open","sticky":false,"template":"","format":"image","meta":{"site-sidebar-layout":"default","site-content-layout":"","ast-site-content-layout":"default","site-content-style":"default","site-sidebar-style":"default","ast-global-header-display":"","ast-banner-title-visibility":"","ast-main-header-display":"","ast-hfb-above-header-display":"","ast-hfb-below-header-display":"","ast-hfb-mobile-header-display":"","site-post-title":"","ast-breadcrumbs-content":"","ast-featured-img":"","footer-sml-layout":"","ast-disable-related-posts":"","theme-transparent-header-meta":"","adv-header-id-meta":"","stick-header-meta":"","header-above-stick-meta":"","header-main-stick-meta":"","header-below-stick-meta":"","astra-migrate-meta-layouts":"default","ast-page-background-enabled":"default","ast-page-background-meta":{"desktop":{"background-color":"var(--ast-global-color-4)","background-image":"","background-repeat":"repeat","background-position":"center center","background-size":"auto","background-attachment":"scroll","background-type":"","background-media":"","overlay-type":"","overlay-color":"","overlay-opacity":"","overlay-gradient":""},"tablet":{"background-color":"","background-image":"","background-repeat":"repeat","background-position":"center center","background-size":"auto","background-attachment":"scroll","background-type":"","background-media":"","overlay-type":"","overlay-color":"","overlay-opacity":"","overlay-gradient":""},"mobile":{"background-color":"","background-image":"","background-repeat":"repeat","background-position":"center center","background-size":"auto","background-attachment":"scroll","background-type":"","background-media":"","overlay-type":"","overlay-color":"","overlay-opacity":"","overlay-gradient":""}},"ast-content-background-meta":{"desktop":{"background-color":"var(--ast-global-color-5)","background-image":"","background-repeat":"repeat","background-position":"center center","background-size":"auto","background-attachment":"scroll","background-type":"","background-media":"","overlay-type":"","overlay-color":"","overlay-opacity":"","overlay-gradient":""},"tablet":{"background-color":"var(--ast-global-color-5)","background-image":"","background-repeat":"repeat","background-position":"center center","background-size":"auto","background-attachment":"scroll","background-type":"","background-media":"","overlay-type":"","overlay-color":"","overlay-opacity":"","overlay-gradient":""},"mobile":{"background-color":"var(--ast-global-color-5)","background-image":"","background-repeat":"repeat","background-position":"center center","background-size":"auto","background-attachment":"scroll","background-type":"","background-media":"","overlay-type":"","overlay-color":"","overlay-opacity":"","overlay-gradient":""}},"footnotes":""},"categories":[517],"tags":[],"class_list":["post-23259","post","type-post","status-publish","format-image","hentry","category-aconteceu","post_format-post-format-image"],"_links":{"self":[{"href":"https:\/\/noticiasnoface.com.br\/index.php\/wp-json\/wp\/v2\/posts\/23259","targetHints":{"allow":["GET"]}}],"collection":[{"href":"https:\/\/noticiasnoface.com.br\/index.php\/wp-json\/wp\/v2\/posts"}],"about":[{"href":"https:\/\/noticiasnoface.com.br\/index.php\/wp-json\/wp\/v2\/types\/post"}],"author":[{"embeddable":true,"href":"https:\/\/noticiasnoface.com.br\/index.php\/wp-json\/wp\/v2\/users\/1"}],"replies":[{"embeddable":true,"href":"https:\/\/noticiasnoface.com.br\/index.php\/wp-json\/wp\/v2\/comments?post=23259"}],"version-history":[{"count":1,"href":"https:\/\/noticiasnoface.com.br\/index.php\/wp-json\/wp\/v2\/posts\/23259\/revisions"}],"predecessor-version":[{"id":23262,"href":"https:\/\/noticiasnoface.com.br\/index.php\/wp-json\/wp\/v2\/posts\/23259\/revisions\/23262"}],"wp:attachment":[{"href":"https:\/\/noticiasnoface.com.br\/index.php\/wp-json\/wp\/v2\/media?parent=23259"}],"wp:term":[{"taxonomy":"category","embeddable":true,"href":"https:\/\/noticiasnoface.com.br\/index.php\/wp-json\/wp\/v2\/categories?post=23259"},{"taxonomy":"post_tag","embeddable":true,"href":"https:\/\/noticiasnoface.com.br\/index.php\/wp-json\/wp\/v2\/tags?post=23259"}],"curies":[{"name":"wp","href":"https:\/\/api.w.org\/{rel}","templated":true}]}}