{"id":23288,"date":"2024-04-08T22:15:24","date_gmt":"2024-04-09T01:15:24","guid":{"rendered":"https:\/\/noticiasnoface.com.br\/?p=23288"},"modified":"2024-04-08T22:15:25","modified_gmt":"2024-04-09T01:15:25","slug":"ex-de-preta-gil-pede-perdao-pela-traicao","status":"publish","type":"post","link":"https:\/\/noticiasnoface.com.br\/index.php\/2024\/04\/08\/ex-de-preta-gil-pede-perdao-pela-traicao\/","title":{"rendered":"Ex de Preta Gil pede perd\u00e3o pela trai\u00e7\u00e3o"},"content":{"rendered":"\n<figure class=\"wp-block-image size-large\"><img data-opt-id=1589582621  fetchpriority=\"high\" decoding=\"async\" width=\"1024\" height=\"640\" src=\"https:\/\/mlbfrsat7ahr.i.optimole.com\/w:1024\/h:640\/q:mauto\/ig:avif\/https:\/\/noticiasnoface.com.br\/wp-content\/uploads\/2024\/04\/IMG_2885.webp\" alt=\"\" class=\"wp-image-23289\" srcset=\"https:\/\/mlbfrsat7ahr.i.optimole.com\/w:1024\/h:640\/q:mauto\/ig:avif\/https:\/\/noticiasnoface.com.br\/wp-content\/uploads\/2024\/04\/IMG_2885.webp 1024w, https:\/\/mlbfrsat7ahr.i.optimole.com\/w:300\/h:188\/q:mauto\/ig:avif\/https:\/\/noticiasnoface.com.br\/wp-content\/uploads\/2024\/04\/IMG_2885.webp 300w, https:\/\/mlbfrsat7ahr.i.optimole.com\/w:768\/h:480\/q:mauto\/ig:avif\/https:\/\/noticiasnoface.com.br\/wp-content\/uploads\/2024\/04\/IMG_2885.webp 768w, https:\/\/mlbfrsat7ahr.i.optimole.com\/w:1200\/h:750\/q:mauto\/ig:avif\/https:\/\/noticiasnoface.com.br\/wp-content\/uploads\/2024\/04\/IMG_2885.webp 1200w\" sizes=\"(max-width: 1000px) 100vw, 1000px\" \/><\/figure>\n\n\n\n<p>V\u00eddeo postado pelo personal trainer \u00e9 longo e tem falas de arrependimento<\/p>\n\n\n\n<!--more-->\n\n\n\n<h2 class=\"wp-block-heading\">Entenda a Trai\u00e7\u00e3o <\/h2>\n\n\n\n<p>Ap\u00f3s um ano, nesta segunda-feira (8\/4), o ex-marido de Preta Gil, Rodrigo Godoy quebrou o sil\u00eancio e usou as redes sociais para pedir desculpas p\u00fablicas \u00e0 sua ex e disse que tem sido dif\u00edcil seguir a vida ap\u00f3s o conturbado div\u00f3rcio. Ano passado o titular deste portal, Leo Dias,<a href=\"https:\/\/portalleodias.com\/famosos\/no-altas-horas-preta-gil-agradece-a-leo-dias-por-expor-traicao-do-exmarido\" target=\"_blank\" rel=\"noopener\">\u00a0revelou com exclusividade que Rodrigo havia tra\u00eddo Preta\u00a0<\/a>logo quando ela descobriu o c\u00e2ncer no intestino.<\/p>\n\n\n\n<figure class=\"wp-block-image size-large\"><img data-opt-id=116060665  fetchpriority=\"high\" decoding=\"async\" width=\"1024\" height=\"568\" src=\"https:\/\/mlbfrsat7ahr.i.optimole.com\/w:1024\/h:568\/q:mauto\/ig:avif\/https:\/\/noticiasnoface.com.br\/wp-content\/uploads\/2024\/04\/IMG_2891.jpeg\" alt=\"\" class=\"wp-image-23290\" srcset=\"https:\/\/mlbfrsat7ahr.i.optimole.com\/w:1024\/h:568\/q:mauto\/ig:avif\/https:\/\/noticiasnoface.com.br\/wp-content\/uploads\/2024\/04\/IMG_2891.jpeg 1024w, https:\/\/mlbfrsat7ahr.i.optimole.com\/w:300\/h:166\/q:mauto\/ig:avif\/https:\/\/noticiasnoface.com.br\/wp-content\/uploads\/2024\/04\/IMG_2891.jpeg 300w, https:\/\/mlbfrsat7ahr.i.optimole.com\/w:768\/h:426\/q:mauto\/ig:avif\/https:\/\/noticiasnoface.com.br\/wp-content\/uploads\/2024\/04\/IMG_2891.jpeg 768w, https:\/\/mlbfrsat7ahr.i.optimole.com\/w:1290\/h:715\/q:mauto\/ig:avif\/https:\/\/noticiasnoface.com.br\/wp-content\/uploads\/2024\/04\/IMG_2891.jpeg 1290w\" sizes=\"(max-width: 1000px) 100vw, 1000px\" \/><\/figure>\n\n\n\n<p>O v\u00eddeo postado pelo personal trainer \u00e9 longo e tem falas de arrependimento. &#8220;Respirando fundo para trazer literalmente do fundo esse momento. Venho pensando h\u00e1 um bom tempo para decidir se eu faria ou n\u00e3o faria [o v\u00eddeo]. Fui atr\u00e1s das minhas orienta\u00e7\u00f5es para saber se deveria fazer, se n\u00e3o deveria fazer. E, caso eu fizesse, que eu conseguisse me expressar da melhor forma poss\u00edvel, expressar meus sentimentos, expressar minhas ang\u00fastias, meus desejos e falar de um assunto que eu confesso que eu nunca imaginei que eu viesse falar sobre isso publicamente&#8221;, declarou Rodrigo.<\/p>\n","protected":false},"excerpt":{"rendered":"<p>V\u00eddeo postado pelo personal trainer \u00e9 longo e tem falas de arrependimento<\/p>\n","protected":false},"author":1,"featured_media":0,"comment_status":"open","ping_status":"open","sticky":false,"template":"","format":"image","meta":{"site-sidebar-layout":"default","site-content-layout":"","ast-site-content-layout":"default","site-content-style":"default","site-sidebar-style":"default","ast-global-header-display":"","ast-banner-title-visibility":"","ast-main-header-display":"","ast-hfb-above-header-display":"","ast-hfb-below-header-display":"","ast-hfb-mobile-header-display":"","site-post-title":"","ast-breadcrumbs-content":"","ast-featured-img":"","footer-sml-layout":"","ast-disable-related-posts":"","theme-transparent-header-meta":"","adv-header-id-meta":"","stick-header-meta":"","header-above-stick-meta":"","header-main-stick-meta":"","header-below-stick-meta":"","astra-migrate-meta-layouts":"default","ast-page-background-enabled":"default","ast-page-background-meta":{"desktop":{"background-color":"var(--ast-global-color-4)","background-image":"","background-repeat":"repeat","background-position":"center center","background-size":"auto","background-attachment":"scroll","background-type":"","background-media":"","overlay-type":"","overlay-color":"","overlay-opacity":"","overlay-gradient":""},"tablet":{"background-color":"","background-image":"","background-repeat":"repeat","background-position":"center center","background-size":"auto","background-attachment":"scroll","background-type":"","background-media":"","overlay-type":"","overlay-color":"","overlay-opacity":"","overlay-gradient":""},"mobile":{"background-color":"","background-image":"","background-repeat":"repeat","background-position":"center center","background-size":"auto","background-attachment":"scroll","background-type":"","background-media":"","overlay-type":"","overlay-color":"","overlay-opacity":"","overlay-gradient":""}},"ast-content-background-meta":{"desktop":{"background-color":"var(--ast-global-color-5)","background-image":"","background-repeat":"repeat","background-position":"center center","background-size":"auto","background-attachment":"scroll","background-type":"","background-media":"","overlay-type":"","overlay-color":"","overlay-opacity":"","overlay-gradient":""},"tablet":{"background-color":"var(--ast-global-color-5)","background-image":"","background-repeat":"repeat","background-position":"center center","background-size":"auto","background-attachment":"scroll","background-type":"","background-media":"","overlay-type":"","overlay-color":"","overlay-opacity":"","overlay-gradient":""},"mobile":{"background-color":"var(--ast-global-color-5)","background-image":"","background-repeat":"repeat","background-position":"center center","background-size":"auto","background-attachment":"scroll","background-type":"","background-media":"","overlay-type":"","overlay-color":"","overlay-opacity":"","overlay-gradient":""}},"footnotes":""},"categories":[517],"tags":[22,1427,417],"class_list":["post-23288","post","type-post","status-publish","format-image","hentry","category-aconteceu","tag-noticias-no-face","tag-preta-gil","tag-traicao","post_format-post-format-image"],"_links":{"self":[{"href":"https:\/\/noticiasnoface.com.br\/index.php\/wp-json\/wp\/v2\/posts\/23288","targetHints":{"allow":["GET"]}}],"collection":[{"href":"https:\/\/noticiasnoface.com.br\/index.php\/wp-json\/wp\/v2\/posts"}],"about":[{"href":"https:\/\/noticiasnoface.com.br\/index.php\/wp-json\/wp\/v2\/types\/post"}],"author":[{"embeddable":true,"href":"https:\/\/noticiasnoface.com.br\/index.php\/wp-json\/wp\/v2\/users\/1"}],"replies":[{"embeddable":true,"href":"https:\/\/noticiasnoface.com.br\/index.php\/wp-json\/wp\/v2\/comments?post=23288"}],"version-history":[{"count":1,"href":"https:\/\/noticiasnoface.com.br\/index.php\/wp-json\/wp\/v2\/posts\/23288\/revisions"}],"predecessor-version":[{"id":23291,"href":"https:\/\/noticiasnoface.com.br\/index.php\/wp-json\/wp\/v2\/posts\/23288\/revisions\/23291"}],"wp:attachment":[{"href":"https:\/\/noticiasnoface.com.br\/index.php\/wp-json\/wp\/v2\/media?parent=23288"}],"wp:term":[{"taxonomy":"category","embeddable":true,"href":"https:\/\/noticiasnoface.com.br\/index.php\/wp-json\/wp\/v2\/categories?post=23288"},{"taxonomy":"post_tag","embeddable":true,"href":"https:\/\/noticiasnoface.com.br\/index.php\/wp-json\/wp\/v2\/tags?post=23288"}],"curies":[{"name":"wp","href":"https:\/\/api.w.org\/{rel}","templated":true}]}}