{"id":23306,"date":"2024-04-09T22:01:37","date_gmt":"2024-04-10T01:01:37","guid":{"rendered":"https:\/\/noticiasnoface.com.br\/?p=23306"},"modified":"2024-04-09T22:01:39","modified_gmt":"2024-04-10T01:01:39","slug":"mauro-cid-passa-a-tarde-na-pf-em-sigilo","status":"publish","type":"post","link":"https:\/\/noticiasnoface.com.br\/index.php\/2024\/04\/09\/mauro-cid-passa-a-tarde-na-pf-em-sigilo\/","title":{"rendered":"Mauro Cid passa a tarde na PF em sigilo"},"content":{"rendered":"\n<figure class=\"wp-block-image size-full\"><img data-opt-id=512019633  fetchpriority=\"high\" decoding=\"async\" width=\"612\" height=\"408\" src=\"https:\/\/mlbfrsat7ahr.i.optimole.com\/w:auto\/h:auto\/q:mauto\/ig:avif\/https:\/\/noticiasnoface.com.br\/wp-content\/uploads\/2024\/04\/IMG_2925.jpeg\" alt=\"\" class=\"wp-image-23307\" srcset=\"https:\/\/mlbfrsat7ahr.i.optimole.com\/w:612\/h:408\/q:mauto\/ig:avif\/https:\/\/noticiasnoface.com.br\/wp-content\/uploads\/2024\/04\/IMG_2925.jpeg 612w, https:\/\/mlbfrsat7ahr.i.optimole.com\/w:300\/h:200\/q:mauto\/ig:avif\/https:\/\/noticiasnoface.com.br\/wp-content\/uploads\/2024\/04\/IMG_2925.jpeg 300w\" sizes=\"(max-width: 612px) 100vw, 612px\" \/><\/figure>\n\n\n\n<p>Mauro Cid passou a tarde desta ter\u00e7a-feira (9\/4) na sede da\u00a0PF em sigilo <\/p>\n\n\n\n<!--more-->\n\n\n\n<p>O ex-ajudante de ordens de&nbsp;<a href=\"https:\/\/www.metropoles.com\/tag\/jair-bolsonaro\" target=\"_blank\" rel=\"noreferrer noopener\">Jair Bolsonaro<\/a>&nbsp;deixou o&nbsp;<a href=\"http:\/\/www.bpeb.eb.mil.br\/\" target=\"_blank\" rel=\"noreferrer noopener\">Batalh\u00e3o de Pol\u00edcia do Ex\u00e9rcito<\/a>, onde est\u00e1 preso, no in\u00edcio da tarde sob forte esquema de seguran\u00e7a e s\u00f3 retornou ao local no in\u00edcio da noite.<\/p>\n\n\n\n<p>Segundo fontes da PF, Cid esteve na sede da corpora\u00e7\u00e3o para duas coisas: 1) assinar a degrava\u00e7\u00e3o de seus depoimentos anteriores e 2) prestar novo depoimento esclarecendo d\u00favidas do delegado.Em mar\u00e7o, o militar chegou a criticar, em \u00e1udio divulgado pela revista Veja,<a href=\"https:\/\/www.metropoles.com\/colunas\/igor-gadelha\/mauro-cid-videos-pf\" target=\"_blank\" rel=\"noreferrer noopener\">\u00a0o que chamou de \u201cnarrativas\u201d da PF<\/a>\u00a0sobre seus depoimentos. A grava\u00e7\u00e3o acabou levando Moraes a determinar nova pris\u00e3o de Cid.<\/p>\n","protected":false},"excerpt":{"rendered":"<p>Mauro Cid passou a tarde desta ter\u00e7a-feira (9\/4) na sede da\u00a0PF em sigilo<\/p>\n","protected":false},"author":1,"featured_media":0,"comment_status":"open","ping_status":"open","sticky":false,"template":"","format":"image","meta":{"site-sidebar-layout":"default","site-content-layout":"","ast-site-content-layout":"default","site-content-style":"default","site-sidebar-style":"default","ast-global-header-display":"","ast-banner-title-visibility":"","ast-main-header-display":"","ast-hfb-above-header-display":"","ast-hfb-below-header-display":"","ast-hfb-mobile-header-display":"","site-post-title":"","ast-breadcrumbs-content":"","ast-featured-img":"","footer-sml-layout":"","ast-disable-related-posts":"","theme-transparent-header-meta":"","adv-header-id-meta":"","stick-header-meta":"","header-above-stick-meta":"","header-main-stick-meta":"","header-below-stick-meta":"","astra-migrate-meta-layouts":"default","ast-page-background-enabled":"default","ast-page-background-meta":{"desktop":{"background-color":"var(--ast-global-color-4)","background-image":"","background-repeat":"repeat","background-position":"center center","background-size":"auto","background-attachment":"scroll","background-type":"","background-media":"","overlay-type":"","overlay-color":"","overlay-opacity":"","overlay-gradient":""},"tablet":{"background-color":"","background-image":"","background-repeat":"repeat","background-position":"center center","background-size":"auto","background-attachment":"scroll","background-type":"","background-media":"","overlay-type":"","overlay-color":"","overlay-opacity":"","overlay-gradient":""},"mobile":{"background-color":"","background-image":"","background-repeat":"repeat","background-position":"center center","background-size":"auto","background-attachment":"scroll","background-type":"","background-media":"","overlay-type":"","overlay-color":"","overlay-opacity":"","overlay-gradient":""}},"ast-content-background-meta":{"desktop":{"background-color":"var(--ast-global-color-5)","background-image":"","background-repeat":"repeat","background-position":"center center","background-size":"auto","background-attachment":"scroll","background-type":"","background-media":"","overlay-type":"","overlay-color":"","overlay-opacity":"","overlay-gradient":""},"tablet":{"background-color":"var(--ast-global-color-5)","background-image":"","background-repeat":"repeat","background-position":"center center","background-size":"auto","background-attachment":"scroll","background-type":"","background-media":"","overlay-type":"","overlay-color":"","overlay-opacity":"","overlay-gradient":""},"mobile":{"background-color":"var(--ast-global-color-5)","background-image":"","background-repeat":"repeat","background-position":"center center","background-size":"auto","background-attachment":"scroll","background-type":"","background-media":"","overlay-type":"","overlay-color":"","overlay-opacity":"","overlay-gradient":""}},"footnotes":""},"categories":[517],"tags":[2952,199,409],"class_list":["post-23306","post","type-post","status-publish","format-image","hentry","category-aconteceu","tag-mauro-cid","tag-noticiasnoface","tag-policia-federal","post_format-post-format-image"],"_links":{"self":[{"href":"https:\/\/noticiasnoface.com.br\/index.php\/wp-json\/wp\/v2\/posts\/23306","targetHints":{"allow":["GET"]}}],"collection":[{"href":"https:\/\/noticiasnoface.com.br\/index.php\/wp-json\/wp\/v2\/posts"}],"about":[{"href":"https:\/\/noticiasnoface.com.br\/index.php\/wp-json\/wp\/v2\/types\/post"}],"author":[{"embeddable":true,"href":"https:\/\/noticiasnoface.com.br\/index.php\/wp-json\/wp\/v2\/users\/1"}],"replies":[{"embeddable":true,"href":"https:\/\/noticiasnoface.com.br\/index.php\/wp-json\/wp\/v2\/comments?post=23306"}],"version-history":[{"count":1,"href":"https:\/\/noticiasnoface.com.br\/index.php\/wp-json\/wp\/v2\/posts\/23306\/revisions"}],"predecessor-version":[{"id":23308,"href":"https:\/\/noticiasnoface.com.br\/index.php\/wp-json\/wp\/v2\/posts\/23306\/revisions\/23308"}],"wp:attachment":[{"href":"https:\/\/noticiasnoface.com.br\/index.php\/wp-json\/wp\/v2\/media?parent=23306"}],"wp:term":[{"taxonomy":"category","embeddable":true,"href":"https:\/\/noticiasnoface.com.br\/index.php\/wp-json\/wp\/v2\/categories?post=23306"},{"taxonomy":"post_tag","embeddable":true,"href":"https:\/\/noticiasnoface.com.br\/index.php\/wp-json\/wp\/v2\/tags?post=23306"}],"curies":[{"name":"wp","href":"https:\/\/api.w.org\/{rel}","templated":true}]}}