{"id":23311,"date":"2024-04-09T22:55:09","date_gmt":"2024-04-10T01:55:09","guid":{"rendered":"https:\/\/noticiasnoface.com.br\/?p=23311"},"modified":"2024-04-09T22:55:11","modified_gmt":"2024-04-10T01:55:11","slug":"participantes-de-audiencia-reafirmam-defesa-da-democracia-na-camara-de-natal","status":"publish","type":"post","link":"https:\/\/noticiasnoface.com.br\/index.php\/2024\/04\/09\/participantes-de-audiencia-reafirmam-defesa-da-democracia-na-camara-de-natal\/","title":{"rendered":"Participantes de audi\u00eancia reafirmam defesa da democracia na C\u00e2mara de Natal"},"content":{"rendered":"\n<figure class=\"wp-block-image size-large\"><img data-opt-id=1872402219  fetchpriority=\"high\" decoding=\"async\" width=\"1024\" height=\"668\" src=\"https:\/\/mlbfrsat7ahr.i.optimole.com\/w:1024\/h:668\/q:mauto\/ig:avif\/https:\/\/noticiasnoface.com.br\/wp-content\/uploads\/2024\/04\/IMG_2927.jpeg\" alt=\"\" class=\"wp-image-23312\" srcset=\"https:\/\/mlbfrsat7ahr.i.optimole.com\/w:1024\/h:668\/q:mauto\/ig:avif\/https:\/\/noticiasnoface.com.br\/wp-content\/uploads\/2024\/04\/IMG_2927.jpeg 1024w, https:\/\/mlbfrsat7ahr.i.optimole.com\/w:300\/h:196\/q:mauto\/ig:avif\/https:\/\/noticiasnoface.com.br\/wp-content\/uploads\/2024\/04\/IMG_2927.jpeg 300w, https:\/\/mlbfrsat7ahr.i.optimole.com\/w:768\/h:501\/q:mauto\/ig:avif\/https:\/\/noticiasnoface.com.br\/wp-content\/uploads\/2024\/04\/IMG_2927.jpeg 768w, https:\/\/mlbfrsat7ahr.i.optimole.com\/w:1536\/h:1001\/q:mauto\/ig:avif\/https:\/\/noticiasnoface.com.br\/wp-content\/uploads\/2024\/04\/IMG_2927.jpeg 1536w, https:\/\/mlbfrsat7ahr.i.optimole.com\/w:1600\/h:1043\/q:mauto\/ig:avif\/https:\/\/noticiasnoface.com.br\/wp-content\/uploads\/2024\/04\/IMG_2927.jpeg 1600w\" sizes=\"(max-width: 1000px) 100vw, 1000px\" \/><\/figure>\n\n\n\n<!--more-->\n\n\n\n<p>O golpe que instaurou a ditadura militar no Brasil em 1964 foi relembrado em audi\u00eancia p\u00fablica da Comiss\u00e3o de Defesa dos Direitos Humanos, Mulheres, Idosos, Trabalho e Igualdade da C\u00e2mara Municipal de Natal nesta ter\u00e7a-feira (09) com o tema: 60 anos do Golpe Militar: Que n\u00e3o se esque\u00e7a, para que nunca mais aconte\u00e7a. Lideran\u00e7as de movimentos de defesa dos direitos humanos repudiaram a pr\u00e1tica da tortura e reafirmaram a import\u00e2ncia da democracia. Na ocasi\u00e3o, defensores da democracia e personagens da resist\u00eancia no per\u00edodo da ditadura foram homenageados com a comenda Luiz In\u00e1cio Maranh\u00e3o Filho,<\/p>\n\n\n\n<p>O Golpe Militar de 1964&nbsp;representou uma interrup\u00e7\u00e3o na democracia, desde que o Brasil adotou o presidencialismo, quando proclamou-se a Rep\u00fablica em 1889. O regime durou 21 anos, sendo marcado pela tortura e morte aos opositores, censura \u00e0 imprensa e aos artistas contestadores e restri\u00e7\u00e3o de direitos pol\u00edticos. Quase 40 anos depois do fim do regime militar, ainda \u00e9 poss\u00edvel notar as heran\u00e7as deixadas por esse per\u00edodo da hist\u00f3ria do Brasil, como a polariza\u00e7\u00e3o social, sobretudo a do atual cen\u00e1rio pol\u00edtico.<\/p>\n\n\n\n<p>&#8220;Queremos construir essa mem\u00f3ria, haja vista que temos uma d\u00edvida hist\u00f3rica com os que lutaram contra a opress\u00e3o. Faz-se necess\u00e1rio fazer justi\u00e7a e buscar a verdade escondida por tr\u00e1s do golpe militar no Brasil. Ent\u00e3o, essa audi\u00eancia \u00e9 pra gente n\u00e3o esquecer de tudo que aconteceu. Temos uma jovem e fr\u00e1gil democracia, j\u00e1 ferida e amea\u00e7ada diversas vezes. O assassinato da vereadora Marielle Franco \u00e9 um exemplo da amea\u00e7a que diversas parlamentares do nosso pa\u00eds sofrem por abra\u00e7arem a bandeira da justi\u00e7a social e valores democr\u00e1ticos&#8221;, declarou a vereadora Brisa Bracchi (PT), presidente da Comiss\u00e3o de Direitos Humanos.<\/p>\n\n\n\n<p>Tamb\u00e9m presente na audi\u00eancia, o vereador Daniel Valen\u00e7a (PT) falou que a iniciativa \u00e9 importante no processo de constru\u00e7\u00e3o do conhecimento hist\u00f3rico. &#8220;Precisamos divulgar e mostrar para a sociedade que vamos retomar esse debate p\u00fablico para que os horrores do passado nunca mais se repitam. \u00c9 algo que deve ser feito em respeito aos familiares das v\u00edtimas que sofreram viol\u00eancias terr\u00edveis na ditadura e ao futuro que queremos para o pa\u00eds&#8221;, disse ele.<\/p>\n\n\n\n<p>Jo\u00e3o Oliveira, coordenador geral da Associa\u00e7\u00e3o dos Juristas Potiguares pela Democracia, observou que os elementos que levaram o Brasil \u00e0 viv\u00eancia da ditadura, os interesses externos e internos do pa\u00eds para a instaura\u00e7\u00e3o do regime e as consequ\u00eancias disso, no corpo social brasileiro, s\u00e3o t\u00f3picos importantes para se compreender a relev\u00e2ncia de se lembrar, analisar e debater esse per\u00edodo. &#8220;Promove a conscientiza\u00e7\u00e3o do povo brasileiro de que seus direitos b\u00e1sicos, como o exerc\u00edcio da pol\u00edtica e da express\u00e3o, s\u00e3o inegoci\u00e1veis. Para tanto, \u00e9 fundamental firmar 2024 como um ano de luta e n\u00e3o de comemora\u00e7\u00e3o, pois quem tem compromisso com a democracia n\u00e3o comemora golpe, nem comemora ditadura&#8221;.<\/p>\n\n\n\n<p>Entre os agraciados com a comenda Luiz In\u00e1cio Maranh\u00e3o Filho, estava Roberto Brand\u00e3o Furtado, que exerceu o cargo de procurador da Prefeitura de Natal (1963) e a partir de 1964 \u2013 per\u00edodo da ditadura militar \u2013, advogou para mais de cem presos pol\u00edticos do RN. Fundou o MDB no Estado em 1965, elegeu-se deputado estadual em 1966, 1974 e 1978 (j\u00e1 PMDB). Ele falou em nome dos homenageados:<\/p>\n\n\n\n<p>&#8220;Me sinto lisonjeado pelo reconhecimento daquilo que eu pude fazer e fiz por uma quest\u00e3o de convic\u00e7\u00e3o democr\u00e1tica. Devo aos meus pais, minha m\u00e3e Jacila, a solidariedade humana que ela sempre teve, e ao meu pai, a indigna\u00e7\u00e3o com as injusti\u00e7as. Por isso, desde o primeiro dia de golpe, fui advogado de v\u00e1rios presos pol\u00edticos do Rio Grande do Norte e de outros estados. E eu fiz tudo isso sem qualquer honor\u00e1rio, nada. Apenas por um dever com a democracia&#8221;, finalizou.<\/p>\n\n\n\n<p><em><strong>Texto: Junior Martins<br>Fotos: Elp\u00eddio J\u00fanior<\/strong><\/em><\/p>\n","protected":false},"excerpt":{"rendered":"","protected":false},"author":1,"featured_media":0,"comment_status":"open","ping_status":"open","sticky":false,"template":"","format":"image","meta":{"site-sidebar-layout":"default","site-content-layout":"","ast-site-content-layout":"default","site-content-style":"default","site-sidebar-style":"default","ast-global-header-display":"","ast-banner-title-visibility":"","ast-main-header-display":"","ast-hfb-above-header-display":"","ast-hfb-below-header-display":"","ast-hfb-mobile-header-display":"","site-post-title":"","ast-breadcrumbs-content":"","ast-featured-img":"","footer-sml-layout":"","ast-disable-related-posts":"","theme-transparent-header-meta":"","adv-header-id-meta":"","stick-header-meta":"","header-above-stick-meta":"","header-main-stick-meta":"","header-below-stick-meta":"","astra-migrate-meta-layouts":"default","ast-page-background-enabled":"default","ast-page-background-meta":{"desktop":{"background-color":"var(--ast-global-color-4)","background-image":"","background-repeat":"repeat","background-position":"center center","background-size":"auto","background-attachment":"scroll","background-type":"","background-media":"","overlay-type":"","overlay-color":"","overlay-opacity":"","overlay-gradient":""},"tablet":{"background-color":"","background-image":"","background-repeat":"repeat","background-position":"center center","background-size":"auto","background-attachment":"scroll","background-type":"","background-media":"","overlay-type":"","overlay-color":"","overlay-opacity":"","overlay-gradient":""},"mobile":{"background-color":"","background-image":"","background-repeat":"repeat","background-position":"center center","background-size":"auto","background-attachment":"scroll","background-type":"","background-media":"","overlay-type":"","overlay-color":"","overlay-opacity":"","overlay-gradient":""}},"ast-content-background-meta":{"desktop":{"background-color":"var(--ast-global-color-5)","background-image":"","background-repeat":"repeat","background-position":"center center","background-size":"auto","background-attachment":"scroll","background-type":"","background-media":"","overlay-type":"","overlay-color":"","overlay-opacity":"","overlay-gradient":""},"tablet":{"background-color":"var(--ast-global-color-5)","background-image":"","background-repeat":"repeat","background-position":"center center","background-size":"auto","background-attachment":"scroll","background-type":"","background-media":"","overlay-type":"","overlay-color":"","overlay-opacity":"","overlay-gradient":""},"mobile":{"background-color":"var(--ast-global-color-5)","background-image":"","background-repeat":"repeat","background-position":"center center","background-size":"auto","background-attachment":"scroll","background-type":"","background-media":"","overlay-type":"","overlay-color":"","overlay-opacity":"","overlay-gradient":""}},"footnotes":""},"categories":[517],"tags":[],"class_list":["post-23311","post","type-post","status-publish","format-image","hentry","category-aconteceu","post_format-post-format-image"],"_links":{"self":[{"href":"https:\/\/noticiasnoface.com.br\/index.php\/wp-json\/wp\/v2\/posts\/23311","targetHints":{"allow":["GET"]}}],"collection":[{"href":"https:\/\/noticiasnoface.com.br\/index.php\/wp-json\/wp\/v2\/posts"}],"about":[{"href":"https:\/\/noticiasnoface.com.br\/index.php\/wp-json\/wp\/v2\/types\/post"}],"author":[{"embeddable":true,"href":"https:\/\/noticiasnoface.com.br\/index.php\/wp-json\/wp\/v2\/users\/1"}],"replies":[{"embeddable":true,"href":"https:\/\/noticiasnoface.com.br\/index.php\/wp-json\/wp\/v2\/comments?post=23311"}],"version-history":[{"count":1,"href":"https:\/\/noticiasnoface.com.br\/index.php\/wp-json\/wp\/v2\/posts\/23311\/revisions"}],"predecessor-version":[{"id":23313,"href":"https:\/\/noticiasnoface.com.br\/index.php\/wp-json\/wp\/v2\/posts\/23311\/revisions\/23313"}],"wp:attachment":[{"href":"https:\/\/noticiasnoface.com.br\/index.php\/wp-json\/wp\/v2\/media?parent=23311"}],"wp:term":[{"taxonomy":"category","embeddable":true,"href":"https:\/\/noticiasnoface.com.br\/index.php\/wp-json\/wp\/v2\/categories?post=23311"},{"taxonomy":"post_tag","embeddable":true,"href":"https:\/\/noticiasnoface.com.br\/index.php\/wp-json\/wp\/v2\/tags?post=23311"}],"curies":[{"name":"wp","href":"https:\/\/api.w.org\/{rel}","templated":true}]}}