{"id":23317,"date":"2024-04-10T06:36:22","date_gmt":"2024-04-10T09:36:22","guid":{"rendered":"https:\/\/noticiasnoface.com.br\/?p=23317"},"modified":"2024-04-10T06:36:23","modified_gmt":"2024-04-10T09:36:23","slug":"arthur-lira-diz-que-pl-das-fake-news-nao-vai-para-canto-nenhum","status":"publish","type":"post","link":"https:\/\/noticiasnoface.com.br\/index.php\/2024\/04\/10\/arthur-lira-diz-que-pl-das-fake-news-nao-vai-para-canto-nenhum\/","title":{"rendered":"Arthur Lira diz que PL das \u201cFAKE NEWS\u201d n\u00e3o vai para canto nenhum"},"content":{"rendered":"\n<figure class=\"wp-block-image size-large\"><img data-opt-id=1394036212  fetchpriority=\"high\" decoding=\"async\" width=\"1024\" height=\"610\" src=\"https:\/\/mlbfrsat7ahr.i.optimole.com\/w:1024\/h:610\/q:mauto\/ig:avif\/https:\/\/noticiasnoface.com.br\/wp-content\/uploads\/2024\/04\/IMG_2932.jpeg\" alt=\"\" class=\"wp-image-23318\" srcset=\"https:\/\/mlbfrsat7ahr.i.optimole.com\/w:1024\/h:610\/q:mauto\/ig:avif\/https:\/\/noticiasnoface.com.br\/wp-content\/uploads\/2024\/04\/IMG_2932.jpeg 1024w, https:\/\/mlbfrsat7ahr.i.optimole.com\/w:300\/h:179\/q:mauto\/ig:avif\/https:\/\/noticiasnoface.com.br\/wp-content\/uploads\/2024\/04\/IMG_2932.jpeg 300w, https:\/\/mlbfrsat7ahr.i.optimole.com\/w:768\/h:457\/q:mauto\/ig:avif\/https:\/\/noticiasnoface.com.br\/wp-content\/uploads\/2024\/04\/IMG_2932.jpeg 768w, https:\/\/mlbfrsat7ahr.i.optimole.com\/w:1105\/h:658\/q:mauto\/ig:avif\/https:\/\/noticiasnoface.com.br\/wp-content\/uploads\/2024\/04\/IMG_2932.jpeg 1105w\" sizes=\"(max-width: 1000px) 100vw, 1000px\" \/><\/figure>\n\n\n\n<p>Presidente do confressa que PL das fake News n\u00e3o vai andar \u2026VEJA V\u00cdDEO <\/p>\n\n\n\n<!--more-->\n\n\n\n<figure class=\"wp-block-video\"><video height=\"720\" style=\"aspect-ratio: 1280 \/ 720;\" width=\"1280\" controls src=\"https:\/\/noticiasnoface.com.br\/wp-content\/uploads\/2024\/04\/twidown-video-3.mov\"><\/video><\/figure>\n\n\n\n<p>Lira diz que PL 2630 \u201cest\u00e1 fadado a n\u00e3o ir a canto nenhum\u201d.<\/p>\n\n\n\n<p>\u201cO texto teve problemas (\u2026) com rela\u00e7\u00e3o \u00e0 falta de liberdade de express\u00e3o, \u00e0 censura. E quando um texto ganha uma narrativa como essa, ele simplesmente n\u00e3o tem apoio\u201d, afirmou o Presidente da C\u00e2mara nesta ter\u00e7a-feira (9).<\/p>\n\n\n\n<p>Segundo Lira, um Grupo de Trabalho ser\u00e1 criado para discutir o chamado \u2018PL das Fake News\u2019.<\/p>\n","protected":false},"excerpt":{"rendered":"<p>Presidente do confressa que PL das fake News n\u00e3o vai andar \u2026VEJA V\u00cdDEO<\/p>\n","protected":false},"author":1,"featured_media":0,"comment_status":"open","ping_status":"open","sticky":false,"template":"","format":"image","meta":{"site-sidebar-layout":"default","site-content-layout":"","ast-site-content-layout":"default","site-content-style":"default","site-sidebar-style":"default","ast-global-header-display":"","ast-banner-title-visibility":"","ast-main-header-display":"","ast-hfb-above-header-display":"","ast-hfb-below-header-display":"","ast-hfb-mobile-header-display":"","site-post-title":"","ast-breadcrumbs-content":"","ast-featured-img":"","footer-sml-layout":"","ast-disable-related-posts":"","theme-transparent-header-meta":"","adv-header-id-meta":"","stick-header-meta":"","header-above-stick-meta":"","header-main-stick-meta":"","header-below-stick-meta":"","astra-migrate-meta-layouts":"default","ast-page-background-enabled":"default","ast-page-background-meta":{"desktop":{"background-color":"var(--ast-global-color-4)","background-image":"","background-repeat":"repeat","background-position":"center center","background-size":"auto","background-attachment":"scroll","background-type":"","background-media":"","overlay-type":"","overlay-color":"","overlay-opacity":"","overlay-gradient":""},"tablet":{"background-color":"","background-image":"","background-repeat":"repeat","background-position":"center center","background-size":"auto","background-attachment":"scroll","background-type":"","background-media":"","overlay-type":"","overlay-color":"","overlay-opacity":"","overlay-gradient":""},"mobile":{"background-color":"","background-image":"","background-repeat":"repeat","background-position":"center center","background-size":"auto","background-attachment":"scroll","background-type":"","background-media":"","overlay-type":"","overlay-color":"","overlay-opacity":"","overlay-gradient":""}},"ast-content-background-meta":{"desktop":{"background-color":"var(--ast-global-color-5)","background-image":"","background-repeat":"repeat","background-position":"center center","background-size":"auto","background-attachment":"scroll","background-type":"","background-media":"","overlay-type":"","overlay-color":"","overlay-opacity":"","overlay-gradient":""},"tablet":{"background-color":"var(--ast-global-color-5)","background-image":"","background-repeat":"repeat","background-position":"center center","background-size":"auto","background-attachment":"scroll","background-type":"","background-media":"","overlay-type":"","overlay-color":"","overlay-opacity":"","overlay-gradient":""},"mobile":{"background-color":"var(--ast-global-color-5)","background-image":"","background-repeat":"repeat","background-position":"center center","background-size":"auto","background-attachment":"scroll","background-type":"","background-media":"","overlay-type":"","overlay-color":"","overlay-opacity":"","overlay-gradient":""}},"footnotes":""},"categories":[517],"tags":[410,395,472],"class_list":["post-23317","post","type-post","status-publish","format-image","hentry","category-aconteceu","tag-arthur-lira","tag-congresso-nacional","tag-fake-news","post_format-post-format-image"],"_links":{"self":[{"href":"https:\/\/noticiasnoface.com.br\/index.php\/wp-json\/wp\/v2\/posts\/23317","targetHints":{"allow":["GET"]}}],"collection":[{"href":"https:\/\/noticiasnoface.com.br\/index.php\/wp-json\/wp\/v2\/posts"}],"about":[{"href":"https:\/\/noticiasnoface.com.br\/index.php\/wp-json\/wp\/v2\/types\/post"}],"author":[{"embeddable":true,"href":"https:\/\/noticiasnoface.com.br\/index.php\/wp-json\/wp\/v2\/users\/1"}],"replies":[{"embeddable":true,"href":"https:\/\/noticiasnoface.com.br\/index.php\/wp-json\/wp\/v2\/comments?post=23317"}],"version-history":[{"count":1,"href":"https:\/\/noticiasnoface.com.br\/index.php\/wp-json\/wp\/v2\/posts\/23317\/revisions"}],"predecessor-version":[{"id":23321,"href":"https:\/\/noticiasnoface.com.br\/index.php\/wp-json\/wp\/v2\/posts\/23317\/revisions\/23321"}],"wp:attachment":[{"href":"https:\/\/noticiasnoface.com.br\/index.php\/wp-json\/wp\/v2\/media?parent=23317"}],"wp:term":[{"taxonomy":"category","embeddable":true,"href":"https:\/\/noticiasnoface.com.br\/index.php\/wp-json\/wp\/v2\/categories?post=23317"},{"taxonomy":"post_tag","embeddable":true,"href":"https:\/\/noticiasnoface.com.br\/index.php\/wp-json\/wp\/v2\/tags?post=23317"}],"curies":[{"name":"wp","href":"https:\/\/api.w.org\/{rel}","templated":true}]}}