{"id":23337,"date":"2024-04-11T04:44:36","date_gmt":"2024-04-11T07:44:36","guid":{"rendered":"https:\/\/noticiasnoface.com.br\/?p=23337"},"modified":"2024-04-11T04:44:38","modified_gmt":"2024-04-11T07:44:38","slug":"ex-mulata-do-sargentelli-revela-romance-com-roberto-carlos","status":"publish","type":"post","link":"https:\/\/noticiasnoface.com.br\/index.php\/2024\/04\/11\/ex-mulata-do-sargentelli-revela-romance-com-roberto-carlos\/","title":{"rendered":"Ex-mulata do Sargentelli revela romance com Roberto Carlos"},"content":{"rendered":"\n<figure class=\"wp-block-image size-full\"><img data-opt-id=809888031  fetchpriority=\"high\" decoding=\"async\" width=\"1004\" height=\"674\" src=\"https:\/\/mlbfrsat7ahr.i.optimole.com\/w:auto\/h:auto\/q:mauto\/ig:avif\/https:\/\/noticiasnoface.com.br\/wp-content\/uploads\/2024\/04\/IMG_2980.jpeg\" alt=\"\" class=\"wp-image-23338\" srcset=\"https:\/\/mlbfrsat7ahr.i.optimole.com\/w:1004\/h:674\/q:mauto\/ig:avif\/https:\/\/noticiasnoface.com.br\/wp-content\/uploads\/2024\/04\/IMG_2980.jpeg 1004w, https:\/\/mlbfrsat7ahr.i.optimole.com\/w:300\/h:201\/q:mauto\/ig:avif\/https:\/\/noticiasnoface.com.br\/wp-content\/uploads\/2024\/04\/IMG_2980.jpeg 300w, https:\/\/mlbfrsat7ahr.i.optimole.com\/w:768\/h:516\/q:mauto\/ig:avif\/https:\/\/noticiasnoface.com.br\/wp-content\/uploads\/2024\/04\/IMG_2980.jpeg 768w\" sizes=\"(max-width: 1000px) 100vw, 1000px\" \/><\/figure>\n\n\n\n<!--more-->\n\n\n\n<p>F\u00e1tima Gon\u00e7alves, famosa nos anos 80, deu detalhes do envolvimento com o rei depois de participar de um clipe ao lado dele. Saiba mais!<\/p>\n\n\n\n<h2 class=\"wp-block-heading\">Uma hist\u00f3ria de amor <\/h2>\n\n\n\n<p>Famosa nos anos 80 por ser uma das mulatas de Sargentelli, F\u00e1tima Gon\u00e7alves deu detalhes do envolvimento com&nbsp;<a href=\"https:\/\/www.instagram.com\/robertocarlosoficial\/\" target=\"_blank\" rel=\"noreferrer noopener\">Roberto Carlos<\/a>, que aconteceu depois de participar de um clipe ao lado dele.&nbsp;<a href=\"https:\/\/www.metropoles.com\/colunas\/fabia-oliveira\" target=\"_blank\" rel=\"noreferrer noopener\">\u201cFiquei sem a\u00e7\u00e3o\u201d<\/a>, disse em bate-papo no GeralPod, apresentado por Rodrigo Mandarini.<\/p>\n\n\n\n<p>\u201cEu vivi uma hist\u00f3ria com ele\u201d, garantiu. Segundo a ex-dan\u00e7arina, tudo come\u00e7ou ap\u00f3s atuar em S\u00f3 Voc\u00ea N\u00e3o Sabe, lan\u00e7ado em 1989. Anteriormente, F\u00e1tima j\u00e1 tinha participado de N\u00eaga, de 86, quando conheceu o cantor pessoalmente. \u201cAli tivemos contato direto\u201d, relembrou.<\/p>\n\n\n\n<h2 class=\"wp-block-heading\">\u201cTou morrendo de tes\u00e3o por voc\u00ea \u201c<\/h2>\n\n\n\n<p> <\/p>\n\n\n\n<p>A artista destacou que ficou orgulhosa por ter sido convidada para protagonizar cenas de um clipe com Roberto pela segunda vez: \u201cPara mim, o mais prazeroso foi ser chamada duas vezes\u201d. Curioso, Mandarini quis saber: \u201cEnt\u00e3o ele gostou, n\u00e9?\u201d. \u201cProvavelmente\u201d, respondeu aos risos.<\/p>\n\n\n\n<p>No projeto, F\u00e1tima tinha o papel de seduzir Roberto, que acabou se interessando de verdade. De acordo com a mo\u00e7a, o veterano pediu para repetir uma das cenas rom\u00e2nticas. \u201cEle falou no meu ouvido: \u2018eu t\u00f4 achando que o meu diretor t\u00e1 muito a fim de voc\u00ea, o problema \u00e9 que eu tamb\u00e9m\u2019\u201d, pontuou.<\/p>\n\n\n\n<p>No final, ao pegar seus pertences para ir embora, Carminha, secret\u00e1ria do m\u00fasico, a chamou de volta e disparou: \u201cO Roberto quer falar com voc\u00ea\u201d. Chegando no camarim, deu de cara com ele: \u201cEle olhou para a minha cara e n\u00e3o falou nada, simplesmente me deu um beijo na boca. Eu fiquei sem a\u00e7\u00e3o, mas correspondi\u201d.<\/p>\n\n\n\n<p>Questionada sobre a performance de Roberto durante o beijo, F\u00e1tima garantiu ter sido bom. \u201cBeija [bem]\u201d, elogiou. Dias depois, a ex-mulata teria recebido um telefonema do affair:<\/p>\n\n\n\n<p>\u201cSabe o que ele fala? \u2018T\u00f4 morrendo de tes\u00e3o em voc\u00ea\u2019.\u201d, lembrou. Em seguida, ela falou que teve um encontro \u00edntimo com Roberto em um apartamento. \u201cEu n\u00e3o tinha dimens\u00e3o do que estava acontecendo\u201d, justificou.<\/p>\n\n\n\n<p>Rodrigo fez uma pergunta indiscreta, querendo saber se na \u00e9poca, Roberto Carlos era casado. \u201cAli, naquele momento, estava inteiro comigo\u201d, negou F\u00e1tima Gon\u00e7alves. Na ocasi\u00e3o, o \u00edcone da MPB tinha acabado de se separar de Mirian Rios, com quem viveu oficialmente de 1980 a 1989.<\/p>\n","protected":false},"excerpt":{"rendered":"","protected":false},"author":1,"featured_media":0,"comment_status":"open","ping_status":"open","sticky":false,"template":"","format":"image","meta":{"site-sidebar-layout":"default","site-content-layout":"","ast-site-content-layout":"default","site-content-style":"default","site-sidebar-style":"default","ast-global-header-display":"","ast-banner-title-visibility":"","ast-main-header-display":"","ast-hfb-above-header-display":"","ast-hfb-below-header-display":"","ast-hfb-mobile-header-display":"","site-post-title":"","ast-breadcrumbs-content":"","ast-featured-img":"","footer-sml-layout":"","ast-disable-related-posts":"","theme-transparent-header-meta":"","adv-header-id-meta":"","stick-header-meta":"","header-above-stick-meta":"","header-main-stick-meta":"","header-below-stick-meta":"","astra-migrate-meta-layouts":"default","ast-page-background-enabled":"default","ast-page-background-meta":{"desktop":{"background-color":"var(--ast-global-color-4)","background-image":"","background-repeat":"repeat","background-position":"center center","background-size":"auto","background-attachment":"scroll","background-type":"","background-media":"","overlay-type":"","overlay-color":"","overlay-opacity":"","overlay-gradient":""},"tablet":{"background-color":"","background-image":"","background-repeat":"repeat","background-position":"center center","background-size":"auto","background-attachment":"scroll","background-type":"","background-media":"","overlay-type":"","overlay-color":"","overlay-opacity":"","overlay-gradient":""},"mobile":{"background-color":"","background-image":"","background-repeat":"repeat","background-position":"center center","background-size":"auto","background-attachment":"scroll","background-type":"","background-media":"","overlay-type":"","overlay-color":"","overlay-opacity":"","overlay-gradient":""}},"ast-content-background-meta":{"desktop":{"background-color":"var(--ast-global-color-5)","background-image":"","background-repeat":"repeat","background-position":"center center","background-size":"auto","background-attachment":"scroll","background-type":"","background-media":"","overlay-type":"","overlay-color":"","overlay-opacity":"","overlay-gradient":""},"tablet":{"background-color":"var(--ast-global-color-5)","background-image":"","background-repeat":"repeat","background-position":"center center","background-size":"auto","background-attachment":"scroll","background-type":"","background-media":"","overlay-type":"","overlay-color":"","overlay-opacity":"","overlay-gradient":""},"mobile":{"background-color":"var(--ast-global-color-5)","background-image":"","background-repeat":"repeat","background-position":"center center","background-size":"auto","background-attachment":"scroll","background-type":"","background-media":"","overlay-type":"","overlay-color":"","overlay-opacity":"","overlay-gradient":""}},"footnotes":""},"categories":[517],"tags":[3717,1531,112],"class_list":["post-23337","post","type-post","status-publish","format-image","hentry","category-aconteceu","tag-mulata","tag-roberto-carlos","tag-sexo","post_format-post-format-image"],"_links":{"self":[{"href":"https:\/\/noticiasnoface.com.br\/index.php\/wp-json\/wp\/v2\/posts\/23337","targetHints":{"allow":["GET"]}}],"collection":[{"href":"https:\/\/noticiasnoface.com.br\/index.php\/wp-json\/wp\/v2\/posts"}],"about":[{"href":"https:\/\/noticiasnoface.com.br\/index.php\/wp-json\/wp\/v2\/types\/post"}],"author":[{"embeddable":true,"href":"https:\/\/noticiasnoface.com.br\/index.php\/wp-json\/wp\/v2\/users\/1"}],"replies":[{"embeddable":true,"href":"https:\/\/noticiasnoface.com.br\/index.php\/wp-json\/wp\/v2\/comments?post=23337"}],"version-history":[{"count":1,"href":"https:\/\/noticiasnoface.com.br\/index.php\/wp-json\/wp\/v2\/posts\/23337\/revisions"}],"predecessor-version":[{"id":23339,"href":"https:\/\/noticiasnoface.com.br\/index.php\/wp-json\/wp\/v2\/posts\/23337\/revisions\/23339"}],"wp:attachment":[{"href":"https:\/\/noticiasnoface.com.br\/index.php\/wp-json\/wp\/v2\/media?parent=23337"}],"wp:term":[{"taxonomy":"category","embeddable":true,"href":"https:\/\/noticiasnoface.com.br\/index.php\/wp-json\/wp\/v2\/categories?post=23337"},{"taxonomy":"post_tag","embeddable":true,"href":"https:\/\/noticiasnoface.com.br\/index.php\/wp-json\/wp\/v2\/tags?post=23337"}],"curies":[{"name":"wp","href":"https:\/\/api.w.org\/{rel}","templated":true}]}}