{"id":23351,"date":"2024-04-11T15:50:57","date_gmt":"2024-04-11T18:50:57","guid":{"rendered":"https:\/\/noticiasnoface.com.br\/?p=23351"},"modified":"2024-04-12T09:54:02","modified_gmt":"2024-04-12T12:54:02","slug":"styvenson-inaugura-usina-de-asfalto-em-cruzeta","status":"publish","type":"post","link":"https:\/\/noticiasnoface.com.br\/index.php\/2024\/04\/11\/styvenson-inaugura-usina-de-asfalto-em-cruzeta\/","title":{"rendered":"STYVENSON inaugura usina de asfalto em Cruzeta"},"content":{"rendered":"\n<figure class=\"wp-block-image size-large\"><img data-opt-id=2100641031  fetchpriority=\"high\" decoding=\"async\" width=\"1024\" height=\"682\" src=\"https:\/\/mlbfrsat7ahr.i.optimole.com\/w:1024\/h:682\/q:mauto\/ig:avif\/https:\/\/noticiasnoface.com.br\/wp-content\/uploads\/2024\/04\/IMG_3041.webp\" alt=\"\" class=\"wp-image-23352\" srcset=\"https:\/\/mlbfrsat7ahr.i.optimole.com\/w:1024\/h:682\/q:mauto\/ig:avif\/https:\/\/noticiasnoface.com.br\/wp-content\/uploads\/2024\/04\/IMG_3041.webp 1024w, https:\/\/mlbfrsat7ahr.i.optimole.com\/w:300\/h:200\/q:mauto\/ig:avif\/https:\/\/noticiasnoface.com.br\/wp-content\/uploads\/2024\/04\/IMG_3041.webp 300w, https:\/\/mlbfrsat7ahr.i.optimole.com\/w:768\/h:512\/q:mauto\/ig:avif\/https:\/\/noticiasnoface.com.br\/wp-content\/uploads\/2024\/04\/IMG_3041.webp 768w, https:\/\/mlbfrsat7ahr.i.optimole.com\/w:1280\/h:853\/q:mauto\/ig:avif\/https:\/\/noticiasnoface.com.br\/wp-content\/uploads\/2024\/04\/IMG_3041.webp 1280w\" sizes=\"(max-width: 1000px) 100vw, 1000px\" \/><\/figure>\n\n\n\n<p>O slogan do mandato do senador STYVENSON n\u00e3o \u00e9 mera pe\u00e7a publicit\u00e1ria\u2026Styvenson n\u00e3o promete, Styvenson Faz<\/p>\n\n\n\n<!--more-->\n\n\n\n<h2 class=\"wp-block-heading\">Disse que ia fazer e fez <\/h2>\n\n\n\n<p>Com recursos oriundos do senador Senador Styvenson Valentim, a Usina de Asfalto do Cons\u00f3rcio Intermunicipal Multifinalit\u00e1rio da Regi\u00e3o do Serid\u00f3 do Rio Grande do Norte, ser\u00e1 inaugurada \u00e0s 09h desta sexta-feira, 12\/04\/2024, em Cruzeta\/RN, com a presen\u00e7a do Senador Styvenson Valentim, Deputados- Estaduais e Federais- Prefeitos, Vice Prefeitos, Vereadores e demais autoridades.<\/p>\n\n\n\n<figure class=\"wp-block-image size-full\"><img data-opt-id=834862106  fetchpriority=\"high\" decoding=\"async\" width=\"1024\" height=\"682\" src=\"https:\/\/mlbfrsat7ahr.i.optimole.com\/w:auto\/h:auto\/q:mauto\/ig:avif\/https:\/\/noticiasnoface.com.br\/wp-content\/uploads\/2024\/04\/IMG_3047.webp\" alt=\"\" class=\"wp-image-23353\" srcset=\"https:\/\/mlbfrsat7ahr.i.optimole.com\/w:1024\/h:682\/q:mauto\/ig:avif\/https:\/\/noticiasnoface.com.br\/wp-content\/uploads\/2024\/04\/IMG_3047.webp 1024w, https:\/\/mlbfrsat7ahr.i.optimole.com\/w:300\/h:200\/q:mauto\/ig:avif\/https:\/\/noticiasnoface.com.br\/wp-content\/uploads\/2024\/04\/IMG_3047.webp 300w, https:\/\/mlbfrsat7ahr.i.optimole.com\/w:768\/h:512\/q:mauto\/ig:avif\/https:\/\/noticiasnoface.com.br\/wp-content\/uploads\/2024\/04\/IMG_3047.webp 768w\" sizes=\"(max-width: 1000px) 100vw, 1000px\" \/><\/figure>\n\n\n\n<p>O terreno com 1.200 metros quadrados fica localizado \u00e0s margens da RN 288, (Sentido Cruzeta \u00e0 S\u00e3o Jos\u00e9 do Serid\u00f3), e vai atender, al\u00e9m da cidade, outros 24 munic\u00edpios consorciados.<\/p>\n\n\n\n<h2 class=\"wp-block-heading\">Todos ganham <\/h2>\n\n\n\n<figure class=\"wp-block-image size-full\"><img data-opt-id=801954233  data-opt-src=\"https:\/\/mlbfrsat7ahr.i.optimole.com\/w:auto\/h:auto\/q:mauto\/ig:avif\/https:\/\/noticiasnoface.com.br\/wp-content\/uploads\/2024\/04\/IMG_3048.webp\"  decoding=\"async\" width=\"1024\" height=\"682\" src=\"data:image/svg+xml,%3Csvg%20viewBox%3D%220%200%20100%%20100%%22%20width%3D%22100%%22%20height%3D%22100%%22%20xmlns%3D%22http%3A%2F%2Fwww.w3.org%2F2000%2Fsvg%22%3E%3Crect%20width%3D%22100%%22%20height%3D%22100%%22%20fill%3D%22transparent%22%2F%3E%3C%2Fsvg%3E\" alt=\"\" class=\"wp-image-23354\" old-srcset=\"https:\/\/mlbfrsat7ahr.i.optimole.com\/w:1024\/h:682\/q:mauto\/ig:avif\/https:\/\/noticiasnoface.com.br\/wp-content\/uploads\/2024\/04\/IMG_3048.webp 1024w, https:\/\/mlbfrsat7ahr.i.optimole.com\/w:300\/h:200\/q:mauto\/ig:avif\/https:\/\/noticiasnoface.com.br\/wp-content\/uploads\/2024\/04\/IMG_3048.webp 300w, https:\/\/mlbfrsat7ahr.i.optimole.com\/w:768\/h:512\/q:mauto\/ig:avif\/https:\/\/noticiasnoface.com.br\/wp-content\/uploads\/2024\/04\/IMG_3048.webp 768w\" \/><\/figure>\n\n\n\n<p>Com a usina, ser\u00e1 poss\u00edvel solucionar problemas das vias p\u00fablicas urbanas e rurais e reduzir os custos de asfaltamento. O novo maquin\u00e1rio tem capacidade de produ\u00e7\u00e3o de at\u00e9 40\/60 toneladas\/hora, sendo composto por vassoura mec\u00e2nica, tanque est\u00e1tico para asfalto (com capacidade de 30.000 litros), vibro acabadora de asfalto, niveladora vibrat\u00f3ria de pavimentos hidr\u00e1ulica, rolo compactador de asfalto autopropelido hidrost\u00e1tico vibrat\u00f3rio, rolo compactador terraplenagem vibrat\u00f3rio, extrusora de guia e sarjeta.<\/p>\n","protected":false},"excerpt":{"rendered":"<p>O slogan do mandato do senador STYVENSON n\u00e3o \u00e9 mera pe\u00e7a publicit\u00e1ria\u2026Styvenson n\u00e3o promete, Styvenson Faz<\/p>\n","protected":false},"author":1,"featured_media":0,"comment_status":"open","ping_status":"open","sticky":false,"template":"","format":"image","meta":{"site-sidebar-layout":"default","site-content-layout":"","ast-site-content-layout":"default","site-content-style":"default","site-sidebar-style":"default","ast-global-header-display":"","ast-banner-title-visibility":"","ast-main-header-display":"","ast-hfb-above-header-display":"","ast-hfb-below-header-display":"","ast-hfb-mobile-header-display":"","site-post-title":"","ast-breadcrumbs-content":"","ast-featured-img":"","footer-sml-layout":"","ast-disable-related-posts":"","theme-transparent-header-meta":"","adv-header-id-meta":"","stick-header-meta":"","header-above-stick-meta":"","header-main-stick-meta":"","header-below-stick-meta":"","astra-migrate-meta-layouts":"default","ast-page-background-enabled":"default","ast-page-background-meta":{"desktop":{"background-color":"var(--ast-global-color-4)","background-image":"","background-repeat":"repeat","background-position":"center center","background-size":"auto","background-attachment":"scroll","background-type":"","background-media":"","overlay-type":"","overlay-color":"","overlay-opacity":"","overlay-gradient":""},"tablet":{"background-color":"","background-image":"","background-repeat":"repeat","background-position":"center center","background-size":"auto","background-attachment":"scroll","background-type":"","background-media":"","overlay-type":"","overlay-color":"","overlay-opacity":"","overlay-gradient":""},"mobile":{"background-color":"","background-image":"","background-repeat":"repeat","background-position":"center center","background-size":"auto","background-attachment":"scroll","background-type":"","background-media":"","overlay-type":"","overlay-color":"","overlay-opacity":"","overlay-gradient":""}},"ast-content-background-meta":{"desktop":{"background-color":"var(--ast-global-color-5)","background-image":"","background-repeat":"repeat","background-position":"center center","background-size":"auto","background-attachment":"scroll","background-type":"","background-media":"","overlay-type":"","overlay-color":"","overlay-opacity":"","overlay-gradient":""},"tablet":{"background-color":"var(--ast-global-color-5)","background-image":"","background-repeat":"repeat","background-position":"center center","background-size":"auto","background-attachment":"scroll","background-type":"","background-media":"","overlay-type":"","overlay-color":"","overlay-opacity":"","overlay-gradient":""},"mobile":{"background-color":"var(--ast-global-color-5)","background-image":"","background-repeat":"repeat","background-position":"center center","background-size":"auto","background-attachment":"scroll","background-type":"","background-media":"","overlay-type":"","overlay-color":"","overlay-opacity":"","overlay-gradient":""}},"footnotes":""},"categories":[517],"tags":[936,22,653],"class_list":["post-23351","post","type-post","status-publish","format-image","hentry","category-aconteceu","tag-asfalto","tag-noticias-no-face","tag-senador-styvenson","post_format-post-format-image"],"_links":{"self":[{"href":"https:\/\/noticiasnoface.com.br\/index.php\/wp-json\/wp\/v2\/posts\/23351","targetHints":{"allow":["GET"]}}],"collection":[{"href":"https:\/\/noticiasnoface.com.br\/index.php\/wp-json\/wp\/v2\/posts"}],"about":[{"href":"https:\/\/noticiasnoface.com.br\/index.php\/wp-json\/wp\/v2\/types\/post"}],"author":[{"embeddable":true,"href":"https:\/\/noticiasnoface.com.br\/index.php\/wp-json\/wp\/v2\/users\/1"}],"replies":[{"embeddable":true,"href":"https:\/\/noticiasnoface.com.br\/index.php\/wp-json\/wp\/v2\/comments?post=23351"}],"version-history":[{"count":3,"href":"https:\/\/noticiasnoface.com.br\/index.php\/wp-json\/wp\/v2\/posts\/23351\/revisions"}],"predecessor-version":[{"id":23371,"href":"https:\/\/noticiasnoface.com.br\/index.php\/wp-json\/wp\/v2\/posts\/23351\/revisions\/23371"}],"wp:attachment":[{"href":"https:\/\/noticiasnoface.com.br\/index.php\/wp-json\/wp\/v2\/media?parent=23351"}],"wp:term":[{"taxonomy":"category","embeddable":true,"href":"https:\/\/noticiasnoface.com.br\/index.php\/wp-json\/wp\/v2\/categories?post=23351"},{"taxonomy":"post_tag","embeddable":true,"href":"https:\/\/noticiasnoface.com.br\/index.php\/wp-json\/wp\/v2\/tags?post=23351"}],"curies":[{"name":"wp","href":"https:\/\/api.w.org\/{rel}","templated":true}]}}