{"id":23361,"date":"2024-04-12T08:15:43","date_gmt":"2024-04-12T11:15:43","guid":{"rendered":"https:\/\/noticiasnoface.com.br\/?p=23361"},"modified":"2024-04-12T09:53:34","modified_gmt":"2024-04-12T12:53:34","slug":"lula-libera-presos-para-comemorar-datas-livres","status":"publish","type":"post","link":"https:\/\/noticiasnoface.com.br\/index.php\/2024\/04\/12\/lula-libera-presos-para-comemorar-datas-livres\/","title":{"rendered":"Lula libera presos saidinhas"},"content":{"rendered":"\n<figure class=\"wp-block-image size-full\"><img data-opt-id=659018317  fetchpriority=\"high\" decoding=\"async\" width=\"739\" height=\"415\" src=\"https:\/\/mlbfrsat7ahr.i.optimole.com\/w:auto\/h:auto\/q:mauto\/ig:avif\/https:\/\/noticiasnoface.com.br\/wp-content\/uploads\/2024\/04\/IMG_3038.jpeg\" alt=\"\" class=\"wp-image-23362\" srcset=\"https:\/\/mlbfrsat7ahr.i.optimole.com\/w:739\/h:415\/q:mauto\/ig:avif\/https:\/\/noticiasnoface.com.br\/wp-content\/uploads\/2024\/04\/IMG_3038.jpeg 739w, https:\/\/mlbfrsat7ahr.i.optimole.com\/w:300\/h:168\/q:mauto\/ig:avif\/https:\/\/noticiasnoface.com.br\/wp-content\/uploads\/2024\/04\/IMG_3038.jpeg 300w\" sizes=\"(max-width: 739px) 100vw, 739px\" \/><\/figure>\n\n\n\n<p>O presidente Lula vetou projeto que impediria de presos sair da cadeia em datas comemorativas<\/p>\n\n\n\n<!--more-->\n\n\n\n<h2 class=\"wp-block-heading\">Saidinhas <\/h2>\n\n\n\n<p>A san\u00e7\u00e3o da Lei das Saidinhas pelo presidente Luiz In\u00e1cio Lula da Silva (PT) foi publicada, nesta quinta-feira (11), em sess\u00e3o extra no Di\u00e1rio Oficial da Uni\u00e3o (DOU), com um veto ao trecho que impedia o preso do regime semiaberto de visitar a fam\u00edlia.<\/p>\n\n\n\n<p>A informa\u00e7\u00e3o&nbsp;<a href=\"https:\/\/www.cnnbrasil.com.br\/politica\/lei-das-saidinhas-lula-deve-vetar-trecho-que-impede-preso-de-visitar-familia\/\" target=\"_blank\" rel=\"noreferrer noopener\">foi adiantada pela&nbsp;<strong>CNN<\/strong><\/a>&nbsp;e&nbsp;<a href=\"https:\/\/www.cnnbrasil.com.br\/politica\/lei-das-saidinhas-governo-confirma-veto-a-trecho-que-impedia-preso-visitar-familia\/\" target=\"_blank\" rel=\"noreferrer noopener\">confirmada posteriormente pelo ministro da Justi\u00e7a, Ricardo Lewandowski<\/a>.<\/p>\n\n\n\n<figure class=\"wp-block-image size-full\"><img data-opt-id=639687276  fetchpriority=\"high\" decoding=\"async\" width=\"276\" height=\"183\" src=\"https:\/\/mlbfrsat7ahr.i.optimole.com\/w:auto\/h:auto\/q:mauto\/ig:avif\/https:\/\/noticiasnoface.com.br\/wp-content\/uploads\/2024\/04\/IMG_3071.png\" alt=\"\" class=\"wp-image-23363\"\/><\/figure>\n\n\n\n<p>O veto de Lula aconteceu ap\u00f3s orienta\u00e7\u00e3o dada pela ala jur\u00eddica do governo, como o Minist\u00e9rio da Justi\u00e7a e Seguran\u00e7a P\u00fablica e a Advocacia-Geral da Uni\u00e3o.<\/p>\n\n\n\n<ul class=\"wp-block-list\">\n<li>Segundo Lewandowski, o \u201cveto pontual \u00e9 apenas na restri\u00e7\u00e3o das chamadas sa\u00eddas tempor\u00e1rias, estabelecidas pela lei de execu\u00e7\u00e3o penal, no sentido de permitir, e apenas nesse ponto, \u00e9 apenas desse ponto que n\u00f3s estamos divergindo da opini\u00e3o do Congresso Nacional, a sa\u00edda dos presos do regime semiaberto para visitar as fam\u00edlias\u201d.<\/li>\n\n\n\n<li>\u201cN\u00f3s entendemos que a proibi\u00e7\u00e3o de visita \u00e0s fam\u00edlias dos presos que j\u00e1 se encontram no regime semiaberto atenta contra valores fundamentais da Constitui\u00e7\u00e3o\u201d, continuou o ministro.<\/li>\n\n\n\n<li>Outro artigo, que fala sobre o preso poder sair temporariamente para atividades que facilitem sua integra\u00e7\u00e3o ao conv\u00edvio social, foi vetado por consequ\u00eancia do primeiro impedimento.<\/li>\n\n\n\n<li>Denominada oficialmente como Lei Sargento PM Dias \u2014&nbsp;<a href=\"https:\/\/www.cnnbrasil.com.br\/nacional\/morre-policial-militar-baleado-na-cabeca-em-bh\/\" target=\"_blank\" rel=\"noopener\">em homenagem ao policial que foi baleado na cabe\u00e7a no dia 5 de janeiro ap\u00f3s uma abordagem a dois suspeitos em Belo Horizonte<\/a>&nbsp;\u2013, a medida altera a Lei de Execu\u00e7\u00e3o Penal de 1984, que passa a vigorar com as altera\u00e7\u00f5es:<\/li>\n\n\n\n<li>Determina a utiliza\u00e7\u00e3o do equipamento de monitora\u00e7\u00e3o eletr\u00f4nica pelo condenado nas hip\u00f3teses legais;<\/li>\n\n\n\n<li>O preso somente ter\u00e1 direito \u00e0 progress\u00e3o de regime se ostentar boa conduta carcer\u00e1ria, comprovada pelo diretor da penitenci\u00e1ria, e pelos resultados do exame criminol\u00f3gico, respeitadas as normas que vedam a progress\u00e3o;<\/li>\n\n\n\n<li>O preso deve apresentar pelos seus antecedentes e pelos resultados do exame criminol\u00f3gico, ind\u00edcios de que ir\u00e1 ajustar-se, com autodisciplina, baixa periculosidade e senso de responsabilidade, ao novo regime;<\/li>\n\n\n\n<li>O juiz poder\u00e1 estabelecer condi\u00e7\u00f5es especiais para a concess\u00e3o de regime aberto, entre as quais, a fiscaliza\u00e7\u00e3o por monitoramento eletr\u00f4nico;<\/li>\n\n\n\n<li>N\u00e3o ter\u00e1 direito \u00e0 sa\u00edda tempor\u00e1ria ou a trabalho externo sem vigil\u00e2ncia direta o condenado que cumpre pena por praticar crime hediondo ou com viol\u00eancia ou grave amea\u00e7a contra pessoa;<\/li>\n\n\n\n<li>Quando se tratar de frequ\u00eancia a curso profissionalizante ou de instru\u00e7\u00e3o de ensino m\u00e9dio, ou&nbsp;superior, o tempo de sa\u00edda ser\u00e1 o necess\u00e1rio para o cumprimento das atividades discentes.<\/li>\n<\/ul>\n","protected":false},"excerpt":{"rendered":"<p>O presidente Lula vetou projeto que impediria de presos sair da cadeia em datas comemorativas<\/p>\n","protected":false},"author":1,"featured_media":0,"comment_status":"open","ping_status":"open","sticky":false,"template":"","format":"image","meta":{"site-sidebar-layout":"default","site-content-layout":"","ast-site-content-layout":"default","site-content-style":"default","site-sidebar-style":"default","ast-global-header-display":"","ast-banner-title-visibility":"","ast-main-header-display":"","ast-hfb-above-header-display":"","ast-hfb-below-header-display":"","ast-hfb-mobile-header-display":"","site-post-title":"","ast-breadcrumbs-content":"","ast-featured-img":"","footer-sml-layout":"","ast-disable-related-posts":"","theme-transparent-header-meta":"","adv-header-id-meta":"","stick-header-meta":"","header-above-stick-meta":"","header-main-stick-meta":"","header-below-stick-meta":"","astra-migrate-meta-layouts":"default","ast-page-background-enabled":"default","ast-page-background-meta":{"desktop":{"background-color":"var(--ast-global-color-4)","background-image":"","background-repeat":"repeat","background-position":"center center","background-size":"auto","background-attachment":"scroll","background-type":"","background-media":"","overlay-type":"","overlay-color":"","overlay-opacity":"","overlay-gradient":""},"tablet":{"background-color":"","background-image":"","background-repeat":"repeat","background-position":"center center","background-size":"auto","background-attachment":"scroll","background-type":"","background-media":"","overlay-type":"","overlay-color":"","overlay-opacity":"","overlay-gradient":""},"mobile":{"background-color":"","background-image":"","background-repeat":"repeat","background-position":"center center","background-size":"auto","background-attachment":"scroll","background-type":"","background-media":"","overlay-type":"","overlay-color":"","overlay-opacity":"","overlay-gradient":""}},"ast-content-background-meta":{"desktop":{"background-color":"var(--ast-global-color-5)","background-image":"","background-repeat":"repeat","background-position":"center center","background-size":"auto","background-attachment":"scroll","background-type":"","background-media":"","overlay-type":"","overlay-color":"","overlay-opacity":"","overlay-gradient":""},"tablet":{"background-color":"var(--ast-global-color-5)","background-image":"","background-repeat":"repeat","background-position":"center center","background-size":"auto","background-attachment":"scroll","background-type":"","background-media":"","overlay-type":"","overlay-color":"","overlay-opacity":"","overlay-gradient":""},"mobile":{"background-color":"var(--ast-global-color-5)","background-image":"","background-repeat":"repeat","background-position":"center center","background-size":"auto","background-attachment":"scroll","background-type":"","background-media":"","overlay-type":"","overlay-color":"","overlay-opacity":"","overlay-gradient":""}},"footnotes":""},"categories":[517],"tags":[2406,3594],"class_list":["post-23361","post","type-post","status-publish","format-image","hentry","category-aconteceu","tag-presos","tag-saidinhas","post_format-post-format-image"],"_links":{"self":[{"href":"https:\/\/noticiasnoface.com.br\/index.php\/wp-json\/wp\/v2\/posts\/23361","targetHints":{"allow":["GET"]}}],"collection":[{"href":"https:\/\/noticiasnoface.com.br\/index.php\/wp-json\/wp\/v2\/posts"}],"about":[{"href":"https:\/\/noticiasnoface.com.br\/index.php\/wp-json\/wp\/v2\/types\/post"}],"author":[{"embeddable":true,"href":"https:\/\/noticiasnoface.com.br\/index.php\/wp-json\/wp\/v2\/users\/1"}],"replies":[{"embeddable":true,"href":"https:\/\/noticiasnoface.com.br\/index.php\/wp-json\/wp\/v2\/comments?post=23361"}],"version-history":[{"count":3,"href":"https:\/\/noticiasnoface.com.br\/index.php\/wp-json\/wp\/v2\/posts\/23361\/revisions"}],"predecessor-version":[{"id":23370,"href":"https:\/\/noticiasnoface.com.br\/index.php\/wp-json\/wp\/v2\/posts\/23361\/revisions\/23370"}],"wp:attachment":[{"href":"https:\/\/noticiasnoface.com.br\/index.php\/wp-json\/wp\/v2\/media?parent=23361"}],"wp:term":[{"taxonomy":"category","embeddable":true,"href":"https:\/\/noticiasnoface.com.br\/index.php\/wp-json\/wp\/v2\/categories?post=23361"},{"taxonomy":"post_tag","embeddable":true,"href":"https:\/\/noticiasnoface.com.br\/index.php\/wp-json\/wp\/v2\/tags?post=23361"}],"curies":[{"name":"wp","href":"https:\/\/api.w.org\/{rel}","templated":true}]}}