{"id":23372,"date":"2024-04-12T09:59:02","date_gmt":"2024-04-12T12:59:02","guid":{"rendered":"https:\/\/noticiasnoface.com.br\/?p=23372"},"modified":"2024-04-12T09:59:03","modified_gmt":"2024-04-12T12:59:03","slug":"justica-rejeita-recurso-de-maria-do-rosario-e-arquiva-em-definitivo-acao-contra-bolsonaro","status":"publish","type":"post","link":"https:\/\/noticiasnoface.com.br\/index.php\/2024\/04\/12\/justica-rejeita-recurso-de-maria-do-rosario-e-arquiva-em-definitivo-acao-contra-bolsonaro\/","title":{"rendered":"Justi\u00e7a rejeita recurso de Maria do Ros\u00e1rio e arquiva em definitivo a\u00e7\u00e3o contra Bolsonaro"},"content":{"rendered":"\n<figure class=\"wp-block-image size-full\"><img data-opt-id=1343949407  fetchpriority=\"high\" decoding=\"async\" width=\"712\" height=\"370\" src=\"https:\/\/mlbfrsat7ahr.i.optimole.com\/w:auto\/h:auto\/q:mauto\/ig:avif\/https:\/\/noticiasnoface.com.br\/wp-content\/uploads\/2024\/04\/IMG_3083.webp\" alt=\"\" class=\"wp-image-23373\" srcset=\"https:\/\/mlbfrsat7ahr.i.optimole.com\/w:712\/h:370\/q:mauto\/ig:avif\/https:\/\/noticiasnoface.com.br\/wp-content\/uploads\/2024\/04\/IMG_3083.webp 712w, https:\/\/mlbfrsat7ahr.i.optimole.com\/w:300\/h:156\/q:mauto\/ig:avif\/https:\/\/noticiasnoface.com.br\/wp-content\/uploads\/2024\/04\/IMG_3083.webp 300w\" sizes=\"(max-width: 712px) 100vw, 712px\" \/><\/figure>\n\n\n\n<p>A Corte reconheceu que o processo contra o ex-presidente prescreveu <\/p>\n\n\n\n<!--more-->\n\n\n\n<ul class=\"wp-block-list\">\n<li>A\u00a0<strong><a href=\"https:\/\/www.tjdft.jus.br\/\" target=\"_blank\" rel=\"noreferrer noopener\">Justi\u00e7a do Distrito Federal e Territ\u00f3rios (TJDFT<\/a><\/strong>) rejeitou o recurso e arquivou definitivamente o processo movido pela deputada federal Maria do Ros\u00e1rio (PT-RS) contra o ex-presidente Jair Bolsonaro (PL) acerca de uma fala em 2014, na qual ele disse, pela segunda vez, que a parlamentar n\u00e3o \u2018merecia\u2019 ser estuprada porque \u201cera muito feia\u201d.\u00a0<\/li>\n\n\n\n<li>A Corte voltou a reconhecer que o processo prescreveu e, nesta quinta-feira, 11, deu-se a baixa.<\/li>\n\n\n\n<li>A a\u00e7\u00e3o foi apresentada pela petista em 2016, e, mesmo considerando o per\u00edodo de quatro anos em que o processo ficou suspenso enquanto Bolsonaro estava na Presid\u00eancia da Rep\u00fablica, o prazo prescricional de tr\u00eas anos foi superado, conforme argumentou a 2\u00aa Turma Recursal dos Juizados Especiais do TJDFT.<\/li>\n\n\n\n<li>Bolsonaro pagou indeniza\u00e7\u00e3o e publicou pedido de desculpas<\/li>\n\n\n\n<li>Pela mesma ofensa, em 2019, Bolsonaro foi condenado a pagar R$ 10 mil por danos morais e pedir desculpas publicamente \u00e0 deputada.<\/li>\n\n\n\n<li>No texto de desculpas, publicado nas redes sociais, o ex-presidente afirmou ter dito que Maria do Ros\u00e1rio n\u00e3o \u201cmerecia ser estuprada porque era muito e feia\u201d e n\u00e3o fazia o tipo dele no \u201ccalor do momento em embate ideol\u00f3gico entre parlamentares\u201d sobre o criminoso Champinha, \u00e0 \u00e9poca com 16 anos condenado por estupro, tortura e duplo assassinato.<\/li>\n\n\n\n<li>Em seu pedido de desculpas, Bolsonaro afirmou: \u201cAp\u00f3s ser injustamente ofendido pela congressista em quest\u00e3o, que me insultava, chamando-me de estuprador, retruquei afirmando que ela \u2018n\u00e3o merecia ser estuprada\u2019\u201d.\u00a0<\/li>\n\n\n\n<li>RELEMBRE O CASO <\/li>\n\n\n\n<li>Roberto Aparecido Alves Cardoso, \u00e0 \u00e9poca com 16 anos, conhecido como Champinha, foi o mentor do sequestro, tortura e assassinato do casal de namorados Liana Friedenbach, 16, e Felipe Caff\u00e9, 19, em Embu-Gua\u00e7u, na regi\u00e3o metropolitana de S\u00e3o Paulo. O crime come\u00e7ou em 1\u00ba de novembro de 2003.<\/li>\n\n\n\n<li>De acordo com as investiga\u00e7\u00f5es, a adolescente foi estuprada repetidas vezes por outros homens durante cinco dias.<\/li>\n\n\n\n<li>Em 10 de novembro, um dia ap\u00f3s Champinha apontar onde estavam os corpos do casal, o ent\u00e3o deputado federal Jair Bolsonaro (PTB-RJ) defendia a redu\u00e7\u00e3o da maioridade penal de 18 para 16 anos durante uma entrevista a equipe da Rede TV, na C\u00e2mara, em Bras\u00edlia, quando se deu a primeira discuss\u00e3o pol\u00eamica com a deputada Maria do Ros\u00e1rio.<\/li>\n<\/ul>\n","protected":false},"excerpt":{"rendered":"<p>A Corte reconheceu que o processo contra o ex-presidente prescreveu<\/p>\n","protected":false},"author":1,"featured_media":0,"comment_status":"open","ping_status":"open","sticky":false,"template":"","format":"image","meta":{"site-sidebar-layout":"default","site-content-layout":"","ast-site-content-layout":"default","site-content-style":"default","site-sidebar-style":"default","ast-global-header-display":"","ast-banner-title-visibility":"","ast-main-header-display":"","ast-hfb-above-header-display":"","ast-hfb-below-header-display":"","ast-hfb-mobile-header-display":"","site-post-title":"","ast-breadcrumbs-content":"","ast-featured-img":"","footer-sml-layout":"","ast-disable-related-posts":"","theme-transparent-header-meta":"","adv-header-id-meta":"","stick-header-meta":"","header-above-stick-meta":"","header-main-stick-meta":"","header-below-stick-meta":"","astra-migrate-meta-layouts":"default","ast-page-background-enabled":"default","ast-page-background-meta":{"desktop":{"background-color":"var(--ast-global-color-4)","background-image":"","background-repeat":"repeat","background-position":"center center","background-size":"auto","background-attachment":"scroll","background-type":"","background-media":"","overlay-type":"","overlay-color":"","overlay-opacity":"","overlay-gradient":""},"tablet":{"background-color":"","background-image":"","background-repeat":"repeat","background-position":"center center","background-size":"auto","background-attachment":"scroll","background-type":"","background-media":"","overlay-type":"","overlay-color":"","overlay-opacity":"","overlay-gradient":""},"mobile":{"background-color":"","background-image":"","background-repeat":"repeat","background-position":"center center","background-size":"auto","background-attachment":"scroll","background-type":"","background-media":"","overlay-type":"","overlay-color":"","overlay-opacity":"","overlay-gradient":""}},"ast-content-background-meta":{"desktop":{"background-color":"var(--ast-global-color-5)","background-image":"","background-repeat":"repeat","background-position":"center center","background-size":"auto","background-attachment":"scroll","background-type":"","background-media":"","overlay-type":"","overlay-color":"","overlay-opacity":"","overlay-gradient":""},"tablet":{"background-color":"var(--ast-global-color-5)","background-image":"","background-repeat":"repeat","background-position":"center center","background-size":"auto","background-attachment":"scroll","background-type":"","background-media":"","overlay-type":"","overlay-color":"","overlay-opacity":"","overlay-gradient":""},"mobile":{"background-color":"var(--ast-global-color-5)","background-image":"","background-repeat":"repeat","background-position":"center center","background-size":"auto","background-attachment":"scroll","background-type":"","background-media":"","overlay-type":"","overlay-color":"","overlay-opacity":"","overlay-gradient":""}},"footnotes":""},"categories":[517],"tags":[8,3718],"class_list":["post-23372","post","type-post","status-publish","format-image","hentry","category-aconteceu","tag-bolsonaro","tag-maria-do-rosario","post_format-post-format-image"],"_links":{"self":[{"href":"https:\/\/noticiasnoface.com.br\/index.php\/wp-json\/wp\/v2\/posts\/23372","targetHints":{"allow":["GET"]}}],"collection":[{"href":"https:\/\/noticiasnoface.com.br\/index.php\/wp-json\/wp\/v2\/posts"}],"about":[{"href":"https:\/\/noticiasnoface.com.br\/index.php\/wp-json\/wp\/v2\/types\/post"}],"author":[{"embeddable":true,"href":"https:\/\/noticiasnoface.com.br\/index.php\/wp-json\/wp\/v2\/users\/1"}],"replies":[{"embeddable":true,"href":"https:\/\/noticiasnoface.com.br\/index.php\/wp-json\/wp\/v2\/comments?post=23372"}],"version-history":[{"count":1,"href":"https:\/\/noticiasnoface.com.br\/index.php\/wp-json\/wp\/v2\/posts\/23372\/revisions"}],"predecessor-version":[{"id":23374,"href":"https:\/\/noticiasnoface.com.br\/index.php\/wp-json\/wp\/v2\/posts\/23372\/revisions\/23374"}],"wp:attachment":[{"href":"https:\/\/noticiasnoface.com.br\/index.php\/wp-json\/wp\/v2\/media?parent=23372"}],"wp:term":[{"taxonomy":"category","embeddable":true,"href":"https:\/\/noticiasnoface.com.br\/index.php\/wp-json\/wp\/v2\/categories?post=23372"},{"taxonomy":"post_tag","embeddable":true,"href":"https:\/\/noticiasnoface.com.br\/index.php\/wp-json\/wp\/v2\/tags?post=23372"}],"curies":[{"name":"wp","href":"https:\/\/api.w.org\/{rel}","templated":true}]}}