{"id":23378,"date":"2024-04-12T21:01:28","date_gmt":"2024-04-13T00:01:28","guid":{"rendered":"https:\/\/noticiasnoface.com.br\/?p=23378"},"modified":"2024-04-12T21:01:30","modified_gmt":"2024-04-13T00:01:30","slug":"homem-da-20-facadas-na-ex-mulher-por-nao-aceitar-o-fim-da-relacao","status":"publish","type":"post","link":"https:\/\/noticiasnoface.com.br\/index.php\/2024\/04\/12\/homem-da-20-facadas-na-ex-mulher-por-nao-aceitar-o-fim-da-relacao\/","title":{"rendered":"Homem da 20 facadas na ex-mulher por n\u00e3o aceitar o fim da rela\u00e7\u00e3o"},"content":{"rendered":"\n<figure class=\"wp-block-image size-full\"><img data-opt-id=926041787  fetchpriority=\"high\" decoding=\"async\" width=\"612\" height=\"408\" src=\"https:\/\/mlbfrsat7ahr.i.optimole.com\/w:auto\/h:auto\/q:mauto\/ig:avif\/https:\/\/noticiasnoface.com.br\/wp-content\/uploads\/2024\/04\/IMG_3112.jpeg\" alt=\"\" class=\"wp-image-23379\" srcset=\"https:\/\/mlbfrsat7ahr.i.optimole.com\/w:612\/h:408\/q:mauto\/ig:avif\/https:\/\/noticiasnoface.com.br\/wp-content\/uploads\/2024\/04\/IMG_3112.jpeg 612w, https:\/\/mlbfrsat7ahr.i.optimole.com\/w:300\/h:200\/q:mauto\/ig:avif\/https:\/\/noticiasnoface.com.br\/wp-content\/uploads\/2024\/04\/IMG_3112.jpeg 300w\" sizes=\"(max-width: 612px) 100vw, 612px\" \/><\/figure>\n\n\n\n<p><strong>S\u00e3o Paulo \u2013<\/strong>\u00a0O programador Alef de Souza Braga, de 29 anos, virou r\u00e9u por tentativa de\u00a0<a href=\"https:\/\/www.metropoles.com\/tag\/feminicidio\" target=\"_blank\" rel=\"noreferrer noopener\">feminic\u00eddio<\/a>ap\u00f3s n\u00e3o aceitar o fim da rela\u00e7\u00e3o<\/p>\n\n\n\n<!--more-->\n\n\n\n<h2 class=\"wp-block-heading\">Entenda o caso<\/h2>\n\n\n\n<p><strong>S\u00e3o Paulo \u2013<\/strong>\u00a0O programador Alef de Souza Braga, de 29 anos, virou r\u00e9u por tentativa de\u00a0<a href=\"https:\/\/www.metropoles.com\/tag\/feminicidio\" target=\"_blank\" rel=\"noreferrer noopener\">feminic\u00eddio<\/a>ap\u00f3s n\u00e3o aceitar o fim da rela\u00e7\u00e3o e dar cerca de 20 facadas na ex-companheira, a jornalista Caroline Cristina Galhardo, 33, na\u00a0<a href=\"https:\/\/www.metropoles.com\/sao-paulo\" target=\"_blank\" rel=\"noreferrer noopener\">capital paulista<\/a>, no in\u00edcio do m\u00eas. Com les\u00f5es graves, a v\u00edtima ainda est\u00e1 hospitalizada<\/p>\n\n\n\n<p>.<\/p>\n\n\n\n<figure class=\"wp-block-image size-full\"><img data-opt-id=2084495356  fetchpriority=\"high\" decoding=\"async\" width=\"600\" height=\"400\" src=\"https:\/\/mlbfrsat7ahr.i.optimole.com\/w:auto\/h:auto\/q:mauto\/ig:avif\/https:\/\/noticiasnoface.com.br\/wp-content\/uploads\/2024\/04\/IMG_3113.jpeg\" alt=\"\" class=\"wp-image-23380\" srcset=\"https:\/\/mlbfrsat7ahr.i.optimole.com\/w:600\/h:400\/q:mauto\/ig:avif\/https:\/\/noticiasnoface.com.br\/wp-content\/uploads\/2024\/04\/IMG_3113.jpeg 600w, https:\/\/mlbfrsat7ahr.i.optimole.com\/w:300\/h:200\/q:mauto\/ig:avif\/https:\/\/noticiasnoface.com.br\/wp-content\/uploads\/2024\/04\/IMG_3113.jpeg 300w\" sizes=\"(max-width: 600px) 100vw, 600px\" \/><\/figure>\n\n\n\n<p>O caso aconteceu na noite de 3 de abril, por volta das 19h30, no apartamento da v\u00edtima, no Mandaqui, zona norte de S\u00e3o Paulo. Segundo a den\u00fancia, oferecida pelo Minist\u00e9rio P\u00fablico de S\u00e3o Paulo (<a href=\"https:\/\/www.mpsp.mp.br\/noticias\" target=\"_blank\" rel=\"noreferrer noopener\">MPSP<\/a>) nesta sexta-feira (12\/4) e aceita pela Justi\u00e7a paulista no mesmo dia, a v\u00edtima foi atingida a facadas no pesco\u00e7o, t\u00f3rax e nos bra\u00e7os.<\/p>\n\n\n\n<figure class=\"wp-block-image size-full\"><img data-opt-id=222029855  data-opt-src=\"https:\/\/mlbfrsat7ahr.i.optimole.com\/w:auto\/h:auto\/q:mauto\/ig:avif\/https:\/\/noticiasnoface.com.br\/wp-content\/uploads\/2024\/04\/IMG_3114.jpeg\"  decoding=\"async\" width=\"600\" height=\"400\" src=\"data:image/svg+xml,%3Csvg%20viewBox%3D%220%200%20100%%20100%%22%20width%3D%22100%%22%20height%3D%22100%%22%20xmlns%3D%22http%3A%2F%2Fwww.w3.org%2F2000%2Fsvg%22%3E%3Crect%20width%3D%22100%%22%20height%3D%22100%%22%20fill%3D%22transparent%22%2F%3E%3C%2Fsvg%3E\" alt=\"\" class=\"wp-image-23381\" old-srcset=\"https:\/\/mlbfrsat7ahr.i.optimole.com\/w:600\/h:400\/q:mauto\/ig:avif\/https:\/\/noticiasnoface.com.br\/wp-content\/uploads\/2024\/04\/IMG_3114.jpeg 600w, https:\/\/mlbfrsat7ahr.i.optimole.com\/w:300\/h:200\/q:mauto\/ig:avif\/https:\/\/noticiasnoface.com.br\/wp-content\/uploads\/2024\/04\/IMG_3114.jpeg 300w\" \/><\/figure>\n\n\n\n<p>Mesmo ferida, Caroline conseguiu fugir para casa de uma vizinha e a Pol\u00edcia Militar (PM) foi acionada. Socorrida ao hospital, ela ficou intubada na UTI e precisou passar por cirurgia no t\u00f3rax e na cabe\u00e7a por causa das les\u00f5es sofridas.<\/p>\n\n\n\n<figure class=\"wp-block-image size-full\"><img data-opt-id=1075736014  data-opt-src=\"https:\/\/mlbfrsat7ahr.i.optimole.com\/w:auto\/h:auto\/q:mauto\/ig:avif\/https:\/\/noticiasnoface.com.br\/wp-content\/uploads\/2024\/04\/IMG_3115.jpeg\"  decoding=\"async\" width=\"600\" height=\"400\" src=\"data:image/svg+xml,%3Csvg%20viewBox%3D%220%200%20100%%20100%%22%20width%3D%22100%%22%20height%3D%22100%%22%20xmlns%3D%22http%3A%2F%2Fwww.w3.org%2F2000%2Fsvg%22%3E%3Crect%20width%3D%22100%%22%20height%3D%22100%%22%20fill%3D%22transparent%22%2F%3E%3C%2Fsvg%3E\" alt=\"\" class=\"wp-image-23382\" old-srcset=\"https:\/\/mlbfrsat7ahr.i.optimole.com\/w:600\/h:400\/q:mauto\/ig:avif\/https:\/\/noticiasnoface.com.br\/wp-content\/uploads\/2024\/04\/IMG_3115.jpeg 600w, https:\/\/mlbfrsat7ahr.i.optimole.com\/w:300\/h:200\/q:mauto\/ig:avif\/https:\/\/noticiasnoface.com.br\/wp-content\/uploads\/2024\/04\/IMG_3115.jpeg 300w\" \/><\/figure>\n\n\n\n<p>Ao entrar no apartamento, os PMs encontraram sangue espalhado por diversos c\u00f4modos e a faca, com o cabo quebrado, na entrada do im\u00f3vel. O agressor estava trancado no banheiro e dizia que ia cometer suic\u00eddio. Ap\u00f3s cerca de 20 minutos de negocia\u00e7\u00e3o, os agentes conseguiram fazer Alef abrir a porta, sair com as m\u00e3os para cima e se entregar. Ele foi preso em flagrante e segue na cadeia.<\/p>\n","protected":false},"excerpt":{"rendered":"<p>S\u00e3o Paulo \u2013\u00a0O programador Alef de Souza Braga, de 29 anos, virou r\u00e9u por tentativa de\u00a0feminic\u00eddioap\u00f3s n\u00e3o aceitar o fim [&hellip;]<\/p>\n","protected":false},"author":1,"featured_media":0,"comment_status":"open","ping_status":"open","sticky":false,"template":"","format":"image","meta":{"site-sidebar-layout":"default","site-content-layout":"","ast-site-content-layout":"default","site-content-style":"default","site-sidebar-style":"default","ast-global-header-display":"","ast-banner-title-visibility":"","ast-main-header-display":"","ast-hfb-above-header-display":"","ast-hfb-below-header-display":"","ast-hfb-mobile-header-display":"","site-post-title":"","ast-breadcrumbs-content":"","ast-featured-img":"","footer-sml-layout":"","ast-disable-related-posts":"","theme-transparent-header-meta":"","adv-header-id-meta":"","stick-header-meta":"","header-above-stick-meta":"","header-main-stick-meta":"","header-below-stick-meta":"","astra-migrate-meta-layouts":"default","ast-page-background-enabled":"default","ast-page-background-meta":{"desktop":{"background-color":"var(--ast-global-color-4)","background-image":"","background-repeat":"repeat","background-position":"center center","background-size":"auto","background-attachment":"scroll","background-type":"","background-media":"","overlay-type":"","overlay-color":"","overlay-opacity":"","overlay-gradient":""},"tablet":{"background-color":"","background-image":"","background-repeat":"repeat","background-position":"center center","background-size":"auto","background-attachment":"scroll","background-type":"","background-media":"","overlay-type":"","overlay-color":"","overlay-opacity":"","overlay-gradient":""},"mobile":{"background-color":"","background-image":"","background-repeat":"repeat","background-position":"center center","background-size":"auto","background-attachment":"scroll","background-type":"","background-media":"","overlay-type":"","overlay-color":"","overlay-opacity":"","overlay-gradient":""}},"ast-content-background-meta":{"desktop":{"background-color":"var(--ast-global-color-5)","background-image":"","background-repeat":"repeat","background-position":"center center","background-size":"auto","background-attachment":"scroll","background-type":"","background-media":"","overlay-type":"","overlay-color":"","overlay-opacity":"","overlay-gradient":""},"tablet":{"background-color":"var(--ast-global-color-5)","background-image":"","background-repeat":"repeat","background-position":"center center","background-size":"auto","background-attachment":"scroll","background-type":"","background-media":"","overlay-type":"","overlay-color":"","overlay-opacity":"","overlay-gradient":""},"mobile":{"background-color":"var(--ast-global-color-5)","background-image":"","background-repeat":"repeat","background-position":"center center","background-size":"auto","background-attachment":"scroll","background-type":"","background-media":"","overlay-type":"","overlay-color":"","overlay-opacity":"","overlay-gradient":""}},"footnotes":""},"categories":[517],"tags":[1187,22],"class_list":["post-23378","post","type-post","status-publish","format-image","hentry","category-aconteceu","tag-feminicidio","tag-noticias-no-face","post_format-post-format-image"],"_links":{"self":[{"href":"https:\/\/noticiasnoface.com.br\/index.php\/wp-json\/wp\/v2\/posts\/23378","targetHints":{"allow":["GET"]}}],"collection":[{"href":"https:\/\/noticiasnoface.com.br\/index.php\/wp-json\/wp\/v2\/posts"}],"about":[{"href":"https:\/\/noticiasnoface.com.br\/index.php\/wp-json\/wp\/v2\/types\/post"}],"author":[{"embeddable":true,"href":"https:\/\/noticiasnoface.com.br\/index.php\/wp-json\/wp\/v2\/users\/1"}],"replies":[{"embeddable":true,"href":"https:\/\/noticiasnoface.com.br\/index.php\/wp-json\/wp\/v2\/comments?post=23378"}],"version-history":[{"count":1,"href":"https:\/\/noticiasnoface.com.br\/index.php\/wp-json\/wp\/v2\/posts\/23378\/revisions"}],"predecessor-version":[{"id":23383,"href":"https:\/\/noticiasnoface.com.br\/index.php\/wp-json\/wp\/v2\/posts\/23378\/revisions\/23383"}],"wp:attachment":[{"href":"https:\/\/noticiasnoface.com.br\/index.php\/wp-json\/wp\/v2\/media?parent=23378"}],"wp:term":[{"taxonomy":"category","embeddable":true,"href":"https:\/\/noticiasnoface.com.br\/index.php\/wp-json\/wp\/v2\/categories?post=23378"},{"taxonomy":"post_tag","embeddable":true,"href":"https:\/\/noticiasnoface.com.br\/index.php\/wp-json\/wp\/v2\/tags?post=23378"}],"curies":[{"name":"wp","href":"https:\/\/api.w.org\/{rel}","templated":true}]}}