{"id":23386,"date":"2024-04-12T21:39:47","date_gmt":"2024-04-13T00:39:47","guid":{"rendered":"https:\/\/noticiasnoface.com.br\/?p=23386"},"modified":"2024-04-12T21:39:49","modified_gmt":"2024-04-13T00:39:49","slug":"camara-de-natal-passara-a-emitir-carteiras-de-identificacao-nacional","status":"publish","type":"post","link":"https:\/\/noticiasnoface.com.br\/index.php\/2024\/04\/12\/camara-de-natal-passara-a-emitir-carteiras-de-identificacao-nacional\/","title":{"rendered":"C\u00c2MARA DE NATAL PASSAR\u00c1 A EMITIR CARTEIRAS DE IDENTIFICA\u00c7\u00c3O NACIONAL"},"content":{"rendered":"\n<figure class=\"wp-block-image size-large\"><img data-opt-id=122054292  fetchpriority=\"high\" decoding=\"async\" width=\"837\" height=\"624\" src=\"https:\/\/mlbfrsat7ahr.i.optimole.com\/w:auto\/h:auto\/q:mauto\/ig:avif\/https:\/\/noticiasnoface.com.br\/wp-content\/uploads\/2024\/04\/img_3118-2-1.jpg\" class=\"wp-image-23385\" srcset=\"https:\/\/mlbfrsat7ahr.i.optimole.com\/w:837\/h:624\/q:mauto\/ig:avif\/https:\/\/noticiasnoface.com.br\/wp-content\/uploads\/2024\/04\/img_3118-2-1.jpg 837w, https:\/\/mlbfrsat7ahr.i.optimole.com\/w:300\/h:224\/q:mauto\/ig:avif\/https:\/\/noticiasnoface.com.br\/wp-content\/uploads\/2024\/04\/img_3118-2-1.jpg 300w, https:\/\/mlbfrsat7ahr.i.optimole.com\/w:768\/h:573\/q:mauto\/ig:avif\/https:\/\/noticiasnoface.com.br\/wp-content\/uploads\/2024\/04\/img_3118-2-1.jpg 768w\" sizes=\"(max-width: 837px) 100vw, 837px\" \/><\/figure>\n\n\n\n<!--more-->\n\n\n\n<p><\/p>\n\n\n\n<p>O Vereador \u00c9riko J\u00e1come, presidente da C\u00e2mara Municipal de Natal realizou na \u00faltima ter\u00e7a-feira (09), uma visita institucional do Diretor Geral do ITEP, Marcos Brand\u00e3o.<\/p>\n\n\n\n<p>Acompanhado da presidente da Federa\u00e7\u00e3o das C\u00e2maras Municipais do Rio Grande do Norte, Erineide S\u00e1, da Diretora Tha\u00eds Nogueira e dos auxiliares Micarla Costa e Igor Costa, \u00c9riko J\u00e1come colocou a C\u00e2mara Municipal de Natal \u00e0 disposi\u00e7\u00e3o do Instituto T\u00e9cnico e Cient\u00edfico de Per\u00edcia para colaborar na emiss\u00e3o das novas Carteiras de Identifica\u00e7\u00e3o Nacional.<\/p>\n\n\n\n<p>Mediado pela FECAM, a C\u00e2mara de Natal vai assinar nos pr\u00f3ximos dias o termo de coopera\u00e7\u00e3o t\u00e9cnica com o ITEP, passando a ser um posto de atendimento do \u00f3rg\u00e3o, visando a descentraliza\u00e7\u00e3o no tocante a emiss\u00e3o dos novos documentos de identifica\u00e7\u00e3o.<\/p>\n\n\n\n<p>O programa liderado pela FECAM \u00e9 in\u00e9dito no pa\u00eds e tem sido fundamental na presta\u00e7\u00e3o do servi\u00e7o em dezenas de munic\u00edpios do Rio Grande do Norte.<\/p>\n","protected":false},"excerpt":{"rendered":"","protected":false},"author":1,"featured_media":0,"comment_status":"open","ping_status":"open","sticky":false,"template":"","format":"image","meta":{"site-sidebar-layout":"default","site-content-layout":"","ast-site-content-layout":"default","site-content-style":"default","site-sidebar-style":"default","ast-global-header-display":"","ast-banner-title-visibility":"","ast-main-header-display":"","ast-hfb-above-header-display":"","ast-hfb-below-header-display":"","ast-hfb-mobile-header-display":"","site-post-title":"","ast-breadcrumbs-content":"","ast-featured-img":"","footer-sml-layout":"","ast-disable-related-posts":"","theme-transparent-header-meta":"","adv-header-id-meta":"","stick-header-meta":"","header-above-stick-meta":"","header-main-stick-meta":"","header-below-stick-meta":"","astra-migrate-meta-layouts":"default","ast-page-background-enabled":"default","ast-page-background-meta":{"desktop":{"background-color":"var(--ast-global-color-4)","background-image":"","background-repeat":"repeat","background-position":"center center","background-size":"auto","background-attachment":"scroll","background-type":"","background-media":"","overlay-type":"","overlay-color":"","overlay-opacity":"","overlay-gradient":""},"tablet":{"background-color":"","background-image":"","background-repeat":"repeat","background-position":"center center","background-size":"auto","background-attachment":"scroll","background-type":"","background-media":"","overlay-type":"","overlay-color":"","overlay-opacity":"","overlay-gradient":""},"mobile":{"background-color":"","background-image":"","background-repeat":"repeat","background-position":"center center","background-size":"auto","background-attachment":"scroll","background-type":"","background-media":"","overlay-type":"","overlay-color":"","overlay-opacity":"","overlay-gradient":""}},"ast-content-background-meta":{"desktop":{"background-color":"var(--ast-global-color-5)","background-image":"","background-repeat":"repeat","background-position":"center center","background-size":"auto","background-attachment":"scroll","background-type":"","background-media":"","overlay-type":"","overlay-color":"","overlay-opacity":"","overlay-gradient":""},"tablet":{"background-color":"var(--ast-global-color-5)","background-image":"","background-repeat":"repeat","background-position":"center center","background-size":"auto","background-attachment":"scroll","background-type":"","background-media":"","overlay-type":"","overlay-color":"","overlay-opacity":"","overlay-gradient":""},"mobile":{"background-color":"var(--ast-global-color-5)","background-image":"","background-repeat":"repeat","background-position":"center center","background-size":"auto","background-attachment":"scroll","background-type":"","background-media":"","overlay-type":"","overlay-color":"","overlay-opacity":"","overlay-gradient":""}},"footnotes":""},"categories":[517],"tags":[],"class_list":["post-23386","post","type-post","status-publish","format-image","hentry","category-aconteceu","post_format-post-format-image"],"_links":{"self":[{"href":"https:\/\/noticiasnoface.com.br\/index.php\/wp-json\/wp\/v2\/posts\/23386","targetHints":{"allow":["GET"]}}],"collection":[{"href":"https:\/\/noticiasnoface.com.br\/index.php\/wp-json\/wp\/v2\/posts"}],"about":[{"href":"https:\/\/noticiasnoface.com.br\/index.php\/wp-json\/wp\/v2\/types\/post"}],"author":[{"embeddable":true,"href":"https:\/\/noticiasnoface.com.br\/index.php\/wp-json\/wp\/v2\/users\/1"}],"replies":[{"embeddable":true,"href":"https:\/\/noticiasnoface.com.br\/index.php\/wp-json\/wp\/v2\/comments?post=23386"}],"version-history":[{"count":1,"href":"https:\/\/noticiasnoface.com.br\/index.php\/wp-json\/wp\/v2\/posts\/23386\/revisions"}],"predecessor-version":[{"id":23387,"href":"https:\/\/noticiasnoface.com.br\/index.php\/wp-json\/wp\/v2\/posts\/23386\/revisions\/23387"}],"wp:attachment":[{"href":"https:\/\/noticiasnoface.com.br\/index.php\/wp-json\/wp\/v2\/media?parent=23386"}],"wp:term":[{"taxonomy":"category","embeddable":true,"href":"https:\/\/noticiasnoface.com.br\/index.php\/wp-json\/wp\/v2\/categories?post=23386"},{"taxonomy":"post_tag","embeddable":true,"href":"https:\/\/noticiasnoface.com.br\/index.php\/wp-json\/wp\/v2\/tags?post=23386"}],"curies":[{"name":"wp","href":"https:\/\/api.w.org\/{rel}","templated":true}]}}