{"id":23404,"date":"2024-04-13T08:20:25","date_gmt":"2024-04-13T11:20:25","guid":{"rendered":"https:\/\/noticiasnoface.com.br\/?p=23404"},"modified":"2024-04-13T08:20:26","modified_gmt":"2024-04-13T11:20:26","slug":"va-com-deus-bonner-anuncia-afastamento-do-jornal-nacional","status":"publish","type":"post","link":"https:\/\/noticiasnoface.com.br\/index.php\/2024\/04\/13\/va-com-deus-bonner-anuncia-afastamento-do-jornal-nacional\/","title":{"rendered":"V\u00e1 com Deus- Bonner anuncia afastamento do jornal Nacional"},"content":{"rendered":"\n<figure class=\"wp-block-image size-full\"><img data-opt-id=96638190  fetchpriority=\"high\" decoding=\"async\" width=\"800\" height=\"450\" src=\"https:\/\/mlbfrsat7ahr.i.optimole.com\/w:auto\/h:auto\/q:mauto\/ig:avif\/https:\/\/noticiasnoface.com.br\/wp-content\/uploads\/2024\/04\/IMG_3137.jpeg\" alt=\"\" class=\"wp-image-23405\" srcset=\"https:\/\/mlbfrsat7ahr.i.optimole.com\/w:800\/h:450\/q:mauto\/ig:avif\/https:\/\/noticiasnoface.com.br\/wp-content\/uploads\/2024\/04\/IMG_3137.jpeg 800w, https:\/\/mlbfrsat7ahr.i.optimole.com\/w:300\/h:169\/q:mauto\/ig:avif\/https:\/\/noticiasnoface.com.br\/wp-content\/uploads\/2024\/04\/IMG_3137.jpeg 300w, https:\/\/mlbfrsat7ahr.i.optimole.com\/w:768\/h:432\/q:mauto\/ig:avif\/https:\/\/noticiasnoface.com.br\/wp-content\/uploads\/2024\/04\/IMG_3137.jpeg 768w\" sizes=\"(max-width: 800px) 100vw, 800px\" \/><\/figure>\n\n\n\n<p><a href=\"https:\/\/www.bnews.com.br\/tags\/william-bonner\" target=\"_blank\" rel=\"noreferrer noopener\">William Bonner<\/a>\u00a0ficar\u00e1 longe das telinhas da TV Globo por um tempo. O jornalista anunciou seu afastamento ao vivo durante o Jornal Nacional desta sexta-feira (12) e explicou o motivo da aus\u00eancia repentina.<\/p>\n\n\n\n<!--more-->\n\n\n\n<p><\/p>\n\n\n\n<p>\u201cEu estou saindo de f\u00e9rias hoje. Volto a trabalhar no dia 2 de maio. Boa noite, bom fim de semana!\u201d, confessou o comunicador, deixando claro que tirar\u00e1 um tempo para descansar a mente e o corpo.<\/p>\n\n\n\n<p>O an\u00fancio acabou repercutindo nas redes sociais e rendeu alguns coment\u00e1rios dos internautas. \u201cAcho o m\u00e1ximo o Bonner dando satisfa\u00e7\u00e3o no Jornal Nacional de que vai sair de f\u00e9rias\u201d, brincou um. \u201cWilliam Bonner \u00e9 uma lenda. Merece esse per\u00edodo de descansa, volta logo!\u201d, desejou outro.<\/p>\n\n\n\n<figure class=\"wp-block-embed is-type-rich is-provider-twitter wp-block-embed-twitter\"><div class=\"wp-block-embed__wrapper\">\n<blockquote class=\"twitter-tweet\" data-width=\"500\" data-dnt=\"true\"><p lang=\"pt\" dir=\"ltr\">Ele merece! Durante o <a href=\"https:\/\/twitter.com\/hashtag\/JornalNacional?src=hash&amp;ref_src=twsrc%5Etfw\" target=\"_blank\" rel=\"noopener\">#JornalNacional<\/a> de hoje, William Bonner disse que tirar\u00e1 f\u00e9rias e que s\u00f3 voltar\u00e1 no dia 2 de maio. O que acharam desse momento descontra\u00eddo do <a href=\"https:\/\/twitter.com\/hashtag\/JN?src=hash&amp;ref_src=twsrc%5Etfw\" target=\"_blank\" rel=\"noopener\">#JN<\/a>? <br><br>| Confira o v\u00eddeo | <a href=\"https:\/\/t.co\/zN2WZucOje\">pic.twitter.com\/zN2WZucOje<\/a><\/p>&mdash; TeleInforme (@teleinforme) <a href=\"https:\/\/twitter.com\/teleinforme\/status\/1778946870192046143?ref_src=twsrc%5Etfw\" target=\"_blank\" rel=\"noopener\">April 13, 2024<\/a><\/blockquote><script async src=\"https:\/\/platform.twitter.com\/widgets.js\" charset=\"utf-8\"><\/script>\n<\/div><\/figure>\n","protected":false},"excerpt":{"rendered":"<p>William Bonner\u00a0ficar\u00e1 longe das telinhas da TV Globo por um tempo. O jornalista anunciou seu afastamento ao vivo durante o [&hellip;]<\/p>\n","protected":false},"author":1,"featured_media":0,"comment_status":"open","ping_status":"open","sticky":false,"template":"","format":"image","meta":{"site-sidebar-layout":"default","site-content-layout":"","ast-site-content-layout":"default","site-content-style":"default","site-sidebar-style":"default","ast-global-header-display":"","ast-banner-title-visibility":"","ast-main-header-display":"","ast-hfb-above-header-display":"","ast-hfb-below-header-display":"","ast-hfb-mobile-header-display":"","site-post-title":"","ast-breadcrumbs-content":"","ast-featured-img":"","footer-sml-layout":"","ast-disable-related-posts":"","theme-transparent-header-meta":"","adv-header-id-meta":"","stick-header-meta":"","header-above-stick-meta":"","header-main-stick-meta":"","header-below-stick-meta":"","astra-migrate-meta-layouts":"default","ast-page-background-enabled":"default","ast-page-background-meta":{"desktop":{"background-color":"var(--ast-global-color-4)","background-image":"","background-repeat":"repeat","background-position":"center center","background-size":"auto","background-attachment":"scroll","background-type":"","background-media":"","overlay-type":"","overlay-color":"","overlay-opacity":"","overlay-gradient":""},"tablet":{"background-color":"","background-image":"","background-repeat":"repeat","background-position":"center center","background-size":"auto","background-attachment":"scroll","background-type":"","background-media":"","overlay-type":"","overlay-color":"","overlay-opacity":"","overlay-gradient":""},"mobile":{"background-color":"","background-image":"","background-repeat":"repeat","background-position":"center center","background-size":"auto","background-attachment":"scroll","background-type":"","background-media":"","overlay-type":"","overlay-color":"","overlay-opacity":"","overlay-gradient":""}},"ast-content-background-meta":{"desktop":{"background-color":"var(--ast-global-color-5)","background-image":"","background-repeat":"repeat","background-position":"center center","background-size":"auto","background-attachment":"scroll","background-type":"","background-media":"","overlay-type":"","overlay-color":"","overlay-opacity":"","overlay-gradient":""},"tablet":{"background-color":"var(--ast-global-color-5)","background-image":"","background-repeat":"repeat","background-position":"center center","background-size":"auto","background-attachment":"scroll","background-type":"","background-media":"","overlay-type":"","overlay-color":"","overlay-opacity":"","overlay-gradient":""},"mobile":{"background-color":"var(--ast-global-color-5)","background-image":"","background-repeat":"repeat","background-position":"center center","background-size":"auto","background-attachment":"scroll","background-type":"","background-media":"","overlay-type":"","overlay-color":"","overlay-opacity":"","overlay-gradient":""}},"footnotes":""},"categories":[517],"tags":[1685,22,91,3722],"class_list":["post-23404","post","type-post","status-publish","format-image","hentry","category-aconteceu","tag-jornal-nacional","tag-noticias-no-face","tag-rede-globo","tag-willian-bonner","post_format-post-format-image"],"_links":{"self":[{"href":"https:\/\/noticiasnoface.com.br\/index.php\/wp-json\/wp\/v2\/posts\/23404","targetHints":{"allow":["GET"]}}],"collection":[{"href":"https:\/\/noticiasnoface.com.br\/index.php\/wp-json\/wp\/v2\/posts"}],"about":[{"href":"https:\/\/noticiasnoface.com.br\/index.php\/wp-json\/wp\/v2\/types\/post"}],"author":[{"embeddable":true,"href":"https:\/\/noticiasnoface.com.br\/index.php\/wp-json\/wp\/v2\/users\/1"}],"replies":[{"embeddable":true,"href":"https:\/\/noticiasnoface.com.br\/index.php\/wp-json\/wp\/v2\/comments?post=23404"}],"version-history":[{"count":1,"href":"https:\/\/noticiasnoface.com.br\/index.php\/wp-json\/wp\/v2\/posts\/23404\/revisions"}],"predecessor-version":[{"id":23406,"href":"https:\/\/noticiasnoface.com.br\/index.php\/wp-json\/wp\/v2\/posts\/23404\/revisions\/23406"}],"wp:attachment":[{"href":"https:\/\/noticiasnoface.com.br\/index.php\/wp-json\/wp\/v2\/media?parent=23404"}],"wp:term":[{"taxonomy":"category","embeddable":true,"href":"https:\/\/noticiasnoface.com.br\/index.php\/wp-json\/wp\/v2\/categories?post=23404"},{"taxonomy":"post_tag","embeddable":true,"href":"https:\/\/noticiasnoface.com.br\/index.php\/wp-json\/wp\/v2\/tags?post=23404"}],"curies":[{"name":"wp","href":"https:\/\/api.w.org\/{rel}","templated":true}]}}