{"id":23407,"date":"2024-04-14T07:22:31","date_gmt":"2024-04-14T10:22:31","guid":{"rendered":"https:\/\/noticiasnoface.com.br\/?p=23407"},"modified":"2024-04-14T07:22:33","modified_gmt":"2024-04-14T10:22:33","slug":"o-problemao-que-alexandre-de-moraes-arrumou-para-lula","status":"publish","type":"post","link":"https:\/\/noticiasnoface.com.br\/index.php\/2024\/04\/14\/o-problemao-que-alexandre-de-moraes-arrumou-para-lula\/","title":{"rendered":"O problem\u00e3o que Alexandre de Moraes arrumou para Lula"},"content":{"rendered":"\n<figure class=\"wp-block-image size-full\"><img data-opt-id=676611177  fetchpriority=\"high\" decoding=\"async\" width=\"720\" height=\"440\" src=\"https:\/\/mlbfrsat7ahr.i.optimole.com\/w:auto\/h:auto\/q:mauto\/ig:avif\/https:\/\/noticiasnoface.com.br\/wp-content\/uploads\/2024\/04\/IMG_3163.webp\" alt=\"\" class=\"wp-image-23408\" srcset=\"https:\/\/mlbfrsat7ahr.i.optimole.com\/w:720\/h:440\/q:mauto\/ig:avif\/https:\/\/noticiasnoface.com.br\/wp-content\/uploads\/2024\/04\/IMG_3163.webp 720w, https:\/\/mlbfrsat7ahr.i.optimole.com\/w:300\/h:183\/q:mauto\/ig:avif\/https:\/\/noticiasnoface.com.br\/wp-content\/uploads\/2024\/04\/IMG_3163.webp 300w\" sizes=\"(max-width: 720px) 100vw, 720px\" \/><\/figure>\n\n\n\n<p>O ministro\u00a0<strong>Alexandre de Moraes<\/strong>, do\u00a0<strong>Supremo Tribunal Federal<\/strong>, arrumou um problem\u00e3o para\u00a0<strong>Lula<\/strong>\u00a0ao\u00a0<a href=\"https:\/\/veja.abril.com.br\/coluna\/matheus-leitao\/o-jogo-mais-arriscado-de-alexandre-de-moraes\/\" target=\"_blank\" rel=\"noopener\">resolver fazer o arriscado jogo<\/a>\u00a0contra o bilion\u00e1rio\u00a0<strong>Elon Musk<\/strong>.<\/p>\n\n\n\n<!--more-->\n\n\n\n<h2 class=\"wp-block-heading\">Rede social \u201cX\u201d<\/h2>\n\n\n\n<p>Agora, o dono da rede social \u201cX\u201d (ex-Twitter) resolveu passar os \u00faltimos dois dias usando provoca\u00e7\u00f5es de expoentes da extrema-direita brasileira para questionar atos do presidente da Rep\u00fablica.<\/p>\n\n\n\n<p>Acreditem: a batalha de narrativas que\u00a0<a href=\"https:\/\/veja.abril.com.br\/noticias-sobre\/alexandre-de-moraes\/\" target=\"_blank\" rel=\"noopener\">Alexandre de Moraes<\/a>\u00a0tem perdido para Musk na \u00faltima semana (eu avisei) extrapolou a toga do ministro para a dos colegas.<\/p>\n\n\n\n<h2 class=\"wp-block-heading\">Lula na coleira <\/h2>\n\n\n\n<p>Agora, o questionamento n\u00e3o \u00e9 mais se \u201cMoraes tem&nbsp;<a href=\"https:\/\/veja.abril.com.br\/noticias-sobre\/luiz-inacio-lula-da-silva\/\" target=\"_blank\" rel=\"noopener\">Lula<\/a>&nbsp;numa coleira\u201d, mas sim o \u201cconflito de interesses\u201d do presidente ao indicar&nbsp;<strong>Cristiano Zanin<\/strong>, seu advogado nas a\u00e7\u00f5es da Lava Jato, para o STF.&nbsp;<\/p>\n\n\n\n<p>\u201cSeu advogado pessoal na Suprema Corte? O sistema pol\u00edtico\/judici\u00e1rio do Brasil transmite inseguran\u00e7a jur\u00eddica ao mundo\u201d, afirmou Musk primeiramente para depois dizer: \u201cGrande conflito de interesses\u201d.<\/p>\n\n\n\n<figure class=\"wp-block-image size-large\"><img data-opt-id=830423392  fetchpriority=\"high\" decoding=\"async\" width=\"1024\" height=\"674\" src=\"https:\/\/mlbfrsat7ahr.i.optimole.com\/w:1024\/h:674\/q:mauto\/ig:avif\/https:\/\/noticiasnoface.com.br\/wp-content\/uploads\/2024\/04\/IMG_2856.jpeg\" alt=\"\" class=\"wp-image-23268\" srcset=\"https:\/\/mlbfrsat7ahr.i.optimole.com\/w:1024\/h:674\/q:mauto\/ig:avif\/https:\/\/noticiasnoface.com.br\/wp-content\/uploads\/2024\/04\/IMG_2856.jpeg 1024w, https:\/\/mlbfrsat7ahr.i.optimole.com\/w:300\/h:197\/q:mauto\/ig:avif\/https:\/\/noticiasnoface.com.br\/wp-content\/uploads\/2024\/04\/IMG_2856.jpeg 300w, https:\/\/mlbfrsat7ahr.i.optimole.com\/w:768\/h:505\/q:mauto\/ig:avif\/https:\/\/noticiasnoface.com.br\/wp-content\/uploads\/2024\/04\/IMG_2856.jpeg 768w, https:\/\/mlbfrsat7ahr.i.optimole.com\/w:1170\/h:770\/q:mauto\/ig:avif\/https:\/\/noticiasnoface.com.br\/wp-content\/uploads\/2024\/04\/IMG_2856.jpeg 1170w\" sizes=\"(max-width: 1000px) 100vw, 1000px\" \/><\/figure>\n\n\n\n<h2 class=\"wp-block-heading\">A estrat\u00e9gia de Elon Musk <\/h2>\n\n\n\n<p>A nova estrat\u00e9gia do bilion\u00e1rio n\u00e3o parou por a\u00ed. Musk aproveitou a deixa do bolsonarinho (ops, deputado federal)&nbsp;<strong><a href=\"https:\/\/veja.abril.com.br\/noticias-sobre\/nikolas-ferreira\/\" target=\"_blank\" rel=\"noopener\">Nikolas Ferreira<\/a><\/strong>&nbsp;para questionar tamb\u00e9m a nomea\u00e7\u00e3o de&nbsp;<strong>Fl\u00e1vio Dino<\/strong>para a mais alta corte do pa\u00eds. \u201cDo Partido Comunista?\u201d, escreveu.&nbsp;<\/p>\n\n\n\n<p>Era \u00f3bvio que Musk usaria o fato de Alexandre de Moraes ter o inclu\u00eddo na investiga\u00e7\u00e3o das mil\u00edcias digitais para engrossar o coro do bolsonarismo no Brasil, at\u00e9 por sua conhecida linha ideol\u00f3gica.<\/p>\n\n\n\n<p>Sim, n\u00e3o se pode aceitar o descumprimento de ordens judiciais \u2013 ou mesmo amea\u00e7as (lembrem-se que&nbsp;<a href=\"https:\/\/veja.abril.com.br\/noticias-sobre\/jair-bolsonaro\/\" target=\"_blank\" rel=\"noopener\">Bolsonaro<\/a>&nbsp;fez o mesmo) -, mas o Brasil acabou permitindo que um ataque infantil do mimado bilion\u00e1rio extremista se transformasse em uma crise pol\u00edtica nacional.<\/p>\n","protected":false},"excerpt":{"rendered":"<p>O ministro\u00a0Alexandre de Moraes, do\u00a0Supremo Tribunal Federal, arrumou um problem\u00e3o para\u00a0Lula\u00a0ao\u00a0resolver fazer o arriscado jogo\u00a0contra o bilion\u00e1rio\u00a0Elon Musk.<\/p>\n","protected":false},"author":1,"featured_media":0,"comment_status":"open","ping_status":"open","sticky":false,"template":"","format":"image","meta":{"site-sidebar-layout":"default","site-content-layout":"","ast-site-content-layout":"default","site-content-style":"default","site-sidebar-style":"default","ast-global-header-display":"","ast-banner-title-visibility":"","ast-main-header-display":"","ast-hfb-above-header-display":"","ast-hfb-below-header-display":"","ast-hfb-mobile-header-display":"","site-post-title":"","ast-breadcrumbs-content":"","ast-featured-img":"","footer-sml-layout":"","ast-disable-related-posts":"","theme-transparent-header-meta":"","adv-header-id-meta":"","stick-header-meta":"","header-above-stick-meta":"","header-main-stick-meta":"","header-below-stick-meta":"","astra-migrate-meta-layouts":"default","ast-page-background-enabled":"default","ast-page-background-meta":{"desktop":{"background-color":"var(--ast-global-color-4)","background-image":"","background-repeat":"repeat","background-position":"center center","background-size":"auto","background-attachment":"scroll","background-type":"","background-media":"","overlay-type":"","overlay-color":"","overlay-opacity":"","overlay-gradient":""},"tablet":{"background-color":"","background-image":"","background-repeat":"repeat","background-position":"center center","background-size":"auto","background-attachment":"scroll","background-type":"","background-media":"","overlay-type":"","overlay-color":"","overlay-opacity":"","overlay-gradient":""},"mobile":{"background-color":"","background-image":"","background-repeat":"repeat","background-position":"center center","background-size":"auto","background-attachment":"scroll","background-type":"","background-media":"","overlay-type":"","overlay-color":"","overlay-opacity":"","overlay-gradient":""}},"ast-content-background-meta":{"desktop":{"background-color":"var(--ast-global-color-5)","background-image":"","background-repeat":"repeat","background-position":"center center","background-size":"auto","background-attachment":"scroll","background-type":"","background-media":"","overlay-type":"","overlay-color":"","overlay-opacity":"","overlay-gradient":""},"tablet":{"background-color":"var(--ast-global-color-5)","background-image":"","background-repeat":"repeat","background-position":"center center","background-size":"auto","background-attachment":"scroll","background-type":"","background-media":"","overlay-type":"","overlay-color":"","overlay-opacity":"","overlay-gradient":""},"mobile":{"background-color":"var(--ast-global-color-5)","background-image":"","background-repeat":"repeat","background-position":"center center","background-size":"auto","background-attachment":"scroll","background-type":"","background-media":"","overlay-type":"","overlay-color":"","overlay-opacity":"","overlay-gradient":""}},"footnotes":""},"categories":[517],"tags":[457,126,22,3038],"class_list":["post-23407","post","type-post","status-publish","format-image","hentry","category-aconteceu","tag-elon-musk","tag-ministro-alexandre-de-moraes","tag-noticias-no-face","tag-rede-social","post_format-post-format-image"],"_links":{"self":[{"href":"https:\/\/noticiasnoface.com.br\/index.php\/wp-json\/wp\/v2\/posts\/23407","targetHints":{"allow":["GET"]}}],"collection":[{"href":"https:\/\/noticiasnoface.com.br\/index.php\/wp-json\/wp\/v2\/posts"}],"about":[{"href":"https:\/\/noticiasnoface.com.br\/index.php\/wp-json\/wp\/v2\/types\/post"}],"author":[{"embeddable":true,"href":"https:\/\/noticiasnoface.com.br\/index.php\/wp-json\/wp\/v2\/users\/1"}],"replies":[{"embeddable":true,"href":"https:\/\/noticiasnoface.com.br\/index.php\/wp-json\/wp\/v2\/comments?post=23407"}],"version-history":[{"count":1,"href":"https:\/\/noticiasnoface.com.br\/index.php\/wp-json\/wp\/v2\/posts\/23407\/revisions"}],"predecessor-version":[{"id":23409,"href":"https:\/\/noticiasnoface.com.br\/index.php\/wp-json\/wp\/v2\/posts\/23407\/revisions\/23409"}],"wp:attachment":[{"href":"https:\/\/noticiasnoface.com.br\/index.php\/wp-json\/wp\/v2\/media?parent=23407"}],"wp:term":[{"taxonomy":"category","embeddable":true,"href":"https:\/\/noticiasnoface.com.br\/index.php\/wp-json\/wp\/v2\/categories?post=23407"},{"taxonomy":"post_tag","embeddable":true,"href":"https:\/\/noticiasnoface.com.br\/index.php\/wp-json\/wp\/v2\/tags?post=23407"}],"curies":[{"name":"wp","href":"https:\/\/api.w.org\/{rel}","templated":true}]}}