{"id":23425,"date":"2024-04-15T21:59:37","date_gmt":"2024-04-16T00:59:37","guid":{"rendered":"https:\/\/noticiasnoface.com.br\/?p=23425"},"modified":"2024-04-15T21:59:39","modified_gmt":"2024-04-16T00:59:39","slug":"comissao-de-saude-da-camara-visita-hospital-maternidade-dr-araken-irere-pinto","status":"publish","type":"post","link":"https:\/\/noticiasnoface.com.br\/index.php\/2024\/04\/15\/comissao-de-saude-da-camara-visita-hospital-maternidade-dr-araken-irere-pinto\/","title":{"rendered":"Comiss\u00e3o de Sa\u00fade da C\u00e2mara\u00a0visita Hospital Maternidade Dr. Araken Irer\u00ea Pinto"},"content":{"rendered":"\n<figure class=\"wp-block-image size-large\"><img data-opt-id=1947021599  fetchpriority=\"high\" decoding=\"async\" width=\"1024\" height=\"682\" src=\"https:\/\/mlbfrsat7ahr.i.optimole.com\/w:1024\/h:682\/q:mauto\/ig:avif\/https:\/\/noticiasnoface.com.br\/wp-content\/uploads\/2024\/04\/IMG_3209.jpeg\" alt=\"\" class=\"wp-image-23426\" srcset=\"https:\/\/mlbfrsat7ahr.i.optimole.com\/w:1024\/h:682\/q:mauto\/ig:avif\/https:\/\/noticiasnoface.com.br\/wp-content\/uploads\/2024\/04\/IMG_3209.jpeg 1024w, https:\/\/mlbfrsat7ahr.i.optimole.com\/w:300\/h:200\/q:mauto\/ig:avif\/https:\/\/noticiasnoface.com.br\/wp-content\/uploads\/2024\/04\/IMG_3209.jpeg 300w, https:\/\/mlbfrsat7ahr.i.optimole.com\/w:768\/h:512\/q:mauto\/ig:avif\/https:\/\/noticiasnoface.com.br\/wp-content\/uploads\/2024\/04\/IMG_3209.jpeg 768w, https:\/\/mlbfrsat7ahr.i.optimole.com\/w:1536\/h:1023\/q:mauto\/ig:avif\/https:\/\/noticiasnoface.com.br\/wp-content\/uploads\/2024\/04\/IMG_3209.jpeg 1536w, https:\/\/mlbfrsat7ahr.i.optimole.com\/w:1600\/h:1066\/q:mauto\/ig:avif\/https:\/\/noticiasnoface.com.br\/wp-content\/uploads\/2024\/04\/IMG_3209.jpeg 1600w\" sizes=\"(max-width: 1000px) 100vw, 1000px\" \/><\/figure>\n\n\n\n<!--more-->\n\n\n\n<p>Nesta segunda-feira (15), a Comiss\u00e3o de Sa\u00fade, Previd\u00eancia e Assist\u00eancia Social da C\u00e2mara Municipal de Natal realizou mais uma visita fiscalizat\u00f3ria aos equipamentos p\u00fablicos de sa\u00fade da capital potiguar. Desta vez, os parlamentares retornaram ao Hospital Maternidade Dr. Araken Irer\u00ea Pinto (HMAIP) a fim de verificar se as condi\u00e7\u00f5es de trabalho melhoraram oito meses depois da \u00faltima visita.&nbsp;<\/p>\n\n\n\n<p>Em 2023, servidores da institui\u00e7\u00e3o apontaram problemas estruturais e escassez de profissionais na equipe de enfermagem do hospital, que funciona no bairro Petr\u00f3polis, zona Leste da capital potiguar. O espa\u00e7o opera com um total de 85 leitos distribu\u00eddos entre unidade de terapia intensiva, leitos pedi\u00e1tricos, maternidade (pr\u00e9-parto, parto e puerp\u00e9rio), cl\u00ednica cir\u00fargica e pronto atendimento obst\u00e9trico; em m\u00e9dia, mais de 2 mil atendimentos s\u00e3o realizados mensalmente no complexo hospitalar.&nbsp;<\/p>\n\n\n\n<p>De acordo com o presidente da Comiss\u00e3o de Sa\u00fade, vereador Luciano Nascimento (PTB), a avalia\u00e7\u00e3o da visita \u00e9 positiva. &#8220;Encontramos uma unidade de sa\u00fade com um atendimento satisfat\u00f3rio, ambientes limpos, estrutura f\u00edsica boa. Todavia, a necessidade de aumentar o n\u00famero de leitos persiste diante da imensa demanda. Ali\u00e1s, Natal cresce a cada ano e a gente precisa ampliar a cobertura em todos os hospitais. Tamb\u00e9m constatamos a falta de alguns medicamentos e a empresa terceirizada que fornece a alimenta\u00e7\u00e3o dos funcion\u00e1rios precisa melhorar a qualidade do produto. Feitas essas ressalvas, considero que o Hospital Maternidade, se compararmos com outras unidades que visitamos, funciona bem&#8221;, disse ele.<\/p>\n\n\n\n<p>Por sua vez, o vereador Preto Aquino (Podemos) defendeu que o Governo do Estado deve ajudar o munic\u00edpio a abrir novos leitos nos hospitais. &#8220;O Estado precisa construir novos hospitais e maternidades para desafogar os equipamentos municipais de sa\u00fade. Nunca \u00e9 demais lembrar que Natal recebe pacientes de todo Rio Grande do Norte, portanto, precisa do amparo urgente dos governos federal e estadual para conseguir oferecer um atendimento digno e eficiente aos seus mun\u00edcipes&#8221;, concluiu o parlamentar.<\/p>\n\n\n\n<p>Os vereadores Peixoto (PTB) e Herberth Sena (PV) tamb\u00e9m participaram da visita fiscalizat\u00f3ria.&nbsp;<\/p>\n\n\n\n<p><em><strong>Texto: Junior Martins<br>Fotos: Elp\u00eddio J\u00fanior<\/strong><\/em><\/p>\n","protected":false},"excerpt":{"rendered":"","protected":false},"author":1,"featured_media":0,"comment_status":"open","ping_status":"open","sticky":false,"template":"","format":"image","meta":{"site-sidebar-layout":"default","site-content-layout":"","ast-site-content-layout":"default","site-content-style":"default","site-sidebar-style":"default","ast-global-header-display":"","ast-banner-title-visibility":"","ast-main-header-display":"","ast-hfb-above-header-display":"","ast-hfb-below-header-display":"","ast-hfb-mobile-header-display":"","site-post-title":"","ast-breadcrumbs-content":"","ast-featured-img":"","footer-sml-layout":"","ast-disable-related-posts":"","theme-transparent-header-meta":"","adv-header-id-meta":"","stick-header-meta":"","header-above-stick-meta":"","header-main-stick-meta":"","header-below-stick-meta":"","astra-migrate-meta-layouts":"default","ast-page-background-enabled":"default","ast-page-background-meta":{"desktop":{"background-color":"var(--ast-global-color-4)","background-image":"","background-repeat":"repeat","background-position":"center center","background-size":"auto","background-attachment":"scroll","background-type":"","background-media":"","overlay-type":"","overlay-color":"","overlay-opacity":"","overlay-gradient":""},"tablet":{"background-color":"","background-image":"","background-repeat":"repeat","background-position":"center center","background-size":"auto","background-attachment":"scroll","background-type":"","background-media":"","overlay-type":"","overlay-color":"","overlay-opacity":"","overlay-gradient":""},"mobile":{"background-color":"","background-image":"","background-repeat":"repeat","background-position":"center center","background-size":"auto","background-attachment":"scroll","background-type":"","background-media":"","overlay-type":"","overlay-color":"","overlay-opacity":"","overlay-gradient":""}},"ast-content-background-meta":{"desktop":{"background-color":"var(--ast-global-color-5)","background-image":"","background-repeat":"repeat","background-position":"center center","background-size":"auto","background-attachment":"scroll","background-type":"","background-media":"","overlay-type":"","overlay-color":"","overlay-opacity":"","overlay-gradient":""},"tablet":{"background-color":"var(--ast-global-color-5)","background-image":"","background-repeat":"repeat","background-position":"center center","background-size":"auto","background-attachment":"scroll","background-type":"","background-media":"","overlay-type":"","overlay-color":"","overlay-opacity":"","overlay-gradient":""},"mobile":{"background-color":"var(--ast-global-color-5)","background-image":"","background-repeat":"repeat","background-position":"center center","background-size":"auto","background-attachment":"scroll","background-type":"","background-media":"","overlay-type":"","overlay-color":"","overlay-opacity":"","overlay-gradient":""}},"footnotes":""},"categories":[517],"tags":[],"class_list":["post-23425","post","type-post","status-publish","format-image","hentry","category-aconteceu","post_format-post-format-image"],"_links":{"self":[{"href":"https:\/\/noticiasnoface.com.br\/index.php\/wp-json\/wp\/v2\/posts\/23425","targetHints":{"allow":["GET"]}}],"collection":[{"href":"https:\/\/noticiasnoface.com.br\/index.php\/wp-json\/wp\/v2\/posts"}],"about":[{"href":"https:\/\/noticiasnoface.com.br\/index.php\/wp-json\/wp\/v2\/types\/post"}],"author":[{"embeddable":true,"href":"https:\/\/noticiasnoface.com.br\/index.php\/wp-json\/wp\/v2\/users\/1"}],"replies":[{"embeddable":true,"href":"https:\/\/noticiasnoface.com.br\/index.php\/wp-json\/wp\/v2\/comments?post=23425"}],"version-history":[{"count":1,"href":"https:\/\/noticiasnoface.com.br\/index.php\/wp-json\/wp\/v2\/posts\/23425\/revisions"}],"predecessor-version":[{"id":23427,"href":"https:\/\/noticiasnoface.com.br\/index.php\/wp-json\/wp\/v2\/posts\/23425\/revisions\/23427"}],"wp:attachment":[{"href":"https:\/\/noticiasnoface.com.br\/index.php\/wp-json\/wp\/v2\/media?parent=23425"}],"wp:term":[{"taxonomy":"category","embeddable":true,"href":"https:\/\/noticiasnoface.com.br\/index.php\/wp-json\/wp\/v2\/categories?post=23425"},{"taxonomy":"post_tag","embeddable":true,"href":"https:\/\/noticiasnoface.com.br\/index.php\/wp-json\/wp\/v2\/tags?post=23425"}],"curies":[{"name":"wp","href":"https:\/\/api.w.org\/{rel}","templated":true}]}}