{"id":23432,"date":"2024-04-15T22:04:12","date_gmt":"2024-04-16T01:04:12","guid":{"rendered":"https:\/\/noticiasnoface.com.br\/?p=23432"},"modified":"2024-04-15T22:04:12","modified_gmt":"2024-04-16T01:04:12","slug":"casa-legislativa-promove-audiencia-publica-para-debater-combate-a-dengue","status":"publish","type":"post","link":"https:\/\/noticiasnoface.com.br\/index.php\/2024\/04\/15\/casa-legislativa-promove-audiencia-publica-para-debater-combate-a-dengue\/","title":{"rendered":"Casa Legislativa promove Audi\u00eancia P\u00fablica para debater combate \u00e0 dengue"},"content":{"rendered":"\n<figure class=\"wp-block-image size-large\"><img data-opt-id=358153133  fetchpriority=\"high\" decoding=\"async\" width=\"200\" height=\"105\" src=\"https:\/\/mlbfrsat7ahr.i.optimole.com\/w:auto\/h:auto\/q:mauto\/ig:avif\/https:\/\/noticiasnoface.com.br\/wp-content\/uploads\/2024\/04\/img_3212-2-1.jpg\" class=\"wp-image-23431\"\/><\/figure>\n\n\n\n<!--more-->\n\n\n\n<p>A C\u00e2mara Municipal de Parnamirim realizou, na manh\u00e3 desta segunda-feira (15), uma audi\u00eancia p\u00fablica para debater o combate \u00e0 dengue no munic\u00edpio.&nbsp;<\/p>\n\n\n\n<figure class=\"wp-block-image\"><a href=\"https:\/\/www.parnamirim.rn.leg.br\/institucional\/noticias\/casa-legislativa-promove-audiencia-publica-para-debater-combate-a-dengue-1\/image\/image_view_fullscreen\" target=\"_blank\" rel=\"noopener\"><img data-opt-id=2024485451  fetchpriority=\"high\" decoding=\"async\" src=\"https:\/\/www.parnamirim.rn.leg.br\/institucional\/noticias\/casa-legislativa-promove-audiencia-publica-para-debater-combate-a-dengue-1\/image_mini\" alt=\"Casa Legislativa promove Audi\u00eancia P\u00fablica para debater combate \u00e0 dengue\" title=\"participantes da mesa da audi\u00eancia p\u00fablica \"\/><\/a><\/figure>\n\n\n\n<p>participantes da mesa da audi\u00eancia p\u00fablica&nbsp;<\/p>\n\n\n\n<p>Por iniciativa do vereador Michael Borges, a audi\u00eancia ocorreu no Plen\u00e1rio Dr. M\u00e1rio Medeiros, \u00e0s 9h.<\/p>\n\n\n\n<p>A mesa foi composta pelo vereador propositor Michael Borges; a Secret\u00e1ria Municipal de Limpeza Urbana, Roseane Paiva; coordenadora do Programa Estadual das Arboviroses, S\u00edlvia Dinara; coordenadora da Vigil\u00e2ncia Epidemiol\u00f3gica de Parnamirim, Thulianne Lopes; o presidente do Conselho Municipal de Sa\u00fade, Tiago Andr\u00e9; e Valter Lu\u00edz dos Santos, representante da Refer\u00eancia T\u00e9cnica do Controle Vetorial do SESAP\/RN.<\/p>\n\n\n\n<p>O parlamentar Michael Borges enfatizou a relev\u00e2ncia da tem\u00e1tica discutida e pontuou que o objetivo da audi\u00eancia \u00e9 analisar o combate \u00e0 dengue vivenciado pela popula\u00e7\u00e3o de Parnamirim. &#8220;Existem uma s\u00e9rie de mudan\u00e7as que foram implementadas. A popula\u00e7\u00e3o precisa e a pr\u00f3pria categoria precisa ver os resultados que essas mudan\u00e7as trouxeram. Quais s\u00e3o os compromissos que precisamos firmar, ao final dessa audi\u00eancia, para garantir o aprimoramento do trabalho&#8221;, afirmou Michael.<\/p>\n\n\n\n<p>A coordenadora do Programa Estadual de Arboviroses, S\u00edlvia Dinara, apresentou dados estaduais do LIRAa (Levantamento R\u00e1pido de \u00cdndices para o Aedes aegypti), uma metodologia que permite o conhecimento de forma r\u00e1pida da quantidade de im\u00f3veis com a presen\u00e7a de recipientes com o mosquito transmissor da dengue. &#8220;O Estado articulou, junto aos componentes, com intuito de estruturar uma resposta coordenada ao per\u00edodo epid\u00eamico&#8221;, declarou.<\/p>\n\n\n\n<p>Em nome da Secretaria de Limpeza Urbana, Roseane Paiva falou sobre a import\u00e2ncia da educa\u00e7\u00e3o ambiental estar dispon\u00edvel \u00e0 popula\u00e7\u00e3o e, tamb\u00e9m, realizar parcerias com outras secretarias, com intuito de intensificar a fiscaliza\u00e7\u00e3o da coleta urbana. A secret\u00e1ria informou que a &#8220;SELIM est\u00e1 \u00e0 disposi\u00e7\u00e3o, de m\u00e3os dadas e preocupada. Quem precisar, pode se reportar diretamente a n\u00f3s que iremos auxiliar&#8221;. Roseane tamb\u00e9m destacou a ferramenta &#8220;Fala Cidad\u00e3o&#8221;, recurso que pode ser utilizado para solicitar a coleta de forma mais r\u00e1pida e correta, evitando o descarte irregular.<\/p>\n\n\n\n<p>O presidente do Conselho Municipal de Sa\u00fade falou sobre a falta de estruturas das Unidades de Sa\u00fade para realiza\u00e7\u00e3o dos atendimentos aos pacientes. &#8220;A gente precisa preparar as UBS, as equipes de estrat\u00e9gia \u00e0 sa\u00fade da fam\u00edlia, para o trabalho integral, com os agentes de combate \u00e0s endemias, para que trabalhem juntos em combate ao mosquito Aedes aegypti&#8221;, disse.<\/p>\n\n\n\n<p>Ao final da Audi\u00eancia, o vereador propositor parabenizou o trabalho realizado pelos agentes de combate \u00e0s endemias em meio a dif\u00edceis condi\u00e7\u00f5es de trabalho. &#8220;Os agentes de combate \u00e0s endemias de Parnamirim n\u00e3o pararam porque entendem o momento que a cidade est\u00e1 vivendo. Est\u00e3o se sacrificando para manter tudo isso funcionando&#8221;.<\/p>\n\n\n\n<p>A audi\u00eancia p\u00fablica foi transmitida ao vivo e est\u00e1 dispon\u00edvel no&nbsp;<a class=\"ProsemirrorEditor-link\" href=\"https:\/\/www.youtube.com\/watch?v=4BILMn62hOc&#038;t=5764s&#038;ab_channel=C%C3%A2maraMunicipaldeParnamirim\" target=\"_blank\" rel=\"noreferrer noopener\">canal do Youtube<\/a>&nbsp;da C\u00e2mara de Parnamirim.<\/p>\n","protected":false},"excerpt":{"rendered":"","protected":false},"author":1,"featured_media":0,"comment_status":"open","ping_status":"open","sticky":false,"template":"","format":"image","meta":{"site-sidebar-layout":"default","site-content-layout":"","ast-site-content-layout":"default","site-content-style":"default","site-sidebar-style":"default","ast-global-header-display":"","ast-banner-title-visibility":"","ast-main-header-display":"","ast-hfb-above-header-display":"","ast-hfb-below-header-display":"","ast-hfb-mobile-header-display":"","site-post-title":"","ast-breadcrumbs-content":"","ast-featured-img":"","footer-sml-layout":"","ast-disable-related-posts":"","theme-transparent-header-meta":"","adv-header-id-meta":"","stick-header-meta":"","header-above-stick-meta":"","header-main-stick-meta":"","header-below-stick-meta":"","astra-migrate-meta-layouts":"default","ast-page-background-enabled":"default","ast-page-background-meta":{"desktop":{"background-color":"var(--ast-global-color-4)","background-image":"","background-repeat":"repeat","background-position":"center center","background-size":"auto","background-attachment":"scroll","background-type":"","background-media":"","overlay-type":"","overlay-color":"","overlay-opacity":"","overlay-gradient":""},"tablet":{"background-color":"","background-image":"","background-repeat":"repeat","background-position":"center center","background-size":"auto","background-attachment":"scroll","background-type":"","background-media":"","overlay-type":"","overlay-color":"","overlay-opacity":"","overlay-gradient":""},"mobile":{"background-color":"","background-image":"","background-repeat":"repeat","background-position":"center center","background-size":"auto","background-attachment":"scroll","background-type":"","background-media":"","overlay-type":"","overlay-color":"","overlay-opacity":"","overlay-gradient":""}},"ast-content-background-meta":{"desktop":{"background-color":"var(--ast-global-color-5)","background-image":"","background-repeat":"repeat","background-position":"center center","background-size":"auto","background-attachment":"scroll","background-type":"","background-media":"","overlay-type":"","overlay-color":"","overlay-opacity":"","overlay-gradient":""},"tablet":{"background-color":"var(--ast-global-color-5)","background-image":"","background-repeat":"repeat","background-position":"center center","background-size":"auto","background-attachment":"scroll","background-type":"","background-media":"","overlay-type":"","overlay-color":"","overlay-opacity":"","overlay-gradient":""},"mobile":{"background-color":"var(--ast-global-color-5)","background-image":"","background-repeat":"repeat","background-position":"center center","background-size":"auto","background-attachment":"scroll","background-type":"","background-media":"","overlay-type":"","overlay-color":"","overlay-opacity":"","overlay-gradient":""}},"footnotes":""},"categories":[517],"tags":[],"class_list":["post-23432","post","type-post","status-publish","format-image","hentry","category-aconteceu","post_format-post-format-image"],"_links":{"self":[{"href":"https:\/\/noticiasnoface.com.br\/index.php\/wp-json\/wp\/v2\/posts\/23432","targetHints":{"allow":["GET"]}}],"collection":[{"href":"https:\/\/noticiasnoface.com.br\/index.php\/wp-json\/wp\/v2\/posts"}],"about":[{"href":"https:\/\/noticiasnoface.com.br\/index.php\/wp-json\/wp\/v2\/types\/post"}],"author":[{"embeddable":true,"href":"https:\/\/noticiasnoface.com.br\/index.php\/wp-json\/wp\/v2\/users\/1"}],"replies":[{"embeddable":true,"href":"https:\/\/noticiasnoface.com.br\/index.php\/wp-json\/wp\/v2\/comments?post=23432"}],"version-history":[{"count":1,"href":"https:\/\/noticiasnoface.com.br\/index.php\/wp-json\/wp\/v2\/posts\/23432\/revisions"}],"predecessor-version":[{"id":23433,"href":"https:\/\/noticiasnoface.com.br\/index.php\/wp-json\/wp\/v2\/posts\/23432\/revisions\/23433"}],"wp:attachment":[{"href":"https:\/\/noticiasnoface.com.br\/index.php\/wp-json\/wp\/v2\/media?parent=23432"}],"wp:term":[{"taxonomy":"category","embeddable":true,"href":"https:\/\/noticiasnoface.com.br\/index.php\/wp-json\/wp\/v2\/categories?post=23432"},{"taxonomy":"post_tag","embeddable":true,"href":"https:\/\/noticiasnoface.com.br\/index.php\/wp-json\/wp\/v2\/tags?post=23432"}],"curies":[{"name":"wp","href":"https:\/\/api.w.org\/{rel}","templated":true}]}}