{"id":23439,"date":"2024-04-16T08:20:35","date_gmt":"2024-04-16T11:20:35","guid":{"rendered":"https:\/\/noticiasnoface.com.br\/?p=23439"},"modified":"2024-04-16T08:20:37","modified_gmt":"2024-04-16T11:20:37","slug":"urgente-pf-deflagra-operacao-lesa-patria-no-rn","status":"publish","type":"post","link":"https:\/\/noticiasnoface.com.br\/index.php\/2024\/04\/16\/urgente-pf-deflagra-operacao-lesa-patria-no-rn\/","title":{"rendered":"URGENTE- PF deflagra opera\u00e7\u00e3o Lesa P\u00e1tria no RN"},"content":{"rendered":"\n<figure class=\"wp-block-image size-large\"><img data-opt-id=1753085791  fetchpriority=\"high\" decoding=\"async\" width=\"1008\" height=\"1024\" src=\"https:\/\/mlbfrsat7ahr.i.optimole.com\/w:1008\/h:1024\/q:mauto\/ig:avif\/https:\/\/noticiasnoface.com.br\/wp-content\/uploads\/2023\/11\/image-1.jpg\" alt=\"\" class=\"wp-image-20524\" srcset=\"https:\/\/mlbfrsat7ahr.i.optimole.com\/w:1008\/h:1024\/q:mauto\/ig:avif\/https:\/\/noticiasnoface.com.br\/wp-content\/uploads\/2023\/11\/image-1.jpg 1008w, https:\/\/mlbfrsat7ahr.i.optimole.com\/w:295\/h:300\/q:mauto\/ig:avif\/https:\/\/noticiasnoface.com.br\/wp-content\/uploads\/2023\/11\/image-1.jpg 295w, https:\/\/mlbfrsat7ahr.i.optimole.com\/w:768\/h:780\/q:mauto\/ig:avif\/https:\/\/noticiasnoface.com.br\/wp-content\/uploads\/2023\/11\/image-1.jpg 768w, https:\/\/mlbfrsat7ahr.i.optimole.com\/w:1063\/h:1080\/q:mauto\/ig:avif\/https:\/\/noticiasnoface.com.br\/wp-content\/uploads\/2023\/11\/image-1.jpg 1227w\" sizes=\"(max-width: 1000px) 100vw, 1000px\" \/><\/figure>\n\n\n\n<p>A Pol\u00edcia Federal est\u00e1 nas ruas de Natal cumprindo mandados a envolvidos nos atos do dia 8 de janeiro <\/p>\n\n\n\n<!--more-->\n\n\n\n<figure class=\"wp-block-image size-large\"><img data-opt-id=411174  fetchpriority=\"high\" decoding=\"async\" width=\"1024\" height=\"648\" src=\"https:\/\/mlbfrsat7ahr.i.optimole.com\/w:1024\/h:648\/q:mauto\/ig:avif\/https:\/\/noticiasnoface.com.br\/wp-content\/uploads\/2024\/04\/IMG_3221.jpeg\" alt=\"\" class=\"wp-image-23440\" srcset=\"https:\/\/mlbfrsat7ahr.i.optimole.com\/w:1024\/h:648\/q:mauto\/ig:avif\/https:\/\/noticiasnoface.com.br\/wp-content\/uploads\/2024\/04\/IMG_3221.jpeg 1024w, https:\/\/mlbfrsat7ahr.i.optimole.com\/w:300\/h:190\/q:mauto\/ig:avif\/https:\/\/noticiasnoface.com.br\/wp-content\/uploads\/2024\/04\/IMG_3221.jpeg 300w, https:\/\/mlbfrsat7ahr.i.optimole.com\/w:768\/h:486\/q:mauto\/ig:avif\/https:\/\/noticiasnoface.com.br\/wp-content\/uploads\/2024\/04\/IMG_3221.jpeg 768w, https:\/\/mlbfrsat7ahr.i.optimole.com\/w:1284\/h:813\/q:mauto\/ig:avif\/https:\/\/noticiasnoface.com.br\/wp-content\/uploads\/2024\/04\/IMG_3221.jpeg 1284w\" sizes=\"(max-width: 1000px) 100vw, 1000px\" \/><\/figure>\n\n\n\n<p>O empres\u00e1rio Rafael Moreno foi um dos alvos da 26 fase da opera\u00e7\u00e3o Lesa P\u00e1tria deflagrada em 8 estados. Rafael moreno est\u00e1 sendo investigado por financiar os atos do dia 8 de janeiro, a ordem partiu do ministro Alexandre de Moraes <\/p>\n\n\n\n<figure class=\"wp-block-image size-large\"><img data-opt-id=1761122220  data-opt-src=\"https:\/\/mlbfrsat7ahr.i.optimole.com\/w:472\/h:1024\/q:mauto\/ig:avif\/https:\/\/noticiasnoface.com.br\/wp-content\/uploads\/2024\/04\/5695e8ba-3651-4330-8c25-d608d0921253.jpeg\"  decoding=\"async\" width=\"472\" height=\"1024\" src=\"data:image/svg+xml,%3Csvg%20viewBox%3D%220%200%20472%201024%22%20width%3D%22472%22%20height%3D%221024%22%20xmlns%3D%22http%3A%2F%2Fwww.w3.org%2F2000%2Fsvg%22%3E%3Crect%20width%3D%22472%22%20height%3D%221024%22%20fill%3D%22transparent%22%2F%3E%3C%2Fsvg%3E\" alt=\"\" class=\"wp-image-23441\" old-srcset=\"https:\/\/mlbfrsat7ahr.i.optimole.com\/w:472\/h:1024\/q:mauto\/ig:avif\/https:\/\/noticiasnoface.com.br\/wp-content\/uploads\/2024\/04\/5695e8ba-3651-4330-8c25-d608d0921253.jpeg 472w, https:\/\/mlbfrsat7ahr.i.optimole.com\/w:138\/h:300\/q:mauto\/ig:avif\/https:\/\/noticiasnoface.com.br\/wp-content\/uploads\/2024\/04\/5695e8ba-3651-4330-8c25-d608d0921253.jpeg 138w, https:\/\/mlbfrsat7ahr.i.optimole.com\/w:497\/h:1080\/q:mauto\/ig:avif\/https:\/\/noticiasnoface.com.br\/wp-content\/uploads\/2024\/04\/5695e8ba-3651-4330-8c25-d608d0921253.jpeg 708w, https:\/\/mlbfrsat7ahr.i.optimole.com\/w:498\/h:1080\/q:mauto\/ig:avif\/https:\/\/noticiasnoface.com.br\/wp-content\/uploads\/2024\/04\/5695e8ba-3651-4330-8c25-d608d0921253.jpeg 738w\" \/><\/figure>\n\n\n\n<p>Em suas redes sociais Rafael Moreno postou uma foto dizendo \u201ccara de quem foi acordado \u00e0s 6 da manh\u00e3 pela PF\u201d. O mandado foi de busca e apreens\u00e3o de equipamentos eletr\u00f4nicos <\/p>\n","protected":false},"excerpt":{"rendered":"<p>A Pol\u00edcia Federal est\u00e1 nas ruas de Natal cumprindo mandados a envolvidos nos atos do dia 8 de janeiro<\/p>\n","protected":false},"author":1,"featured_media":0,"comment_status":"open","ping_status":"open","sticky":false,"template":"","format":"image","meta":{"site-sidebar-layout":"default","site-content-layout":"","ast-site-content-layout":"default","site-content-style":"default","site-sidebar-style":"default","ast-global-header-display":"","ast-banner-title-visibility":"","ast-main-header-display":"","ast-hfb-above-header-display":"","ast-hfb-below-header-display":"","ast-hfb-mobile-header-display":"","site-post-title":"","ast-breadcrumbs-content":"","ast-featured-img":"","footer-sml-layout":"","ast-disable-related-posts":"","theme-transparent-header-meta":"","adv-header-id-meta":"","stick-header-meta":"","header-above-stick-meta":"","header-main-stick-meta":"","header-below-stick-meta":"","astra-migrate-meta-layouts":"default","ast-page-background-enabled":"default","ast-page-background-meta":{"desktop":{"background-color":"var(--ast-global-color-4)","background-image":"","background-repeat":"repeat","background-position":"center center","background-size":"auto","background-attachment":"scroll","background-type":"","background-media":"","overlay-type":"","overlay-color":"","overlay-opacity":"","overlay-gradient":""},"tablet":{"background-color":"","background-image":"","background-repeat":"repeat","background-position":"center center","background-size":"auto","background-attachment":"scroll","background-type":"","background-media":"","overlay-type":"","overlay-color":"","overlay-opacity":"","overlay-gradient":""},"mobile":{"background-color":"","background-image":"","background-repeat":"repeat","background-position":"center center","background-size":"auto","background-attachment":"scroll","background-type":"","background-media":"","overlay-type":"","overlay-color":"","overlay-opacity":"","overlay-gradient":""}},"ast-content-background-meta":{"desktop":{"background-color":"var(--ast-global-color-5)","background-image":"","background-repeat":"repeat","background-position":"center center","background-size":"auto","background-attachment":"scroll","background-type":"","background-media":"","overlay-type":"","overlay-color":"","overlay-opacity":"","overlay-gradient":""},"tablet":{"background-color":"var(--ast-global-color-5)","background-image":"","background-repeat":"repeat","background-position":"center center","background-size":"auto","background-attachment":"scroll","background-type":"","background-media":"","overlay-type":"","overlay-color":"","overlay-opacity":"","overlay-gradient":""},"mobile":{"background-color":"var(--ast-global-color-5)","background-image":"","background-repeat":"repeat","background-position":"center center","background-size":"auto","background-attachment":"scroll","background-type":"","background-media":"","overlay-type":"","overlay-color":"","overlay-opacity":"","overlay-gradient":""}},"footnotes":""},"categories":[517],"tags":[100,22,409],"class_list":["post-23439","post","type-post","status-publish","format-image","hentry","category-aconteceu","tag-atos-antidemocraticos","tag-noticias-no-face","tag-policia-federal","post_format-post-format-image"],"_links":{"self":[{"href":"https:\/\/noticiasnoface.com.br\/index.php\/wp-json\/wp\/v2\/posts\/23439","targetHints":{"allow":["GET"]}}],"collection":[{"href":"https:\/\/noticiasnoface.com.br\/index.php\/wp-json\/wp\/v2\/posts"}],"about":[{"href":"https:\/\/noticiasnoface.com.br\/index.php\/wp-json\/wp\/v2\/types\/post"}],"author":[{"embeddable":true,"href":"https:\/\/noticiasnoface.com.br\/index.php\/wp-json\/wp\/v2\/users\/1"}],"replies":[{"embeddable":true,"href":"https:\/\/noticiasnoface.com.br\/index.php\/wp-json\/wp\/v2\/comments?post=23439"}],"version-history":[{"count":1,"href":"https:\/\/noticiasnoface.com.br\/index.php\/wp-json\/wp\/v2\/posts\/23439\/revisions"}],"predecessor-version":[{"id":23442,"href":"https:\/\/noticiasnoface.com.br\/index.php\/wp-json\/wp\/v2\/posts\/23439\/revisions\/23442"}],"wp:attachment":[{"href":"https:\/\/noticiasnoface.com.br\/index.php\/wp-json\/wp\/v2\/media?parent=23439"}],"wp:term":[{"taxonomy":"category","embeddable":true,"href":"https:\/\/noticiasnoface.com.br\/index.php\/wp-json\/wp\/v2\/categories?post=23439"},{"taxonomy":"post_tag","embeddable":true,"href":"https:\/\/noticiasnoface.com.br\/index.php\/wp-json\/wp\/v2\/tags?post=23439"}],"curies":[{"name":"wp","href":"https:\/\/api.w.org\/{rel}","templated":true}]}}