{"id":23462,"date":"2024-04-17T19:37:24","date_gmt":"2024-04-17T22:37:24","guid":{"rendered":"https:\/\/noticiasnoface.com.br\/?p=23462"},"modified":"2024-04-17T19:37:26","modified_gmt":"2024-04-17T22:37:26","slug":"exercito-abre-1-100-vagas-em-concurso-veja-como-participar","status":"publish","type":"post","link":"https:\/\/noticiasnoface.com.br\/index.php\/2024\/04\/17\/exercito-abre-1-100-vagas-em-concurso-veja-como-participar\/","title":{"rendered":"Ex\u00e9rcito abre 1.100 vagas em concurso, veja como participar"},"content":{"rendered":"\n<figure class=\"wp-block-image size-large\"><img data-opt-id=1459477935  fetchpriority=\"high\" decoding=\"async\" width=\"1024\" height=\"512\" src=\"https:\/\/mlbfrsat7ahr.i.optimole.com\/w:1024\/h:512\/q:mauto\/ig:avif\/https:\/\/noticiasnoface.com.br\/wp-content\/uploads\/2024\/04\/IMG_3320.webp\" alt=\"\" class=\"wp-image-23463\" srcset=\"https:\/\/mlbfrsat7ahr.i.optimole.com\/w:1024\/h:512\/q:mauto\/ig:avif\/https:\/\/noticiasnoface.com.br\/wp-content\/uploads\/2024\/04\/IMG_3320.webp 1024w, https:\/\/mlbfrsat7ahr.i.optimole.com\/w:300\/h:150\/q:mauto\/ig:avif\/https:\/\/noticiasnoface.com.br\/wp-content\/uploads\/2024\/04\/IMG_3320.webp 300w, https:\/\/mlbfrsat7ahr.i.optimole.com\/w:768\/h:384\/q:mauto\/ig:avif\/https:\/\/noticiasnoface.com.br\/wp-content\/uploads\/2024\/04\/IMG_3320.webp 768w, https:\/\/mlbfrsat7ahr.i.optimole.com\/w:1140\/h:570\/q:mauto\/ig:avif\/https:\/\/noticiasnoface.com.br\/wp-content\/uploads\/2024\/04\/IMG_3320.webp 1140w\" sizes=\"(max-width: 1000px) 100vw, 1000px\" \/><\/figure>\n\n\n\n<!--more-->\n\n\n\n<p>O Ex\u00e9rcito Brasileiro est\u00e1 promovendo o aguardado concurso para ingresso na Escola de Sargento das Armas (ESA) em 2024. S\u00e3o 1.100 vagas dispon\u00edveis nas \u00e1reas Geral, M\u00fasica e Sa\u00fade. Candidatos de ambos os sexos podem se candidatar a todas as vagas oferecidas. De acordo com o edital, o sal\u00e1rio m\u00ednimo inicial \u00e9 de R$ 3,8 mil.<\/p>\n\n\n\n<p>Anuncios<\/p>\n\n\n\n<p>Os interessados devem ter no m\u00ednimo 17 anos e no m\u00e1ximo 24 anos para a \u00e1rea Geral. J\u00e1 para as \u00e1reas de M\u00fasico e Sa\u00fade, ser\u00e3o aceitos candidatos com at\u00e9 26 anos, desde que completem essa idade at\u00e9 31 de dezembro do ano da matr\u00edcula.<\/p>\n\n\n\n<p>As vagas est\u00e3o distribu\u00eddas da seguinte forma: 1.105 para a \u00e1rea Geral, sendo 910 para candidatos do sexo masculino e 105 para candidatas do sexo feminino. Al\u00e9m disso, h\u00e1 30 vagas para a \u00e1rea de M\u00fasica (ambos os sexos) e 55 vagas para a \u00e1rea da Sa\u00fade (ambos os sexos).<\/p>\n","protected":false},"excerpt":{"rendered":"","protected":false},"author":1,"featured_media":0,"comment_status":"open","ping_status":"open","sticky":false,"template":"","format":"image","meta":{"site-sidebar-layout":"default","site-content-layout":"","ast-site-content-layout":"default","site-content-style":"default","site-sidebar-style":"default","ast-global-header-display":"","ast-banner-title-visibility":"","ast-main-header-display":"","ast-hfb-above-header-display":"","ast-hfb-below-header-display":"","ast-hfb-mobile-header-display":"","site-post-title":"","ast-breadcrumbs-content":"","ast-featured-img":"","footer-sml-layout":"","ast-disable-related-posts":"","theme-transparent-header-meta":"","adv-header-id-meta":"","stick-header-meta":"","header-above-stick-meta":"","header-main-stick-meta":"","header-below-stick-meta":"","astra-migrate-meta-layouts":"default","ast-page-background-enabled":"default","ast-page-background-meta":{"desktop":{"background-color":"var(--ast-global-color-4)","background-image":"","background-repeat":"repeat","background-position":"center center","background-size":"auto","background-attachment":"scroll","background-type":"","background-media":"","overlay-type":"","overlay-color":"","overlay-opacity":"","overlay-gradient":""},"tablet":{"background-color":"","background-image":"","background-repeat":"repeat","background-position":"center center","background-size":"auto","background-attachment":"scroll","background-type":"","background-media":"","overlay-type":"","overlay-color":"","overlay-opacity":"","overlay-gradient":""},"mobile":{"background-color":"","background-image":"","background-repeat":"repeat","background-position":"center center","background-size":"auto","background-attachment":"scroll","background-type":"","background-media":"","overlay-type":"","overlay-color":"","overlay-opacity":"","overlay-gradient":""}},"ast-content-background-meta":{"desktop":{"background-color":"var(--ast-global-color-5)","background-image":"","background-repeat":"repeat","background-position":"center center","background-size":"auto","background-attachment":"scroll","background-type":"","background-media":"","overlay-type":"","overlay-color":"","overlay-opacity":"","overlay-gradient":""},"tablet":{"background-color":"var(--ast-global-color-5)","background-image":"","background-repeat":"repeat","background-position":"center center","background-size":"auto","background-attachment":"scroll","background-type":"","background-media":"","overlay-type":"","overlay-color":"","overlay-opacity":"","overlay-gradient":""},"mobile":{"background-color":"var(--ast-global-color-5)","background-image":"","background-repeat":"repeat","background-position":"center center","background-size":"auto","background-attachment":"scroll","background-type":"","background-media":"","overlay-type":"","overlay-color":"","overlay-opacity":"","overlay-gradient":""}},"footnotes":""},"categories":[517],"tags":[],"class_list":["post-23462","post","type-post","status-publish","format-image","hentry","category-aconteceu","post_format-post-format-image"],"_links":{"self":[{"href":"https:\/\/noticiasnoface.com.br\/index.php\/wp-json\/wp\/v2\/posts\/23462","targetHints":{"allow":["GET"]}}],"collection":[{"href":"https:\/\/noticiasnoface.com.br\/index.php\/wp-json\/wp\/v2\/posts"}],"about":[{"href":"https:\/\/noticiasnoface.com.br\/index.php\/wp-json\/wp\/v2\/types\/post"}],"author":[{"embeddable":true,"href":"https:\/\/noticiasnoface.com.br\/index.php\/wp-json\/wp\/v2\/users\/1"}],"replies":[{"embeddable":true,"href":"https:\/\/noticiasnoface.com.br\/index.php\/wp-json\/wp\/v2\/comments?post=23462"}],"version-history":[{"count":1,"href":"https:\/\/noticiasnoface.com.br\/index.php\/wp-json\/wp\/v2\/posts\/23462\/revisions"}],"predecessor-version":[{"id":23464,"href":"https:\/\/noticiasnoface.com.br\/index.php\/wp-json\/wp\/v2\/posts\/23462\/revisions\/23464"}],"wp:attachment":[{"href":"https:\/\/noticiasnoface.com.br\/index.php\/wp-json\/wp\/v2\/media?parent=23462"}],"wp:term":[{"taxonomy":"category","embeddable":true,"href":"https:\/\/noticiasnoface.com.br\/index.php\/wp-json\/wp\/v2\/categories?post=23462"},{"taxonomy":"post_tag","embeddable":true,"href":"https:\/\/noticiasnoface.com.br\/index.php\/wp-json\/wp\/v2\/tags?post=23462"}],"curies":[{"name":"wp","href":"https:\/\/api.w.org\/{rel}","templated":true}]}}