{"id":23465,"date":"2024-04-17T19:39:23","date_gmt":"2024-04-17T22:39:23","guid":{"rendered":"https:\/\/noticiasnoface.com.br\/?p=23465"},"modified":"2024-04-17T19:39:24","modified_gmt":"2024-04-17T22:39:24","slug":"chefe-das-forcas-armadas-reclamam-do-corte-no-orcamento","status":"publish","type":"post","link":"https:\/\/noticiasnoface.com.br\/index.php\/2024\/04\/17\/chefe-das-forcas-armadas-reclamam-do-corte-no-orcamento\/","title":{"rendered":"Chefe das for\u00e7as armadas reclamam do corte no or\u00e7amento"},"content":{"rendered":"\n<figure class=\"wp-block-image size-large\"><img data-opt-id=999649911  fetchpriority=\"high\" decoding=\"async\" width=\"1024\" height=\"512\" src=\"https:\/\/mlbfrsat7ahr.i.optimole.com\/w:1024\/h:512\/q:mauto\/ig:avif\/https:\/\/noticiasnoface.com.br\/wp-content\/uploads\/2024\/04\/IMG_3321.webp\" alt=\"\" class=\"wp-image-23466\" srcset=\"https:\/\/mlbfrsat7ahr.i.optimole.com\/w:1024\/h:512\/q:mauto\/ig:avif\/https:\/\/noticiasnoface.com.br\/wp-content\/uploads\/2024\/04\/IMG_3321.webp 1024w, https:\/\/mlbfrsat7ahr.i.optimole.com\/w:300\/h:150\/q:mauto\/ig:avif\/https:\/\/noticiasnoface.com.br\/wp-content\/uploads\/2024\/04\/IMG_3321.webp 300w, https:\/\/mlbfrsat7ahr.i.optimole.com\/w:768\/h:384\/q:mauto\/ig:avif\/https:\/\/noticiasnoface.com.br\/wp-content\/uploads\/2024\/04\/IMG_3321.webp 768w, https:\/\/mlbfrsat7ahr.i.optimole.com\/w:1140\/h:570\/q:mauto\/ig:avif\/https:\/\/noticiasnoface.com.br\/wp-content\/uploads\/2024\/04\/IMG_3321.webp 1140w\" sizes=\"(max-width: 1000px) 100vw, 1000px\" \/><\/figure>\n\n\n\n<!--more-->\n\n\n\n<p>Nesta quarta-feira (17), o Ministro da Defesa, Jos\u00e9 M\u00facio Monteiro Filho, participou de uma audi\u00eancia na Comiss\u00e3o de Rela\u00e7\u00f5es Exteriores e Defesa Nacional da C\u00e2mara dos Deputados, juntamente com os comandantes das For\u00e7as Armadas. Durante a sess\u00e3o, os militares expressaram preocupa\u00e7\u00e3o com os cortes no Or\u00e7amento. Marcos Sampaio Olsen, da Marinha, destacou que os recursos alocados para muni\u00e7\u00e3o e combust\u00edvel est\u00e3o abaixo do necess\u00e1rio ou do m\u00ednimo aceit\u00e1vel.<\/p>\n\n\n\n<p>Anuncios<\/p>\n\n\n\n<p>M\u00facio ressaltou que a Defesa \u00e9 um setor crucial que precisa de aten\u00e7\u00e3o e investimento. Por sua vez, Olsen apontou que houve uma perda de 46% na capacidade or\u00e7ament\u00e1ria do setor de Defesa nos \u00faltimos dez anos. Ele tamb\u00e9m argumentou que alguns dos programas afetados poderiam gerar empregos diretos e indiretos.<\/p>\n\n\n\n<p>O comandante explicou que parte dos cortes ocorreu durante a elabora\u00e7\u00e3o do Or\u00e7amento pelo Legislativo. Na apresenta\u00e7\u00e3o feita aos deputados, ele se referiu a essa fase como o \u201cmomento legislativo\u201d e destacou que as perdas foram de 5,6%.<\/p>\n","protected":false},"excerpt":{"rendered":"","protected":false},"author":1,"featured_media":0,"comment_status":"open","ping_status":"open","sticky":false,"template":"","format":"image","meta":{"site-sidebar-layout":"default","site-content-layout":"","ast-site-content-layout":"default","site-content-style":"default","site-sidebar-style":"default","ast-global-header-display":"","ast-banner-title-visibility":"","ast-main-header-display":"","ast-hfb-above-header-display":"","ast-hfb-below-header-display":"","ast-hfb-mobile-header-display":"","site-post-title":"","ast-breadcrumbs-content":"","ast-featured-img":"","footer-sml-layout":"","ast-disable-related-posts":"","theme-transparent-header-meta":"","adv-header-id-meta":"","stick-header-meta":"","header-above-stick-meta":"","header-main-stick-meta":"","header-below-stick-meta":"","astra-migrate-meta-layouts":"default","ast-page-background-enabled":"default","ast-page-background-meta":{"desktop":{"background-color":"var(--ast-global-color-4)","background-image":"","background-repeat":"repeat","background-position":"center center","background-size":"auto","background-attachment":"scroll","background-type":"","background-media":"","overlay-type":"","overlay-color":"","overlay-opacity":"","overlay-gradient":""},"tablet":{"background-color":"","background-image":"","background-repeat":"repeat","background-position":"center center","background-size":"auto","background-attachment":"scroll","background-type":"","background-media":"","overlay-type":"","overlay-color":"","overlay-opacity":"","overlay-gradient":""},"mobile":{"background-color":"","background-image":"","background-repeat":"repeat","background-position":"center center","background-size":"auto","background-attachment":"scroll","background-type":"","background-media":"","overlay-type":"","overlay-color":"","overlay-opacity":"","overlay-gradient":""}},"ast-content-background-meta":{"desktop":{"background-color":"var(--ast-global-color-5)","background-image":"","background-repeat":"repeat","background-position":"center center","background-size":"auto","background-attachment":"scroll","background-type":"","background-media":"","overlay-type":"","overlay-color":"","overlay-opacity":"","overlay-gradient":""},"tablet":{"background-color":"var(--ast-global-color-5)","background-image":"","background-repeat":"repeat","background-position":"center center","background-size":"auto","background-attachment":"scroll","background-type":"","background-media":"","overlay-type":"","overlay-color":"","overlay-opacity":"","overlay-gradient":""},"mobile":{"background-color":"var(--ast-global-color-5)","background-image":"","background-repeat":"repeat","background-position":"center center","background-size":"auto","background-attachment":"scroll","background-type":"","background-media":"","overlay-type":"","overlay-color":"","overlay-opacity":"","overlay-gradient":""}},"footnotes":""},"categories":[517],"tags":[],"class_list":["post-23465","post","type-post","status-publish","format-image","hentry","category-aconteceu","post_format-post-format-image"],"_links":{"self":[{"href":"https:\/\/noticiasnoface.com.br\/index.php\/wp-json\/wp\/v2\/posts\/23465","targetHints":{"allow":["GET"]}}],"collection":[{"href":"https:\/\/noticiasnoface.com.br\/index.php\/wp-json\/wp\/v2\/posts"}],"about":[{"href":"https:\/\/noticiasnoface.com.br\/index.php\/wp-json\/wp\/v2\/types\/post"}],"author":[{"embeddable":true,"href":"https:\/\/noticiasnoface.com.br\/index.php\/wp-json\/wp\/v2\/users\/1"}],"replies":[{"embeddable":true,"href":"https:\/\/noticiasnoface.com.br\/index.php\/wp-json\/wp\/v2\/comments?post=23465"}],"version-history":[{"count":1,"href":"https:\/\/noticiasnoface.com.br\/index.php\/wp-json\/wp\/v2\/posts\/23465\/revisions"}],"predecessor-version":[{"id":23467,"href":"https:\/\/noticiasnoface.com.br\/index.php\/wp-json\/wp\/v2\/posts\/23465\/revisions\/23467"}],"wp:attachment":[{"href":"https:\/\/noticiasnoface.com.br\/index.php\/wp-json\/wp\/v2\/media?parent=23465"}],"wp:term":[{"taxonomy":"category","embeddable":true,"href":"https:\/\/noticiasnoface.com.br\/index.php\/wp-json\/wp\/v2\/categories?post=23465"},{"taxonomy":"post_tag","embeddable":true,"href":"https:\/\/noticiasnoface.com.br\/index.php\/wp-json\/wp\/v2\/tags?post=23465"}],"curies":[{"name":"wp","href":"https:\/\/api.w.org\/{rel}","templated":true}]}}