{"id":23477,"date":"2024-04-18T22:11:48","date_gmt":"2024-04-19T01:11:48","guid":{"rendered":"https:\/\/noticiasnoface.com.br\/?p=23477"},"modified":"2024-04-18T22:11:50","modified_gmt":"2024-04-19T01:11:50","slug":"prefeito-e-pego-nu-com-amante-no-gabinete-e-esposa-da-escandalo","status":"publish","type":"post","link":"https:\/\/noticiasnoface.com.br\/index.php\/2024\/04\/18\/prefeito-e-pego-nu-com-amante-no-gabinete-e-esposa-da-escandalo\/","title":{"rendered":"Prefeito \u00e9 pego nu com amante no gabinete e esposa da esc\u00e2ndalo"},"content":{"rendered":"\n<figure class=\"wp-block-image size-full\"><img data-opt-id=149247886  fetchpriority=\"high\" decoding=\"async\" width=\"678\" height=\"368\" src=\"https:\/\/mlbfrsat7ahr.i.optimole.com\/w:auto\/h:auto\/q:mauto\/ig:avif\/https:\/\/noticiasnoface.com.br\/wp-content\/uploads\/2024\/04\/IMG_3364.jpeg\" alt=\"\" class=\"wp-image-23478\" srcset=\"https:\/\/mlbfrsat7ahr.i.optimole.com\/w:678\/h:368\/q:mauto\/ig:avif\/https:\/\/noticiasnoface.com.br\/wp-content\/uploads\/2024\/04\/IMG_3364.jpeg 678w, https:\/\/mlbfrsat7ahr.i.optimole.com\/w:300\/h:163\/q:mauto\/ig:avif\/https:\/\/noticiasnoface.com.br\/wp-content\/uploads\/2024\/04\/IMG_3364.jpeg 300w\" sizes=\"(max-width: 678px) 100vw, 678px\" \/><\/figure>\n\n\n\n<!--more-->\n\n\n\n<p>Os grupos de WhatsApp em um munic\u00edpio do Litoral Norte da Bahia est\u00e3o pegando fogo, nesta quinta-feira (18), com o vazamento de um caso extraconjugal de um prefeito. O gestor foi pego com a amante dentro do gabinete onde trabalha.<\/p>\n\n\n\n<h2 class=\"wp-block-heading\">Vazou os \u00e1udios <\/h2>\n\n\n\n<p>\u00c1udios que circulam nas redes sociais d\u00e3o conta de que o casal foi flagrado pela esposa do gestor, que assumiu recentemente o cargo. O\u00a0blog entrou em contato com fontes da tal prefeitura, que confirmaram o burburinho.<\/p>\n\n\n\n<p>A mulher teria invadido o local e armado a maior confus\u00e3o. O prefeito e a amante, que tamb\u00e9m s\u00e3o casados, estariam sem roupas no momento do incidente.<\/p>\n\n\n\n<figure class=\"wp-block-embed is-type-video is-provider-youtube wp-block-embed-youtube wp-embed-aspect-4-3 wp-has-aspect-ratio\"><div class=\"wp-block-embed__wrapper\">\n<iframe title=\"RADAR BNEWS #374 -  APAG\u00c3O EM SALVADOR + PROJETO DE JER\u00d4NIMO RODRIGUES\" width=\"500\" height=\"375\" src=\"https:\/\/www.youtube.com\/embed\/umGtU8EYrWo?feature=oembed\" frameborder=\"0\" allow=\"accelerometer; autoplay; clipboard-write; encrypted-media; gyroscope; picture-in-picture; web-share\" referrerpolicy=\"strict-origin-when-cross-origin\" allowfullscreen><\/iframe>\n<\/div><\/figure>\n","protected":false},"excerpt":{"rendered":"","protected":false},"author":1,"featured_media":0,"comment_status":"open","ping_status":"open","sticky":false,"template":"","format":"image","meta":{"site-sidebar-layout":"default","site-content-layout":"","ast-site-content-layout":"default","site-content-style":"default","site-sidebar-style":"default","ast-global-header-display":"","ast-banner-title-visibility":"","ast-main-header-display":"","ast-hfb-above-header-display":"","ast-hfb-below-header-display":"","ast-hfb-mobile-header-display":"","site-post-title":"","ast-breadcrumbs-content":"","ast-featured-img":"","footer-sml-layout":"","ast-disable-related-posts":"","theme-transparent-header-meta":"","adv-header-id-meta":"","stick-header-meta":"","header-above-stick-meta":"","header-main-stick-meta":"","header-below-stick-meta":"","astra-migrate-meta-layouts":"default","ast-page-background-enabled":"default","ast-page-background-meta":{"desktop":{"background-color":"var(--ast-global-color-4)","background-image":"","background-repeat":"repeat","background-position":"center center","background-size":"auto","background-attachment":"scroll","background-type":"","background-media":"","overlay-type":"","overlay-color":"","overlay-opacity":"","overlay-gradient":""},"tablet":{"background-color":"","background-image":"","background-repeat":"repeat","background-position":"center center","background-size":"auto","background-attachment":"scroll","background-type":"","background-media":"","overlay-type":"","overlay-color":"","overlay-opacity":"","overlay-gradient":""},"mobile":{"background-color":"","background-image":"","background-repeat":"repeat","background-position":"center center","background-size":"auto","background-attachment":"scroll","background-type":"","background-media":"","overlay-type":"","overlay-color":"","overlay-opacity":"","overlay-gradient":""}},"ast-content-background-meta":{"desktop":{"background-color":"var(--ast-global-color-5)","background-image":"","background-repeat":"repeat","background-position":"center center","background-size":"auto","background-attachment":"scroll","background-type":"","background-media":"","overlay-type":"","overlay-color":"","overlay-opacity":"","overlay-gradient":""},"tablet":{"background-color":"var(--ast-global-color-5)","background-image":"","background-repeat":"repeat","background-position":"center center","background-size":"auto","background-attachment":"scroll","background-type":"","background-media":"","overlay-type":"","overlay-color":"","overlay-opacity":"","overlay-gradient":""},"mobile":{"background-color":"var(--ast-global-color-5)","background-image":"","background-repeat":"repeat","background-position":"center center","background-size":"auto","background-attachment":"scroll","background-type":"","background-media":"","overlay-type":"","overlay-color":"","overlay-opacity":"","overlay-gradient":""}},"footnotes":""},"categories":[517],"tags":[989,22,2905,937],"class_list":["post-23477","post","type-post","status-publish","format-image","hentry","category-aconteceu","tag-amante","tag-noticias-no-face","tag-nu","tag-prefeito","post_format-post-format-image"],"_links":{"self":[{"href":"https:\/\/noticiasnoface.com.br\/index.php\/wp-json\/wp\/v2\/posts\/23477","targetHints":{"allow":["GET"]}}],"collection":[{"href":"https:\/\/noticiasnoface.com.br\/index.php\/wp-json\/wp\/v2\/posts"}],"about":[{"href":"https:\/\/noticiasnoface.com.br\/index.php\/wp-json\/wp\/v2\/types\/post"}],"author":[{"embeddable":true,"href":"https:\/\/noticiasnoface.com.br\/index.php\/wp-json\/wp\/v2\/users\/1"}],"replies":[{"embeddable":true,"href":"https:\/\/noticiasnoface.com.br\/index.php\/wp-json\/wp\/v2\/comments?post=23477"}],"version-history":[{"count":1,"href":"https:\/\/noticiasnoface.com.br\/index.php\/wp-json\/wp\/v2\/posts\/23477\/revisions"}],"predecessor-version":[{"id":23479,"href":"https:\/\/noticiasnoface.com.br\/index.php\/wp-json\/wp\/v2\/posts\/23477\/revisions\/23479"}],"wp:attachment":[{"href":"https:\/\/noticiasnoface.com.br\/index.php\/wp-json\/wp\/v2\/media?parent=23477"}],"wp:term":[{"taxonomy":"category","embeddable":true,"href":"https:\/\/noticiasnoface.com.br\/index.php\/wp-json\/wp\/v2\/categories?post=23477"},{"taxonomy":"post_tag","embeddable":true,"href":"https:\/\/noticiasnoface.com.br\/index.php\/wp-json\/wp\/v2\/tags?post=23477"}],"curies":[{"name":"wp","href":"https:\/\/api.w.org\/{rel}","templated":true}]}}