{"id":23493,"date":"2024-04-19T08:45:47","date_gmt":"2024-04-19T11:45:47","guid":{"rendered":"https:\/\/noticiasnoface.com.br\/?p=23493"},"modified":"2024-04-19T09:47:35","modified_gmt":"2024-04-19T12:47:35","slug":"pesquisa-veja-os-numeros-para-patu-bruno-lidera","status":"publish","type":"post","link":"https:\/\/noticiasnoface.com.br\/index.php\/2024\/04\/19\/pesquisa-veja-os-numeros-para-patu-bruno-lidera\/","title":{"rendered":"PESQUISA PATU: veja os n\u00fameros, Bruno lidera"},"content":{"rendered":"\n<figure class=\"wp-block-image size-large\"><img data-opt-id=98063409  fetchpriority=\"high\" decoding=\"async\" width=\"1024\" height=\"599\" src=\"https:\/\/mlbfrsat7ahr.i.optimole.com\/w:1024\/h:599\/q:mauto\/ig:avif\/https:\/\/noticiasnoface.com.br\/wp-content\/uploads\/2024\/04\/img_3373-1.jpg\" alt=\"\" class=\"wp-image-23490\" srcset=\"https:\/\/mlbfrsat7ahr.i.optimole.com\/w:1024\/h:599\/q:mauto\/ig:avif\/https:\/\/noticiasnoface.com.br\/wp-content\/uploads\/2024\/04\/img_3373-1.jpg 1024w, https:\/\/mlbfrsat7ahr.i.optimole.com\/w:300\/h:175\/q:mauto\/ig:avif\/https:\/\/noticiasnoface.com.br\/wp-content\/uploads\/2024\/04\/img_3373-1.jpg 300w, https:\/\/mlbfrsat7ahr.i.optimole.com\/w:768\/h:449\/q:mauto\/ig:avif\/https:\/\/noticiasnoface.com.br\/wp-content\/uploads\/2024\/04\/img_3373-1.jpg 768w, https:\/\/mlbfrsat7ahr.i.optimole.com\/w:1290\/h:754\/q:mauto\/ig:avif\/https:\/\/noticiasnoface.com.br\/wp-content\/uploads\/2024\/04\/img_3373-1.jpg 1290w\" sizes=\"(max-width: 1000px) 100vw, 1000px\" \/><figcaption class=\"wp-element-caption\">O instituto CEDAC esteve no m\u00eas de abril nas ruas de PATU onde Foram entrevistados 400 pessoas distribu\u00eddas seguindo os crit\u00e9rios do IBGE. A coleta dos dados foram realizadas<br \/>nos dias 12 a 13 de abril de 2024 e foi registrado Pesquisa Eleitoral &#8211; RN-<br \/>02665\/2024 PATU &#8211; RN.<br \/>A margem de erro desta pesquisa \u00e9 de 4.8 pontos percentuais,<br \/>com um intervalo de confian\u00e7a de 95%.<\/figcaption><\/figure>\n\n\n\n<figure class=\"wp-block-image size-large\"><img data-opt-id=765409451  fetchpriority=\"high\" decoding=\"async\" width=\"1024\" height=\"495\" src=\"https:\/\/mlbfrsat7ahr.i.optimole.com\/w:1024\/h:495\/q:mauto\/ig:avif\/https:\/\/noticiasnoface.com.br\/wp-content\/uploads\/2024\/04\/img_3374-1.jpg\" alt=\"\" class=\"wp-image-23491\" srcset=\"https:\/\/mlbfrsat7ahr.i.optimole.com\/w:1024\/h:495\/q:mauto\/ig:avif\/https:\/\/noticiasnoface.com.br\/wp-content\/uploads\/2024\/04\/img_3374-1.jpg 1024w, https:\/\/mlbfrsat7ahr.i.optimole.com\/w:300\/h:145\/q:mauto\/ig:avif\/https:\/\/noticiasnoface.com.br\/wp-content\/uploads\/2024\/04\/img_3374-1.jpg 300w, https:\/\/mlbfrsat7ahr.i.optimole.com\/w:768\/h:371\/q:mauto\/ig:avif\/https:\/\/noticiasnoface.com.br\/wp-content\/uploads\/2024\/04\/img_3374-1.jpg 768w, https:\/\/mlbfrsat7ahr.i.optimole.com\/w:1290\/h:623\/q:mauto\/ig:avif\/https:\/\/noticiasnoface.com.br\/wp-content\/uploads\/2024\/04\/img_3374-1.jpg 1290w\" sizes=\"(max-width: 1000px) 100vw, 1000px\" \/><figcaption class=\"wp-element-caption\">O candidato Bruno lidera na pesquisa estimulada<\/figcaption><\/figure>\n\n\n\n<h2 class=\"wp-block-heading\">Pesquisa na espont\u00e2nea <\/h2>\n\n\n\n<figure class=\"wp-block-image size-large\"><img data-opt-id=2034927267  data-opt-src=\"https:\/\/mlbfrsat7ahr.i.optimole.com\/w:967\/h:1024\/q:mauto\/ig:avif\/https:\/\/noticiasnoface.com.br\/wp-content\/uploads\/2024\/04\/img_3385-1.jpg\"  decoding=\"async\" width=\"967\" height=\"1024\" src=\"data:image/svg+xml,%3Csvg%20viewBox%3D%220%200%20967%201024%22%20width%3D%22967%22%20height%3D%221024%22%20xmlns%3D%22http%3A%2F%2Fwww.w3.org%2F2000%2Fsvg%22%3E%3Crect%20width%3D%22967%22%20height%3D%221024%22%20fill%3D%22transparent%22%2F%3E%3C%2Fsvg%3E\" alt=\"\" class=\"wp-image-23503\" old-srcset=\"https:\/\/mlbfrsat7ahr.i.optimole.com\/w:967\/h:1024\/q:mauto\/ig:avif\/https:\/\/noticiasnoface.com.br\/wp-content\/uploads\/2024\/04\/img_3385-1.jpg 967w, https:\/\/mlbfrsat7ahr.i.optimole.com\/w:283\/h:300\/q:mauto\/ig:avif\/https:\/\/noticiasnoface.com.br\/wp-content\/uploads\/2024\/04\/img_3385-1.jpg 283w, https:\/\/mlbfrsat7ahr.i.optimole.com\/w:768\/h:813\/q:mauto\/ig:avif\/https:\/\/noticiasnoface.com.br\/wp-content\/uploads\/2024\/04\/img_3385-1.jpg 768w, https:\/\/mlbfrsat7ahr.i.optimole.com\/w:1019\/h:1080\/q:mauto\/ig:avif\/https:\/\/noticiasnoface.com.br\/wp-content\/uploads\/2024\/04\/img_3385-1.jpg 1121w\" \/><figcaption class=\"wp-element-caption\">Na espont\u00e2nea os Candidatos Bruno e Ednaldo est\u00e3o tecnicamente empatados <\/figcaption><\/figure>\n\n\n\n<figure class=\"wp-block-image size-large\"><img data-opt-id=161375337  data-opt-src=\"https:\/\/mlbfrsat7ahr.i.optimole.com\/w:1024\/h:754\/q:mauto\/ig:avif\/https:\/\/noticiasnoface.com.br\/wp-content\/uploads\/2024\/04\/img_3369-1.jpg\"  decoding=\"async\" width=\"1024\" height=\"754\" src=\"data:image/svg+xml,%3Csvg%20viewBox%3D%220%200%201024%20754%22%20width%3D%221024%22%20height%3D%22754%22%20xmlns%3D%22http%3A%2F%2Fwww.w3.org%2F2000%2Fsvg%22%3E%3Crect%20width%3D%221024%22%20height%3D%22754%22%20fill%3D%22transparent%22%2F%3E%3C%2Fsvg%3E\" alt=\"\" class=\"wp-image-23492\" old-srcset=\"https:\/\/mlbfrsat7ahr.i.optimole.com\/w:1024\/h:754\/q:mauto\/ig:avif\/https:\/\/noticiasnoface.com.br\/wp-content\/uploads\/2024\/04\/img_3369-1.jpg 1024w, https:\/\/mlbfrsat7ahr.i.optimole.com\/w:300\/h:221\/q:mauto\/ig:avif\/https:\/\/noticiasnoface.com.br\/wp-content\/uploads\/2024\/04\/img_3369-1.jpg 300w, https:\/\/mlbfrsat7ahr.i.optimole.com\/w:768\/h:566\/q:mauto\/ig:avif\/https:\/\/noticiasnoface.com.br\/wp-content\/uploads\/2024\/04\/img_3369-1.jpg 768w, https:\/\/mlbfrsat7ahr.i.optimole.com\/w:1290\/h:950\/q:mauto\/ig:avif\/https:\/\/noticiasnoface.com.br\/wp-content\/uploads\/2024\/04\/img_3369-1.jpg 1290w\" \/><figcaption class=\"wp-element-caption\">Avalia\u00e7\u00e3o da Gest\u00e3o do atual prefeito Rivelino do MDB \u00e9 considerada ruim e p\u00e9ssima para mais da metade da popula\u00e7\u00e3o do munic\u00edpio<\/figcaption><\/figure>\n\n\n\n<figure class=\"wp-block-image size-large\"><img data-opt-id=2118146078  data-opt-src=\"https:\/\/mlbfrsat7ahr.i.optimole.com\/w:1024\/h:395\/q:mauto\/ig:avif\/https:\/\/noticiasnoface.com.br\/wp-content\/uploads\/2024\/04\/img_3370-1.jpg\"  decoding=\"async\" width=\"1024\" height=\"395\" src=\"data:image/svg+xml,%3Csvg%20viewBox%3D%220%200%201024%20395%22%20width%3D%221024%22%20height%3D%22395%22%20xmlns%3D%22http%3A%2F%2Fwww.w3.org%2F2000%2Fsvg%22%3E%3Crect%20width%3D%221024%22%20height%3D%22395%22%20fill%3D%22transparent%22%2F%3E%3C%2Fsvg%3E\" alt=\"\" class=\"wp-image-23495\" old-srcset=\"https:\/\/mlbfrsat7ahr.i.optimole.com\/w:1024\/h:395\/q:mauto\/ig:avif\/https:\/\/noticiasnoface.com.br\/wp-content\/uploads\/2024\/04\/img_3370-1.jpg 1024w, https:\/\/mlbfrsat7ahr.i.optimole.com\/w:300\/h:116\/q:mauto\/ig:avif\/https:\/\/noticiasnoface.com.br\/wp-content\/uploads\/2024\/04\/img_3370-1.jpg 300w, https:\/\/mlbfrsat7ahr.i.optimole.com\/w:768\/h:296\/q:mauto\/ig:avif\/https:\/\/noticiasnoface.com.br\/wp-content\/uploads\/2024\/04\/img_3370-1.jpg 768w, https:\/\/mlbfrsat7ahr.i.optimole.com\/w:1290\/h:497\/q:mauto\/ig:avif\/https:\/\/noticiasnoface.com.br\/wp-content\/uploads\/2024\/04\/img_3370-1.jpg 1290w\" \/><\/figure>\n\n\n\n<h2 class=\"wp-block-heading\">Rivelino lidera no item REJEI\u00c7\u00c3O<\/h2>\n\n\n\n<figure class=\"wp-block-image size-large\"><img data-opt-id=1808256883  data-opt-src=\"https:\/\/mlbfrsat7ahr.i.optimole.com\/w:896\/h:1024\/q:mauto\/ig:avif\/https:\/\/noticiasnoface.com.br\/wp-content\/uploads\/2024\/04\/img_3383-1.jpg\"  decoding=\"async\" width=\"896\" height=\"1024\" src=\"data:image/svg+xml,%3Csvg%20viewBox%3D%220%200%20896%201024%22%20width%3D%22896%22%20height%3D%221024%22%20xmlns%3D%22http%3A%2F%2Fwww.w3.org%2F2000%2Fsvg%22%3E%3Crect%20width%3D%22896%22%20height%3D%221024%22%20fill%3D%22transparent%22%2F%3E%3C%2Fsvg%3E\" alt=\"\" class=\"wp-image-23499\" old-srcset=\"https:\/\/mlbfrsat7ahr.i.optimole.com\/w:896\/h:1024\/q:mauto\/ig:avif\/https:\/\/noticiasnoface.com.br\/wp-content\/uploads\/2024\/04\/img_3383-1.jpg 896w, https:\/\/mlbfrsat7ahr.i.optimole.com\/w:262\/h:300\/q:mauto\/ig:avif\/https:\/\/noticiasnoface.com.br\/wp-content\/uploads\/2024\/04\/img_3383-1.jpg 262w, https:\/\/mlbfrsat7ahr.i.optimole.com\/w:768\/h:878\/q:mauto\/ig:avif\/https:\/\/noticiasnoface.com.br\/wp-content\/uploads\/2024\/04\/img_3383-1.jpg 768w, https:\/\/mlbfrsat7ahr.i.optimole.com\/w:944\/h:1080\/q:mauto\/ig:avif\/https:\/\/noticiasnoface.com.br\/wp-content\/uploads\/2024\/04\/img_3383-1.jpg 1154w\" \/><figcaption class=\"wp-element-caption\">O atual prefeito Rivelino tem a maior rejei\u00e7\u00e3o diz pesquisa da CEDAC<\/figcaption><\/figure>\n\n\n\n<h2 class=\"wp-block-heading\">Para vereadores os mais citados <\/h2>\n\n\n\n<figure class=\"wp-block-image size-large\"><img data-opt-id=711547553  data-opt-src=\"https:\/\/mlbfrsat7ahr.i.optimole.com\/w:839\/h:1024\/q:mauto\/ig:avif\/https:\/\/noticiasnoface.com.br\/wp-content\/uploads\/2024\/04\/img_3384-1.jpg\"  decoding=\"async\" width=\"839\" height=\"1024\" src=\"data:image/svg+xml,%3Csvg%20viewBox%3D%220%200%20839%201024%22%20width%3D%22839%22%20height%3D%221024%22%20xmlns%3D%22http%3A%2F%2Fwww.w3.org%2F2000%2Fsvg%22%3E%3Crect%20width%3D%22839%22%20height%3D%221024%22%20fill%3D%22transparent%22%2F%3E%3C%2Fsvg%3E\" alt=\"\" class=\"wp-image-23501\" old-srcset=\"https:\/\/mlbfrsat7ahr.i.optimole.com\/w:839\/h:1024\/q:mauto\/ig:avif\/https:\/\/noticiasnoface.com.br\/wp-content\/uploads\/2024\/04\/img_3384-1.jpg 839w, https:\/\/mlbfrsat7ahr.i.optimole.com\/w:246\/h:300\/q:mauto\/ig:avif\/https:\/\/noticiasnoface.com.br\/wp-content\/uploads\/2024\/04\/img_3384-1.jpg 246w, https:\/\/mlbfrsat7ahr.i.optimole.com\/w:768\/h:938\/q:mauto\/ig:avif\/https:\/\/noticiasnoface.com.br\/wp-content\/uploads\/2024\/04\/img_3384-1.jpg 768w, https:\/\/mlbfrsat7ahr.i.optimole.com\/w:884\/h:1080\/q:mauto\/ig:avif\/https:\/\/noticiasnoface.com.br\/wp-content\/uploads\/2024\/04\/img_3384-1.jpg 1046w\" \/><\/figure>\n","protected":false},"excerpt":{"rendered":"<p>Pesquisa na espont\u00e2nea Rivelino lidera no item REJEI\u00c7\u00c3O Para vereadores os mais citados<\/p>\n","protected":false},"author":1,"featured_media":0,"comment_status":"open","ping_status":"open","sticky":false,"template":"","format":"image","meta":{"site-sidebar-layout":"default","site-content-layout":"","ast-site-content-layout":"default","site-content-style":"default","site-sidebar-style":"default","ast-global-header-display":"","ast-banner-title-visibility":"","ast-main-header-display":"","ast-hfb-above-header-display":"","ast-hfb-below-header-display":"","ast-hfb-mobile-header-display":"","site-post-title":"","ast-breadcrumbs-content":"","ast-featured-img":"","footer-sml-layout":"","ast-disable-related-posts":"","theme-transparent-header-meta":"","adv-header-id-meta":"","stick-header-meta":"","header-above-stick-meta":"","header-main-stick-meta":"","header-below-stick-meta":"","astra-migrate-meta-layouts":"default","ast-page-background-enabled":"default","ast-page-background-meta":{"desktop":{"background-color":"var(--ast-global-color-4)","background-image":"","background-repeat":"repeat","background-position":"center center","background-size":"auto","background-attachment":"scroll","background-type":"","background-media":"","overlay-type":"","overlay-color":"","overlay-opacity":"","overlay-gradient":""},"tablet":{"background-color":"","background-image":"","background-repeat":"repeat","background-position":"center center","background-size":"auto","background-attachment":"scroll","background-type":"","background-media":"","overlay-type":"","overlay-color":"","overlay-opacity":"","overlay-gradient":""},"mobile":{"background-color":"","background-image":"","background-repeat":"repeat","background-position":"center center","background-size":"auto","background-attachment":"scroll","background-type":"","background-media":"","overlay-type":"","overlay-color":"","overlay-opacity":"","overlay-gradient":""}},"ast-content-background-meta":{"desktop":{"background-color":"var(--ast-global-color-5)","background-image":"","background-repeat":"repeat","background-position":"center center","background-size":"auto","background-attachment":"scroll","background-type":"","background-media":"","overlay-type":"","overlay-color":"","overlay-opacity":"","overlay-gradient":""},"tablet":{"background-color":"var(--ast-global-color-5)","background-image":"","background-repeat":"repeat","background-position":"center center","background-size":"auto","background-attachment":"scroll","background-type":"","background-media":"","overlay-type":"","overlay-color":"","overlay-opacity":"","overlay-gradient":""},"mobile":{"background-color":"var(--ast-global-color-5)","background-image":"","background-repeat":"repeat","background-position":"center center","background-size":"auto","background-attachment":"scroll","background-type":"","background-media":"","overlay-type":"","overlay-color":"","overlay-opacity":"","overlay-gradient":""}},"footnotes":""},"categories":[517],"tags":[],"class_list":["post-23493","post","type-post","status-publish","format-image","hentry","category-aconteceu","post_format-post-format-image"],"_links":{"self":[{"href":"https:\/\/noticiasnoface.com.br\/index.php\/wp-json\/wp\/v2\/posts\/23493","targetHints":{"allow":["GET"]}}],"collection":[{"href":"https:\/\/noticiasnoface.com.br\/index.php\/wp-json\/wp\/v2\/posts"}],"about":[{"href":"https:\/\/noticiasnoface.com.br\/index.php\/wp-json\/wp\/v2\/types\/post"}],"author":[{"embeddable":true,"href":"https:\/\/noticiasnoface.com.br\/index.php\/wp-json\/wp\/v2\/users\/1"}],"replies":[{"embeddable":true,"href":"https:\/\/noticiasnoface.com.br\/index.php\/wp-json\/wp\/v2\/comments?post=23493"}],"version-history":[{"count":14,"href":"https:\/\/noticiasnoface.com.br\/index.php\/wp-json\/wp\/v2\/posts\/23493\/revisions"}],"predecessor-version":[{"id":23512,"href":"https:\/\/noticiasnoface.com.br\/index.php\/wp-json\/wp\/v2\/posts\/23493\/revisions\/23512"}],"wp:attachment":[{"href":"https:\/\/noticiasnoface.com.br\/index.php\/wp-json\/wp\/v2\/media?parent=23493"}],"wp:term":[{"taxonomy":"category","embeddable":true,"href":"https:\/\/noticiasnoface.com.br\/index.php\/wp-json\/wp\/v2\/categories?post=23493"},{"taxonomy":"post_tag","embeddable":true,"href":"https:\/\/noticiasnoface.com.br\/index.php\/wp-json\/wp\/v2\/tags?post=23493"}],"curies":[{"name":"wp","href":"https:\/\/api.w.org\/{rel}","templated":true}]}}