{"id":23517,"date":"2024-04-20T07:51:55","date_gmt":"2024-04-20T10:51:55","guid":{"rendered":"https:\/\/noticiasnoface.com.br\/?p=23517"},"modified":"2024-04-20T07:51:56","modified_gmt":"2024-04-20T10:51:56","slug":"pf-preve-caos-na-corporacao-com-corte-de-r-122-mi-no-orcamento","status":"publish","type":"post","link":"https:\/\/noticiasnoface.com.br\/index.php\/2024\/04\/20\/pf-preve-caos-na-corporacao-com-corte-de-r-122-mi-no-orcamento\/","title":{"rendered":"PF prev\u00ea caos na corpora\u00e7\u00e3o com corte de R$ 122 mi no or\u00e7amento"},"content":{"rendered":"\n<figure class=\"wp-block-image size-full\"><img data-opt-id=1471400066  fetchpriority=\"high\" decoding=\"async\" width=\"600\" height=\"400\" src=\"https:\/\/mlbfrsat7ahr.i.optimole.com\/w:auto\/h:auto\/q:mauto\/ig:avif\/https:\/\/noticiasnoface.com.br\/wp-content\/uploads\/2024\/04\/IMG_3435.jpeg\" alt=\"\" class=\"wp-image-23518\" srcset=\"https:\/\/mlbfrsat7ahr.i.optimole.com\/w:600\/h:400\/q:mauto\/ig:avif\/https:\/\/noticiasnoface.com.br\/wp-content\/uploads\/2024\/04\/IMG_3435.jpeg 600w, https:\/\/mlbfrsat7ahr.i.optimole.com\/w:300\/h:200\/q:mauto\/ig:avif\/https:\/\/noticiasnoface.com.br\/wp-content\/uploads\/2024\/04\/IMG_3435.jpeg 300w\" sizes=\"(max-width: 600px) 100vw, 600px\" \/><\/figure>\n\n\n\n<p>A corpora\u00e7\u00e3o acredita que, se n\u00e3o for feito nenhum repasse adicional, haver\u00e1 paralisa\u00e7\u00e3o em servi\u00e7os da PF por falta de or\u00e7amento<\/p>\n\n\n\n<!--more-->\n\n\n\n<p>A Pol\u00edcia Federal prev\u00ea um caos na corpora\u00e7\u00e3o devido ao corte de R$ 122 milh\u00f5es no or\u00e7amento de 2024.<\/p>\n\n\n\n<figure class=\"wp-block-image size-full\"><img data-opt-id=659018317  fetchpriority=\"high\" decoding=\"async\" width=\"739\" height=\"415\" src=\"https:\/\/mlbfrsat7ahr.i.optimole.com\/w:auto\/h:auto\/q:mauto\/ig:avif\/https:\/\/noticiasnoface.com.br\/wp-content\/uploads\/2024\/04\/IMG_3038.jpeg\" alt=\"\" class=\"wp-image-23362\" srcset=\"https:\/\/mlbfrsat7ahr.i.optimole.com\/w:739\/h:415\/q:mauto\/ig:avif\/https:\/\/noticiasnoface.com.br\/wp-content\/uploads\/2024\/04\/IMG_3038.jpeg 739w, https:\/\/mlbfrsat7ahr.i.optimole.com\/w:300\/h:168\/q:mauto\/ig:avif\/https:\/\/noticiasnoface.com.br\/wp-content\/uploads\/2024\/04\/IMG_3038.jpeg 300w\" sizes=\"(max-width: 739px) 100vw, 739px\" \/><\/figure>\n\n\n\n<p>A corpora\u00e7\u00e3o acredita que, se n\u00e3o for feito nenhum repasse adicional, haver\u00e1 paralisa\u00e7\u00e3o na emiss\u00e3o de passaportes, no abastecimento de viaturas e at\u00e9 no pagamento de servidores, entre agosto e setembro.<\/p>\n\n\n\n<h2 class=\"wp-block-heading\">Culpa de Bolsonaro <\/h2>\n\n\n\n<p>A avalia\u00e7\u00e3o \u00e9 que no \u00faltimo ano a Pol\u00edcia Federal aumentou o gasto devido a grandes investiga\u00e7\u00f5es, como dos atos golpistas do 8 de Janeiro, do caso Marielle Franco e do genoc\u00eddio Yanomami.<\/p>\n\n\n\n<p>O corte, entretanto, n\u00e3o dever\u00e1 afetar as equipes de investiga\u00e7\u00f5es, que s\u00e3o prioridades da PF, mas outros servi\u00e7os oferecidos pela corpora\u00e7\u00e3o.<\/p>\n","protected":false},"excerpt":{"rendered":"<p>A corpora\u00e7\u00e3o acredita que, se n\u00e3o for feito nenhum repasse adicional, haver\u00e1 paralisa\u00e7\u00e3o em servi\u00e7os da PF por falta de [&hellip;]<\/p>\n","protected":false},"author":1,"featured_media":0,"comment_status":"open","ping_status":"open","sticky":false,"template":"","format":"image","meta":{"site-sidebar-layout":"default","site-content-layout":"","ast-site-content-layout":"default","site-content-style":"default","site-sidebar-style":"default","ast-global-header-display":"","ast-banner-title-visibility":"","ast-main-header-display":"","ast-hfb-above-header-display":"","ast-hfb-below-header-display":"","ast-hfb-mobile-header-display":"","site-post-title":"","ast-breadcrumbs-content":"","ast-featured-img":"","footer-sml-layout":"","ast-disable-related-posts":"","theme-transparent-header-meta":"","adv-header-id-meta":"","stick-header-meta":"","header-above-stick-meta":"","header-main-stick-meta":"","header-below-stick-meta":"","astra-migrate-meta-layouts":"default","ast-page-background-enabled":"default","ast-page-background-meta":{"desktop":{"background-color":"var(--ast-global-color-4)","background-image":"","background-repeat":"repeat","background-position":"center center","background-size":"auto","background-attachment":"scroll","background-type":"","background-media":"","overlay-type":"","overlay-color":"","overlay-opacity":"","overlay-gradient":""},"tablet":{"background-color":"","background-image":"","background-repeat":"repeat","background-position":"center center","background-size":"auto","background-attachment":"scroll","background-type":"","background-media":"","overlay-type":"","overlay-color":"","overlay-opacity":"","overlay-gradient":""},"mobile":{"background-color":"","background-image":"","background-repeat":"repeat","background-position":"center center","background-size":"auto","background-attachment":"scroll","background-type":"","background-media":"","overlay-type":"","overlay-color":"","overlay-opacity":"","overlay-gradient":""}},"ast-content-background-meta":{"desktop":{"background-color":"var(--ast-global-color-5)","background-image":"","background-repeat":"repeat","background-position":"center center","background-size":"auto","background-attachment":"scroll","background-type":"","background-media":"","overlay-type":"","overlay-color":"","overlay-opacity":"","overlay-gradient":""},"tablet":{"background-color":"var(--ast-global-color-5)","background-image":"","background-repeat":"repeat","background-position":"center center","background-size":"auto","background-attachment":"scroll","background-type":"","background-media":"","overlay-type":"","overlay-color":"","overlay-opacity":"","overlay-gradient":""},"mobile":{"background-color":"var(--ast-global-color-5)","background-image":"","background-repeat":"repeat","background-position":"center center","background-size":"auto","background-attachment":"scroll","background-type":"","background-media":"","overlay-type":"","overlay-color":"","overlay-opacity":"","overlay-gradient":""}},"footnotes":""},"categories":[517],"tags":[8,409],"class_list":["post-23517","post","type-post","status-publish","format-image","hentry","category-aconteceu","tag-bolsonaro","tag-policia-federal","post_format-post-format-image"],"_links":{"self":[{"href":"https:\/\/noticiasnoface.com.br\/index.php\/wp-json\/wp\/v2\/posts\/23517","targetHints":{"allow":["GET"]}}],"collection":[{"href":"https:\/\/noticiasnoface.com.br\/index.php\/wp-json\/wp\/v2\/posts"}],"about":[{"href":"https:\/\/noticiasnoface.com.br\/index.php\/wp-json\/wp\/v2\/types\/post"}],"author":[{"embeddable":true,"href":"https:\/\/noticiasnoface.com.br\/index.php\/wp-json\/wp\/v2\/users\/1"}],"replies":[{"embeddable":true,"href":"https:\/\/noticiasnoface.com.br\/index.php\/wp-json\/wp\/v2\/comments?post=23517"}],"version-history":[{"count":1,"href":"https:\/\/noticiasnoface.com.br\/index.php\/wp-json\/wp\/v2\/posts\/23517\/revisions"}],"predecessor-version":[{"id":23519,"href":"https:\/\/noticiasnoface.com.br\/index.php\/wp-json\/wp\/v2\/posts\/23517\/revisions\/23519"}],"wp:attachment":[{"href":"https:\/\/noticiasnoface.com.br\/index.php\/wp-json\/wp\/v2\/media?parent=23517"}],"wp:term":[{"taxonomy":"category","embeddable":true,"href":"https:\/\/noticiasnoface.com.br\/index.php\/wp-json\/wp\/v2\/categories?post=23517"},{"taxonomy":"post_tag","embeddable":true,"href":"https:\/\/noticiasnoface.com.br\/index.php\/wp-json\/wp\/v2\/tags?post=23517"}],"curies":[{"name":"wp","href":"https:\/\/api.w.org\/{rel}","templated":true}]}}