{"id":23528,"date":"2024-04-21T08:36:32","date_gmt":"2024-04-21T11:36:32","guid":{"rendered":"https:\/\/noticiasnoface.com.br\/?p=23528"},"modified":"2024-04-21T08:36:34","modified_gmt":"2024-04-21T11:36:34","slug":"helicopteros-militares-do-japao-caem-apos-possivel-colisao-no-ar-um-tripulante-morreu","status":"publish","type":"post","link":"https:\/\/noticiasnoface.com.br\/index.php\/2024\/04\/21\/helicopteros-militares-do-japao-caem-apos-possivel-colisao-no-ar-um-tripulante-morreu\/","title":{"rendered":"Helic\u00f3pteros militares do Jap\u00e3o caem ap\u00f3s poss\u00edvel colis\u00e3o no ar; um tripulante morreu"},"content":{"rendered":"\n<figure class=\"wp-block-image size-full\"><img data-opt-id=393116205  fetchpriority=\"high\" decoding=\"async\" width=\"420\" height=\"240\" src=\"https:\/\/mlbfrsat7ahr.i.optimole.com\/w:auto\/h:auto\/q:mauto\/ig:avif\/https:\/\/noticiasnoface.com.br\/wp-content\/uploads\/2024\/04\/IMG_3479.webp\" alt=\"\" class=\"wp-image-23529\" srcset=\"https:\/\/mlbfrsat7ahr.i.optimole.com\/w:420\/h:240\/q:mauto\/ig:avif\/https:\/\/noticiasnoface.com.br\/wp-content\/uploads\/2024\/04\/IMG_3479.webp 420w, https:\/\/mlbfrsat7ahr.i.optimole.com\/w:300\/h:171\/q:mauto\/ig:avif\/https:\/\/noticiasnoface.com.br\/wp-content\/uploads\/2024\/04\/IMG_3479.webp 300w\" sizes=\"(max-width: 420px) 100vw, 420px\" \/><\/figure>\n\n\n\n<!--more-->\n\n\n\n<p>Duas aeronaves SH-60K perderam contato com a torre de comunica\u00e7\u00e3o e ca\u00edram na noite de s\u00e1bado (20)<\/p>\n\n\n\n<h2 class=\"wp-block-heading\">Entenda o caso<\/h2>\n\n\n\n<p>Um membro da tripula\u00e7\u00e3o foi confirmado como morto depois que dois helic\u00f3pteros militares japoneses ca\u00edram na noite de s\u00e1bado (20), disse o ministro da Defesa japon\u00eas, Minoru Kihara.<\/p>\n\n\n\n<p>Sete outros membros da For\u00e7a de Autodefesa permanecem desaparecidos depois que os dois helic\u00f3pteros de patrulha SH-60K perderam contato a leste de Torishima, parte da cadeia de ilhas Izu, no Jap\u00e3o.<\/p>\n\n\n\n<p>\u201cConfirmamos que o tripulante recuperado, conforme relatado no in\u00edcio desta manh\u00e3, morreu. \u00c9 profundamente lament\u00e1vel que a situa\u00e7\u00e3o tenha chegado a este ponto, apesar de nossos esfor\u00e7os de busca e resgate desde o acidente. Apresento minhas sinceras condol\u00eancias ao membro falecido da tripula\u00e7\u00e3o\u201d, disse o ministro.<\/p>\n\n\n\n<h2 class=\"wp-block-heading\">Gravadores de v\u00f4o<\/h2>\n\n\n\n<p>Os gravadores de voo de ambos os helic\u00f3pteros foram recuperados. Eles foram encontrados pr\u00f3ximos, levantando a possibilidade de os helic\u00f3pteros terem colidido no ar, disse Kihara.<\/p>\n\n\n\n<p>Os helic\u00f3pteros realizavam exerc\u00edcios anti-submarinos na noite de s\u00e1bado perto de Torishima, no remoto grupo de ilhas Izu, na costa sul do centro do Jap\u00e3o, relataram a emissora nacional NHK e a Kyodo.<\/p>\n\n\n\n<p>Os voos de treinamento dos helic\u00f3pteros SH-60 da For\u00e7a de Autodefesa Mar\u00edtima do Jap\u00e3o foram suspensos, acrescentou Kihara.<\/p>\n","protected":false},"excerpt":{"rendered":"","protected":false},"author":1,"featured_media":0,"comment_status":"open","ping_status":"open","sticky":false,"template":"","format":"image","meta":{"site-sidebar-layout":"default","site-content-layout":"","ast-site-content-layout":"default","site-content-style":"default","site-sidebar-style":"default","ast-global-header-display":"","ast-banner-title-visibility":"","ast-main-header-display":"","ast-hfb-above-header-display":"","ast-hfb-below-header-display":"","ast-hfb-mobile-header-display":"","site-post-title":"","ast-breadcrumbs-content":"","ast-featured-img":"","footer-sml-layout":"","ast-disable-related-posts":"","theme-transparent-header-meta":"","adv-header-id-meta":"","stick-header-meta":"","header-above-stick-meta":"","header-main-stick-meta":"","header-below-stick-meta":"","astra-migrate-meta-layouts":"default","ast-page-background-enabled":"default","ast-page-background-meta":{"desktop":{"background-color":"var(--ast-global-color-4)","background-image":"","background-repeat":"repeat","background-position":"center center","background-size":"auto","background-attachment":"scroll","background-type":"","background-media":"","overlay-type":"","overlay-color":"","overlay-opacity":"","overlay-gradient":""},"tablet":{"background-color":"","background-image":"","background-repeat":"repeat","background-position":"center center","background-size":"auto","background-attachment":"scroll","background-type":"","background-media":"","overlay-type":"","overlay-color":"","overlay-opacity":"","overlay-gradient":""},"mobile":{"background-color":"","background-image":"","background-repeat":"repeat","background-position":"center center","background-size":"auto","background-attachment":"scroll","background-type":"","background-media":"","overlay-type":"","overlay-color":"","overlay-opacity":"","overlay-gradient":""}},"ast-content-background-meta":{"desktop":{"background-color":"var(--ast-global-color-5)","background-image":"","background-repeat":"repeat","background-position":"center center","background-size":"auto","background-attachment":"scroll","background-type":"","background-media":"","overlay-type":"","overlay-color":"","overlay-opacity":"","overlay-gradient":""},"tablet":{"background-color":"var(--ast-global-color-5)","background-image":"","background-repeat":"repeat","background-position":"center center","background-size":"auto","background-attachment":"scroll","background-type":"","background-media":"","overlay-type":"","overlay-color":"","overlay-opacity":"","overlay-gradient":""},"mobile":{"background-color":"var(--ast-global-color-5)","background-image":"","background-repeat":"repeat","background-position":"center center","background-size":"auto","background-attachment":"scroll","background-type":"","background-media":"","overlay-type":"","overlay-color":"","overlay-opacity":"","overlay-gradient":""}},"footnotes":""},"categories":[517],"tags":[3188,3046,22],"class_list":["post-23528","post","type-post","status-publish","format-image","hentry","category-aconteceu","tag-acidente-aereo","tag-helicoptero","tag-noticias-no-face","post_format-post-format-image"],"_links":{"self":[{"href":"https:\/\/noticiasnoface.com.br\/index.php\/wp-json\/wp\/v2\/posts\/23528","targetHints":{"allow":["GET"]}}],"collection":[{"href":"https:\/\/noticiasnoface.com.br\/index.php\/wp-json\/wp\/v2\/posts"}],"about":[{"href":"https:\/\/noticiasnoface.com.br\/index.php\/wp-json\/wp\/v2\/types\/post"}],"author":[{"embeddable":true,"href":"https:\/\/noticiasnoface.com.br\/index.php\/wp-json\/wp\/v2\/users\/1"}],"replies":[{"embeddable":true,"href":"https:\/\/noticiasnoface.com.br\/index.php\/wp-json\/wp\/v2\/comments?post=23528"}],"version-history":[{"count":1,"href":"https:\/\/noticiasnoface.com.br\/index.php\/wp-json\/wp\/v2\/posts\/23528\/revisions"}],"predecessor-version":[{"id":23530,"href":"https:\/\/noticiasnoface.com.br\/index.php\/wp-json\/wp\/v2\/posts\/23528\/revisions\/23530"}],"wp:attachment":[{"href":"https:\/\/noticiasnoface.com.br\/index.php\/wp-json\/wp\/v2\/media?parent=23528"}],"wp:term":[{"taxonomy":"category","embeddable":true,"href":"https:\/\/noticiasnoface.com.br\/index.php\/wp-json\/wp\/v2\/categories?post=23528"},{"taxonomy":"post_tag","embeddable":true,"href":"https:\/\/noticiasnoface.com.br\/index.php\/wp-json\/wp\/v2\/tags?post=23528"}],"curies":[{"name":"wp","href":"https:\/\/api.w.org\/{rel}","templated":true}]}}