{"id":23591,"date":"2024-04-22T07:35:25","date_gmt":"2024-04-22T10:35:25","guid":{"rendered":"https:\/\/noticiasnoface.com.br\/?p=23591"},"modified":"2024-04-22T07:35:27","modified_gmt":"2024-04-22T10:35:27","slug":"o-que-aconteceu-que-a-rede-globo-parou-de-atacar-bolsonaro","status":"publish","type":"post","link":"https:\/\/noticiasnoface.com.br\/index.php\/2024\/04\/22\/o-que-aconteceu-que-a-rede-globo-parou-de-atacar-bolsonaro\/","title":{"rendered":"O que aconteceu que a Rede Globo parou de atacar Bolsonaro?"},"content":{"rendered":"\n<figure class=\"wp-block-image size-large\"><img data-opt-id=248396420  fetchpriority=\"high\" decoding=\"async\" width=\"1024\" height=\"512\" src=\"https:\/\/mlbfrsat7ahr.i.optimole.com\/w:1024\/h:512\/q:mauto\/ig:avif\/https:\/\/noticiasnoface.com.br\/wp-content\/uploads\/2024\/04\/IMG_3532.webp\" alt=\"\" class=\"wp-image-23592\" srcset=\"https:\/\/mlbfrsat7ahr.i.optimole.com\/w:1024\/h:512\/q:mauto\/ig:avif\/https:\/\/noticiasnoface.com.br\/wp-content\/uploads\/2024\/04\/IMG_3532.webp 1024w, https:\/\/mlbfrsat7ahr.i.optimole.com\/w:300\/h:150\/q:mauto\/ig:avif\/https:\/\/noticiasnoface.com.br\/wp-content\/uploads\/2024\/04\/IMG_3532.webp 300w, https:\/\/mlbfrsat7ahr.i.optimole.com\/w:768\/h:384\/q:mauto\/ig:avif\/https:\/\/noticiasnoface.com.br\/wp-content\/uploads\/2024\/04\/IMG_3532.webp 768w, https:\/\/mlbfrsat7ahr.i.optimole.com\/w:1140\/h:570\/q:mauto\/ig:avif\/https:\/\/noticiasnoface.com.br\/wp-content\/uploads\/2024\/04\/IMG_3532.webp 1140w\" sizes=\"(max-width: 1000px) 100vw, 1000px\" \/><\/figure>\n\n\n\n<p>Fant\u00e1stico classificou as manifesta\u00e7\u00f5es em Copacabana de democr\u00e1ticas e pac\u00edficas, o que aconteceu ?<\/p>\n\n\n\n<!--more-->\n\n\n\n<h2 class=\"wp-block-heading\">A manifesta\u00e7\u00e3o <\/h2>\n\n\n\n<p>No \u00faltimo domingo, milhares de manifestantes se reuniram na Praia de Copacabana para apoiar o ex-presidente Bolsonaro. O evento ocorreu em meio \u00e0 tens\u00e3o entre o ministro do Supremo Tribunal Federal (STF) Alexandre de Moraes e o empres\u00e1rio Elon Musk, dono do X, antigo Twitter. O discurso de Bolsonaro enfatizou a \u201cliberdade de express\u00e3o\u201d e evitou ataques diretos ao STF.<\/p>\n\n\n\n<h2 class=\"wp-block-heading\">A Rede Globo mudou?<\/h2>\n\n\n\n<p>A rede Globo tamb\u00e9m decidiu mudar sua postura ao falar do evento, afirmando que foi \u2018uma manifesta\u00e7\u00e3o pac\u00edfica pela democracia e liberdade\u2019.<\/p>\n\n\n\n<p>Bolsonaro elogiou Elon Musk por sua coragem em \u2018defender a democracia\u2019 e criticou o que chamou de \u201csistema\u201d trabalhando contra a liberdade de express\u00e3o. Ele tamb\u00e9m se defendeu das acusa\u00e7\u00f5es de planejar um suposto golpe de Estado e negou ter jogado \u201cfora das quatro linhas da Constitui\u00e7\u00e3o\u201d.<\/p>\n","protected":false},"excerpt":{"rendered":"<p>Fant\u00e1stico classificou as manifesta\u00e7\u00f5es em Copacabana de democr\u00e1ticas e pac\u00edficas, o que aconteceu ?<\/p>\n","protected":false},"author":1,"featured_media":0,"comment_status":"open","ping_status":"open","sticky":false,"template":"","format":"image","meta":{"site-sidebar-layout":"default","site-content-layout":"","ast-site-content-layout":"default","site-content-style":"default","site-sidebar-style":"default","ast-global-header-display":"","ast-banner-title-visibility":"","ast-main-header-display":"","ast-hfb-above-header-display":"","ast-hfb-below-header-display":"","ast-hfb-mobile-header-display":"","site-post-title":"","ast-breadcrumbs-content":"","ast-featured-img":"","footer-sml-layout":"","ast-disable-related-posts":"","theme-transparent-header-meta":"","adv-header-id-meta":"","stick-header-meta":"","header-above-stick-meta":"","header-main-stick-meta":"","header-below-stick-meta":"","astra-migrate-meta-layouts":"default","ast-page-background-enabled":"default","ast-page-background-meta":{"desktop":{"background-color":"var(--ast-global-color-4)","background-image":"","background-repeat":"repeat","background-position":"center center","background-size":"auto","background-attachment":"scroll","background-type":"","background-media":"","overlay-type":"","overlay-color":"","overlay-opacity":"","overlay-gradient":""},"tablet":{"background-color":"","background-image":"","background-repeat":"repeat","background-position":"center center","background-size":"auto","background-attachment":"scroll","background-type":"","background-media":"","overlay-type":"","overlay-color":"","overlay-opacity":"","overlay-gradient":""},"mobile":{"background-color":"","background-image":"","background-repeat":"repeat","background-position":"center center","background-size":"auto","background-attachment":"scroll","background-type":"","background-media":"","overlay-type":"","overlay-color":"","overlay-opacity":"","overlay-gradient":""}},"ast-content-background-meta":{"desktop":{"background-color":"var(--ast-global-color-5)","background-image":"","background-repeat":"repeat","background-position":"center center","background-size":"auto","background-attachment":"scroll","background-type":"","background-media":"","overlay-type":"","overlay-color":"","overlay-opacity":"","overlay-gradient":""},"tablet":{"background-color":"var(--ast-global-color-5)","background-image":"","background-repeat":"repeat","background-position":"center center","background-size":"auto","background-attachment":"scroll","background-type":"","background-media":"","overlay-type":"","overlay-color":"","overlay-opacity":"","overlay-gradient":""},"mobile":{"background-color":"var(--ast-global-color-5)","background-image":"","background-repeat":"repeat","background-position":"center center","background-size":"auto","background-attachment":"scroll","background-type":"","background-media":"","overlay-type":"","overlay-color":"","overlay-opacity":"","overlay-gradient":""}},"footnotes":""},"categories":[517],"tags":[8,2037,91],"class_list":["post-23591","post","type-post","status-publish","format-image","hentry","category-aconteceu","tag-bolsonaro","tag-manifestacoes","tag-rede-globo","post_format-post-format-image"],"_links":{"self":[{"href":"https:\/\/noticiasnoface.com.br\/index.php\/wp-json\/wp\/v2\/posts\/23591","targetHints":{"allow":["GET"]}}],"collection":[{"href":"https:\/\/noticiasnoface.com.br\/index.php\/wp-json\/wp\/v2\/posts"}],"about":[{"href":"https:\/\/noticiasnoface.com.br\/index.php\/wp-json\/wp\/v2\/types\/post"}],"author":[{"embeddable":true,"href":"https:\/\/noticiasnoface.com.br\/index.php\/wp-json\/wp\/v2\/users\/1"}],"replies":[{"embeddable":true,"href":"https:\/\/noticiasnoface.com.br\/index.php\/wp-json\/wp\/v2\/comments?post=23591"}],"version-history":[{"count":1,"href":"https:\/\/noticiasnoface.com.br\/index.php\/wp-json\/wp\/v2\/posts\/23591\/revisions"}],"predecessor-version":[{"id":23594,"href":"https:\/\/noticiasnoface.com.br\/index.php\/wp-json\/wp\/v2\/posts\/23591\/revisions\/23594"}],"wp:attachment":[{"href":"https:\/\/noticiasnoface.com.br\/index.php\/wp-json\/wp\/v2\/media?parent=23591"}],"wp:term":[{"taxonomy":"category","embeddable":true,"href":"https:\/\/noticiasnoface.com.br\/index.php\/wp-json\/wp\/v2\/categories?post=23591"},{"taxonomy":"post_tag","embeddable":true,"href":"https:\/\/noticiasnoface.com.br\/index.php\/wp-json\/wp\/v2\/tags?post=23591"}],"curies":[{"name":"wp","href":"https:\/\/api.w.org\/{rel}","templated":true}]}}