{"id":23596,"date":"2024-04-22T09:02:50","date_gmt":"2024-04-22T12:02:50","guid":{"rendered":"https:\/\/noticiasnoface.com.br\/?p=23596"},"modified":"2024-04-22T09:07:34","modified_gmt":"2024-04-22T12:07:34","slug":"mst-promete-50-invasoes-ate-final-de-abril","status":"publish","type":"post","link":"https:\/\/noticiasnoface.com.br\/index.php\/2024\/04\/22\/mst-promete-50-invasoes-ate-final-de-abril\/","title":{"rendered":"MST promete 50 invas\u00f5es at\u00e9 final de Abril"},"content":{"rendered":"\n<figure class=\"wp-block-image size-large\"><img data-opt-id=719920472  fetchpriority=\"high\" decoding=\"async\" width=\"554\" height=\"554\" src=\"https:\/\/mlbfrsat7ahr.i.optimole.com\/w:auto\/h:auto\/q:mauto\/ig:avif\/https:\/\/noticiasnoface.com.br\/wp-content\/uploads\/2024\/04\/img_3536-1.jpg\" alt=\"\" class=\"wp-image-23601\" srcset=\"https:\/\/mlbfrsat7ahr.i.optimole.com\/w:554\/h:554\/q:mauto\/ig:avif\/https:\/\/noticiasnoface.com.br\/wp-content\/uploads\/2024\/04\/img_3536-1.jpg 554w, https:\/\/mlbfrsat7ahr.i.optimole.com\/w:300\/h:300\/q:mauto\/ig:avif\/https:\/\/noticiasnoface.com.br\/wp-content\/uploads\/2024\/04\/img_3536-1.jpg 300w, https:\/\/mlbfrsat7ahr.i.optimole.com\/w:150\/h:150\/q:mauto\/ig:avif\/https:\/\/noticiasnoface.com.br\/wp-content\/uploads\/2024\/04\/img_3536-1.jpg 150w\" sizes=\"(max-width: 554px) 100vw, 554px\" \/><\/figure>\n\n\n\n<!--more-->\n\n\n\n<p>O&nbsp;<a href=\"https:\/\/www.metropoles.com\/tag\/mst\" target=\"_blank\" rel=\"noreferrer noopener\">Movimento dos Trabalhadores Rurais Sem Terra (MST)<\/a>&nbsp;informou ao&nbsp;<strong>Metr\u00f3poles<\/strong>&nbsp;que deseja duplicar o n\u00famero de ocupa\u00e7\u00f5es de terra at\u00e9 o fim do m\u00eas de abril. O objetivo \u00e9 ultrapassar 50 ocupa\u00e7\u00f5es de terra com o objetivo de provocar o governo federal para acelerar a&nbsp;<a href=\"https:\/\/www.metropoles.com\/tag\/reforma-agraria\" target=\"_blank\" rel=\"noreferrer noopener\">reforma agr\u00e1ria<\/a>no pa\u00eds.<\/p>\n\n\n\n<h2 class=\"wp-block-heading\">Ainda em abril <\/h2>\n\n\n\n<p>At\u00e9 sexta-feira (19\/4), o balan\u00e7o do grupo era 26 ocupa\u00e7\u00f5es de terra e cinco novos acampamentos instalados, com a\u00e7\u00f5es por 18 estados e o Distrito Federal. No domingo (21\/4), houve mais outra ocupa\u00e7\u00e3o, dessa vez no munic\u00edpio de Miguel Le\u00e3o (PI).<\/p>\n\n\n\n<h2 class=\"wp-block-heading\">ABRIL VERMELHO <\/h2>\n\n\n\n<p>As atividades fazem parte de uma s\u00e9rie&nbsp;<a href=\"https:\/\/www.metropoles.com\/brasil\/abril-vermelho-caiado-mobiliza-a-policia-para-impedir-invasoes-do-mst\" target=\"_blank\" rel=\"noreferrer noopener\">que ocorre em todas as regi\u00f5es do Brasil durante o Abril Vermelho<\/a>&nbsp;\u2013 m\u00eas em que o movimento relembra o assassinato de 21 trabalhadores rurais, em 17 de abril de 1996, em Eldorado do Caraj\u00e1s, no sul do Par\u00e1.<\/p>\n\n\n\n<h2 class=\"wp-block-heading\"><\/h2>\n","protected":false},"excerpt":{"rendered":"","protected":false},"author":1,"featured_media":0,"comment_status":"open","ping_status":"open","sticky":false,"template":"","format":"image","meta":{"site-sidebar-layout":"default","site-content-layout":"","ast-site-content-layout":"default","site-content-style":"default","site-sidebar-style":"default","ast-global-header-display":"","ast-banner-title-visibility":"","ast-main-header-display":"","ast-hfb-above-header-display":"","ast-hfb-below-header-display":"","ast-hfb-mobile-header-display":"","site-post-title":"","ast-breadcrumbs-content":"","ast-featured-img":"","footer-sml-layout":"","ast-disable-related-posts":"","theme-transparent-header-meta":"","adv-header-id-meta":"","stick-header-meta":"","header-above-stick-meta":"","header-main-stick-meta":"","header-below-stick-meta":"","astra-migrate-meta-layouts":"default","ast-page-background-enabled":"default","ast-page-background-meta":{"desktop":{"background-color":"var(--ast-global-color-4)","background-image":"","background-repeat":"repeat","background-position":"center center","background-size":"auto","background-attachment":"scroll","background-type":"","background-media":"","overlay-type":"","overlay-color":"","overlay-opacity":"","overlay-gradient":""},"tablet":{"background-color":"","background-image":"","background-repeat":"repeat","background-position":"center center","background-size":"auto","background-attachment":"scroll","background-type":"","background-media":"","overlay-type":"","overlay-color":"","overlay-opacity":"","overlay-gradient":""},"mobile":{"background-color":"","background-image":"","background-repeat":"repeat","background-position":"center center","background-size":"auto","background-attachment":"scroll","background-type":"","background-media":"","overlay-type":"","overlay-color":"","overlay-opacity":"","overlay-gradient":""}},"ast-content-background-meta":{"desktop":{"background-color":"var(--ast-global-color-5)","background-image":"","background-repeat":"repeat","background-position":"center center","background-size":"auto","background-attachment":"scroll","background-type":"","background-media":"","overlay-type":"","overlay-color":"","overlay-opacity":"","overlay-gradient":""},"tablet":{"background-color":"var(--ast-global-color-5)","background-image":"","background-repeat":"repeat","background-position":"center center","background-size":"auto","background-attachment":"scroll","background-type":"","background-media":"","overlay-type":"","overlay-color":"","overlay-opacity":"","overlay-gradient":""},"mobile":{"background-color":"var(--ast-global-color-5)","background-image":"","background-repeat":"repeat","background-position":"center center","background-size":"auto","background-attachment":"scroll","background-type":"","background-media":"","overlay-type":"","overlay-color":"","overlay-opacity":"","overlay-gradient":""}},"footnotes":""},"categories":[517],"tags":[3737,950,22],"class_list":["post-23596","post","type-post","status-publish","format-image","hentry","category-aconteceu","tag-abril-vermelho","tag-mst","tag-noticias-no-face","post_format-post-format-image"],"_links":{"self":[{"href":"https:\/\/noticiasnoface.com.br\/index.php\/wp-json\/wp\/v2\/posts\/23596","targetHints":{"allow":["GET"]}}],"collection":[{"href":"https:\/\/noticiasnoface.com.br\/index.php\/wp-json\/wp\/v2\/posts"}],"about":[{"href":"https:\/\/noticiasnoface.com.br\/index.php\/wp-json\/wp\/v2\/types\/post"}],"author":[{"embeddable":true,"href":"https:\/\/noticiasnoface.com.br\/index.php\/wp-json\/wp\/v2\/users\/1"}],"replies":[{"embeddable":true,"href":"https:\/\/noticiasnoface.com.br\/index.php\/wp-json\/wp\/v2\/comments?post=23596"}],"version-history":[{"count":3,"href":"https:\/\/noticiasnoface.com.br\/index.php\/wp-json\/wp\/v2\/posts\/23596\/revisions"}],"predecessor-version":[{"id":23603,"href":"https:\/\/noticiasnoface.com.br\/index.php\/wp-json\/wp\/v2\/posts\/23596\/revisions\/23603"}],"wp:attachment":[{"href":"https:\/\/noticiasnoface.com.br\/index.php\/wp-json\/wp\/v2\/media?parent=23596"}],"wp:term":[{"taxonomy":"category","embeddable":true,"href":"https:\/\/noticiasnoface.com.br\/index.php\/wp-json\/wp\/v2\/categories?post=23596"},{"taxonomy":"post_tag","embeddable":true,"href":"https:\/\/noticiasnoface.com.br\/index.php\/wp-json\/wp\/v2\/tags?post=23596"}],"curies":[{"name":"wp","href":"https:\/\/api.w.org\/{rel}","templated":true}]}}