{"id":23604,"date":"2024-04-23T04:55:59","date_gmt":"2024-04-23T07:55:59","guid":{"rendered":"https:\/\/noticiasnoface.com.br\/?p=23604"},"modified":"2024-04-23T04:56:01","modified_gmt":"2024-04-23T07:56:01","slug":"milei-anuncia-primeiro-superavit-trimestral-em-16-anos-na-argentina","status":"publish","type":"post","link":"https:\/\/noticiasnoface.com.br\/index.php\/2024\/04\/23\/milei-anuncia-primeiro-superavit-trimestral-em-16-anos-na-argentina\/","title":{"rendered":"Milei anuncia primeiro super\u00e1vit trimestral em 16 anos na Argentina"},"content":{"rendered":"\n<figure class=\"wp-block-image size-full\"><img data-opt-id=1358777422  fetchpriority=\"high\" decoding=\"async\" width=\"702\" height=\"437\" src=\"https:\/\/mlbfrsat7ahr.i.optimole.com\/w:auto\/h:auto\/q:mauto\/ig:avif\/https:\/\/noticiasnoface.com.br\/wp-content\/uploads\/2024\/04\/IMG_3572.jpeg\" alt=\"\" class=\"wp-image-23607\" srcset=\"https:\/\/mlbfrsat7ahr.i.optimole.com\/w:702\/h:437\/q:mauto\/ig:avif\/https:\/\/noticiasnoface.com.br\/wp-content\/uploads\/2024\/04\/IMG_3572.jpeg 702w, https:\/\/mlbfrsat7ahr.i.optimole.com\/w:300\/h:187\/q:mauto\/ig:avif\/https:\/\/noticiasnoface.com.br\/wp-content\/uploads\/2024\/04\/IMG_3572.jpeg 300w\" sizes=\"(max-width: 702px) 100vw, 702px\" \/><\/figure>\n\n\n\n<!--more-->\n\n\n\n<p>Em pronunciamento, presidente argentino disse que contas p\u00fablicas fecharam positivas no per\u00edodo a 0,2% do PIB<\/p>\n\n\n\n<p>O presidente da&nbsp;<a href=\"https:\/\/www1.folha.uol.com.br\/folha-topicos\/argentina\/\" target=\"_blank\" rel=\"noopener\">Argentina<\/a>,&nbsp;<a href=\"https:\/\/www1.folha.uol.com.br\/folha-topicos\/javier-milei\/\" target=\"_blank\" rel=\"noopener\">Javier Milei<\/a>, anunciou na noite desta segunda-feira (22) que o pa\u00eds alcan\u00e7ou um super\u00e1vit prim\u00e1rio (receitas maiores que despesas, incluindo juros) no primeiro trimestre do ano pela primeira vez desde 2008, de 0,2% do PIB.<\/p>\n\n\n\n<p>&#8220;[\u00c9 um feito] que deve nos deixar orgulhoso como pa\u00eds, em particular dada a heran\u00e7a que tivemos que assumir&#8221;, disse Milei em pronunciamento, referindo-se ao antecessor&nbsp;<a href=\"https:\/\/www1.folha.uol.com.br\/folha-topicos\/alberto-fernandez\/\" target=\"_blank\" rel=\"noopener\">Alberto Fern\u00e1ndez<\/a>.<\/p>\n\n\n\n<h2 class=\"wp-block-heading\">Super\u00e1vit  fiscal <\/h2>\n\n\n\n<p> <\/p>\n\n\n\n<p>&#8220;O super\u00e1vit fiscal \u00e9 a pedra angular a partir da qual construiremos a nova era de prosperidade da Argentina. Ter alcan\u00e7ado esse super\u00e1vit na Argentina, que teve d\u00e9ficit em 113 dos \u00faltimos 123 anos [&#8230;] \u00e9 simplesmente uma proeza de propor\u00e7\u00f5es hist\u00f3ricas a n\u00edvel mundial&#8221;.<\/p>\n\n\n\n<p>Na transmiss\u00e3o gravada, Milei estava acompanhado do ministro da Economia, Luis Caputo, e do presidente do banco central argentino, Santiago Bausili.<\/p>\n","protected":false},"excerpt":{"rendered":"","protected":false},"author":1,"featured_media":0,"comment_status":"open","ping_status":"open","sticky":false,"template":"","format":"image","meta":{"site-sidebar-layout":"default","site-content-layout":"","ast-site-content-layout":"default","site-content-style":"default","site-sidebar-style":"default","ast-global-header-display":"","ast-banner-title-visibility":"","ast-main-header-display":"","ast-hfb-above-header-display":"","ast-hfb-below-header-display":"","ast-hfb-mobile-header-display":"","site-post-title":"","ast-breadcrumbs-content":"","ast-featured-img":"","footer-sml-layout":"","ast-disable-related-posts":"","theme-transparent-header-meta":"","adv-header-id-meta":"","stick-header-meta":"","header-above-stick-meta":"","header-main-stick-meta":"","header-below-stick-meta":"","astra-migrate-meta-layouts":"default","ast-page-background-enabled":"default","ast-page-background-meta":{"desktop":{"background-color":"var(--ast-global-color-4)","background-image":"","background-repeat":"repeat","background-position":"center center","background-size":"auto","background-attachment":"scroll","background-type":"","background-media":"","overlay-type":"","overlay-color":"","overlay-opacity":"","overlay-gradient":""},"tablet":{"background-color":"","background-image":"","background-repeat":"repeat","background-position":"center center","background-size":"auto","background-attachment":"scroll","background-type":"","background-media":"","overlay-type":"","overlay-color":"","overlay-opacity":"","overlay-gradient":""},"mobile":{"background-color":"","background-image":"","background-repeat":"repeat","background-position":"center center","background-size":"auto","background-attachment":"scroll","background-type":"","background-media":"","overlay-type":"","overlay-color":"","overlay-opacity":"","overlay-gradient":""}},"ast-content-background-meta":{"desktop":{"background-color":"var(--ast-global-color-5)","background-image":"","background-repeat":"repeat","background-position":"center center","background-size":"auto","background-attachment":"scroll","background-type":"","background-media":"","overlay-type":"","overlay-color":"","overlay-opacity":"","overlay-gradient":""},"tablet":{"background-color":"var(--ast-global-color-5)","background-image":"","background-repeat":"repeat","background-position":"center center","background-size":"auto","background-attachment":"scroll","background-type":"","background-media":"","overlay-type":"","overlay-color":"","overlay-opacity":"","overlay-gradient":""},"mobile":{"background-color":"var(--ast-global-color-5)","background-image":"","background-repeat":"repeat","background-position":"center center","background-size":"auto","background-attachment":"scroll","background-type":"","background-media":"","overlay-type":"","overlay-color":"","overlay-opacity":"","overlay-gradient":""}},"footnotes":""},"categories":[517],"tags":[1062,3738],"class_list":["post-23604","post","type-post","status-publish","format-image","hentry","category-aconteceu","tag-argentina","tag-milei","post_format-post-format-image"],"_links":{"self":[{"href":"https:\/\/noticiasnoface.com.br\/index.php\/wp-json\/wp\/v2\/posts\/23604","targetHints":{"allow":["GET"]}}],"collection":[{"href":"https:\/\/noticiasnoface.com.br\/index.php\/wp-json\/wp\/v2\/posts"}],"about":[{"href":"https:\/\/noticiasnoface.com.br\/index.php\/wp-json\/wp\/v2\/types\/post"}],"author":[{"embeddable":true,"href":"https:\/\/noticiasnoface.com.br\/index.php\/wp-json\/wp\/v2\/users\/1"}],"replies":[{"embeddable":true,"href":"https:\/\/noticiasnoface.com.br\/index.php\/wp-json\/wp\/v2\/comments?post=23604"}],"version-history":[{"count":1,"href":"https:\/\/noticiasnoface.com.br\/index.php\/wp-json\/wp\/v2\/posts\/23604\/revisions"}],"predecessor-version":[{"id":23608,"href":"https:\/\/noticiasnoface.com.br\/index.php\/wp-json\/wp\/v2\/posts\/23604\/revisions\/23608"}],"wp:attachment":[{"href":"https:\/\/noticiasnoface.com.br\/index.php\/wp-json\/wp\/v2\/media?parent=23604"}],"wp:term":[{"taxonomy":"category","embeddable":true,"href":"https:\/\/noticiasnoface.com.br\/index.php\/wp-json\/wp\/v2\/categories?post=23604"},{"taxonomy":"post_tag","embeddable":true,"href":"https:\/\/noticiasnoface.com.br\/index.php\/wp-json\/wp\/v2\/tags?post=23604"}],"curies":[{"name":"wp","href":"https:\/\/api.w.org\/{rel}","templated":true}]}}