{"id":23628,"date":"2024-04-23T22:38:13","date_gmt":"2024-04-24T01:38:13","guid":{"rendered":"https:\/\/noticiasnoface.com.br\/?p=23628"},"modified":"2024-04-23T22:38:13","modified_gmt":"2024-04-24T01:38:13","slug":"em-audiencia-publica-comissao-de-educacao-debate-escola-em-tempo-integral","status":"publish","type":"post","link":"https:\/\/noticiasnoface.com.br\/index.php\/2024\/04\/23\/em-audiencia-publica-comissao-de-educacao-debate-escola-em-tempo-integral\/","title":{"rendered":"Em audi\u00eancia p\u00fablica, Comiss\u00e3o de Educa\u00e7\u00e3o debate Escola em Tempo Integral"},"content":{"rendered":"\n<figure class=\"wp-block-image size-large\"><img data-opt-id=1157403780  fetchpriority=\"high\" decoding=\"async\" width=\"1024\" height=\"679\" src=\"https:\/\/mlbfrsat7ahr.i.optimole.com\/w:1024\/h:679\/q:mauto\/ig:avif\/https:\/\/noticiasnoface.com.br\/wp-content\/uploads\/2024\/04\/img_3625-1.jpg\" class=\"wp-image-23627\" srcset=\"https:\/\/mlbfrsat7ahr.i.optimole.com\/w:1024\/h:679\/q:mauto\/ig:avif\/https:\/\/noticiasnoface.com.br\/wp-content\/uploads\/2024\/04\/img_3625-1.jpg 1024w, https:\/\/mlbfrsat7ahr.i.optimole.com\/w:300\/h:199\/q:mauto\/ig:avif\/https:\/\/noticiasnoface.com.br\/wp-content\/uploads\/2024\/04\/img_3625-1.jpg 300w, https:\/\/mlbfrsat7ahr.i.optimole.com\/w:768\/h:509\/q:mauto\/ig:avif\/https:\/\/noticiasnoface.com.br\/wp-content\/uploads\/2024\/04\/img_3625-1.jpg 768w, https:\/\/mlbfrsat7ahr.i.optimole.com\/w:1536\/h:1019\/q:mauto\/ig:avif\/https:\/\/noticiasnoface.com.br\/wp-content\/uploads\/2024\/04\/img_3625-1.jpg 1536w, https:\/\/mlbfrsat7ahr.i.optimole.com\/w:1600\/h:1061\/q:mauto\/ig:avif\/https:\/\/noticiasnoface.com.br\/wp-content\/uploads\/2024\/04\/img_3625-1.jpg 1600w\" sizes=\"(max-width: 1000px) 100vw, 1000px\" \/><\/figure>\n\n\n\n<!--more-->\n\n\n\n<p>Nesta ter\u00e7a-feira (23), a Comiss\u00e3o de Educa\u00e7\u00e3o, Cultura, Ci\u00eancia, Tecnologia e Inova\u00e7\u00e3o da C\u00e2mara Municipal de Natal realizou uma audi\u00eancia p\u00fablica para discutir a Escola em Tempo Integral na capital potiguar. O presidente do colegiado, vereador Daniel Valen\u00e7a (PT), mediou o debate, que contou com a participa\u00e7\u00e3o de gestores de escolas da rede municipal de ensino, l\u00edderes sindicais, professores e membros de movimentos sociais.&nbsp;<\/p>\n\n\n\n<p>&#8220;O governo do presidente Lula, em 2023, criou o Programa Escola em Tempo Integral. Se queremos que os pais possam trabalhar, precisamos garantir que suas crian\u00e7as tenham acesso \u00e0 Escola em Tempo Integral para desenvolverem habilidades e potencialidades. Dito isso, a audi\u00eancia tem a fun\u00e7\u00e3o de chamar a aten\u00e7\u00e3o da sociedade para a quest\u00e3o, haja vista que o munic\u00edpio n\u00e3o faz esse debate, n\u00e3o envolve a comunidade. E quem perde \u00e9 a popula\u00e7\u00e3o&#8221;, pontuou o vereador Daniel Valen\u00e7a.<\/p>\n\n\n\n<p>Em seguida, a coordenadora do Sindicato dos Trabalhadores em Educa\u00e7\u00e3o P\u00fablica do Rio Grande do Norte (SINTE\/RN), F\u00e1tima Cardoso, disse que o prefeito tem que redimensionar suas prioridades dando \u00e0 educa\u00e7\u00e3o a dignidade que ela merece. &#8220;Hoje a gente n\u00e3o tem uma escola de qualidade. Estamos aqui para reivindicar da prefeitura medidas que melhorem a estrutura, a arquitetura e as condi\u00e7\u00f5es das escolas que recebem os estudantes, para tirar a rede municipal de ensino do sucateamento. Infelizmente, n\u00e3o existe estrutura para uma escola de tempo integral que abrace alunos e fam\u00edlia&#8221;.<\/p>\n\n\n\n<p>Camila Rodrigues, do Conselho Municipal de Educa\u00e7\u00e3o, informou que existe uma meta para que o Brasil tenha um quantitativo de escolas em tempo integral. &#8220;Com esse objetivo o Governo Federal e a Secretaria Municipal de Educa\u00e7\u00e3o est\u00e3o trabalhando para tentar atender essa demanda. O Conselho est\u00e1 ativo nesse processo de an\u00e1lise e avalia\u00e7\u00e3o das resolu\u00e7\u00f5es e dos prazos. Em tempo: a sociedade natalense tem pressa para que a Escola Integral seja uma realidade diante do papel decisivo que ela ter\u00e1 no \u00e2mbito das fam\u00edlias&#8221;.<\/p>\n\n\n\n<p><strong>Projetos de lei s\u00e3o aprovados<\/strong><\/p>\n\n\n\n<p>Antes da audi\u00eancia, os parlamentares que integram a Comiss\u00e3o se reuniram para analisar projetos de lei. Na ocasi\u00e3o, acataram o Projeto de Lei n\u00b0 577\/2023, de autoria do vereador Kleber Fernandes (Republicanos), que disp\u00f5e sobre a import\u00e2ncia de garantir nos livros, cadernos e demais peri\u00f3dicos escolares fornecidos pelo poder p\u00fablico aos alunos das escolas municipais, mensagens educativas advertindo sobre os malef\u00edcios do cigarro, cigarros eletr\u00f4nicos, narguil\u00e9s, bebidas alco\u00f3licas e drogas il\u00edcitas na capital potiguar.<\/p>\n\n\n\n<p>Segundo o parecer emitido pelo vereador Klaus Ara\u00fajo (PSDB), a mat\u00e9ria visa refor\u00e7ar as campanhas educativas, especialmente no que concerne aos riscos \u00e0 sa\u00fade pelo uso do \u00e1lcool, drogas e fumo, sendo o conhecimento dos riscos e as consequ\u00eancias das drogas sobre a sa\u00fade mental e f\u00edsica \u00e9 um dos aspectos mais fundamentais para conscientizar a juventude.<\/p>\n\n\n\n<p>Outro destaque foi o parecer favor\u00e1vel ao PL&nbsp; 25\/2023, do vereador Aldo Clemente (PSDB), que assegura \u00e0s pessoas com Transtorno do Espectro Autista (TEA) o benef\u00edcio da meia-entrada em eventos art\u00edsticos-culturais e esportivos realizados no munic\u00edpio.<\/p>\n\n\n\n<p><strong><em>Texto: Junior Martins<br>Fotos: Elp\u00eddio J\u00fanior<\/em><\/strong><\/p>\n\n\n\n<p><\/p>\n","protected":false},"excerpt":{"rendered":"","protected":false},"author":1,"featured_media":0,"comment_status":"open","ping_status":"open","sticky":false,"template":"","format":"image","meta":{"site-sidebar-layout":"default","site-content-layout":"","ast-site-content-layout":"default","site-content-style":"default","site-sidebar-style":"default","ast-global-header-display":"","ast-banner-title-visibility":"","ast-main-header-display":"","ast-hfb-above-header-display":"","ast-hfb-below-header-display":"","ast-hfb-mobile-header-display":"","site-post-title":"","ast-breadcrumbs-content":"","ast-featured-img":"","footer-sml-layout":"","ast-disable-related-posts":"","theme-transparent-header-meta":"","adv-header-id-meta":"","stick-header-meta":"","header-above-stick-meta":"","header-main-stick-meta":"","header-below-stick-meta":"","astra-migrate-meta-layouts":"default","ast-page-background-enabled":"default","ast-page-background-meta":{"desktop":{"background-color":"var(--ast-global-color-4)","background-image":"","background-repeat":"repeat","background-position":"center center","background-size":"auto","background-attachment":"scroll","background-type":"","background-media":"","overlay-type":"","overlay-color":"","overlay-opacity":"","overlay-gradient":""},"tablet":{"background-color":"","background-image":"","background-repeat":"repeat","background-position":"center center","background-size":"auto","background-attachment":"scroll","background-type":"","background-media":"","overlay-type":"","overlay-color":"","overlay-opacity":"","overlay-gradient":""},"mobile":{"background-color":"","background-image":"","background-repeat":"repeat","background-position":"center center","background-size":"auto","background-attachment":"scroll","background-type":"","background-media":"","overlay-type":"","overlay-color":"","overlay-opacity":"","overlay-gradient":""}},"ast-content-background-meta":{"desktop":{"background-color":"var(--ast-global-color-5)","background-image":"","background-repeat":"repeat","background-position":"center center","background-size":"auto","background-attachment":"scroll","background-type":"","background-media":"","overlay-type":"","overlay-color":"","overlay-opacity":"","overlay-gradient":""},"tablet":{"background-color":"var(--ast-global-color-5)","background-image":"","background-repeat":"repeat","background-position":"center center","background-size":"auto","background-attachment":"scroll","background-type":"","background-media":"","overlay-type":"","overlay-color":"","overlay-opacity":"","overlay-gradient":""},"mobile":{"background-color":"var(--ast-global-color-5)","background-image":"","background-repeat":"repeat","background-position":"center center","background-size":"auto","background-attachment":"scroll","background-type":"","background-media":"","overlay-type":"","overlay-color":"","overlay-opacity":"","overlay-gradient":""}},"footnotes":""},"categories":[517],"tags":[],"class_list":["post-23628","post","type-post","status-publish","format-image","hentry","category-aconteceu","post_format-post-format-image"],"_links":{"self":[{"href":"https:\/\/noticiasnoface.com.br\/index.php\/wp-json\/wp\/v2\/posts\/23628","targetHints":{"allow":["GET"]}}],"collection":[{"href":"https:\/\/noticiasnoface.com.br\/index.php\/wp-json\/wp\/v2\/posts"}],"about":[{"href":"https:\/\/noticiasnoface.com.br\/index.php\/wp-json\/wp\/v2\/types\/post"}],"author":[{"embeddable":true,"href":"https:\/\/noticiasnoface.com.br\/index.php\/wp-json\/wp\/v2\/users\/1"}],"replies":[{"embeddable":true,"href":"https:\/\/noticiasnoface.com.br\/index.php\/wp-json\/wp\/v2\/comments?post=23628"}],"version-history":[{"count":1,"href":"https:\/\/noticiasnoface.com.br\/index.php\/wp-json\/wp\/v2\/posts\/23628\/revisions"}],"predecessor-version":[{"id":23629,"href":"https:\/\/noticiasnoface.com.br\/index.php\/wp-json\/wp\/v2\/posts\/23628\/revisions\/23629"}],"wp:attachment":[{"href":"https:\/\/noticiasnoface.com.br\/index.php\/wp-json\/wp\/v2\/media?parent=23628"}],"wp:term":[{"taxonomy":"category","embeddable":true,"href":"https:\/\/noticiasnoface.com.br\/index.php\/wp-json\/wp\/v2\/categories?post=23628"},{"taxonomy":"post_tag","embeddable":true,"href":"https:\/\/noticiasnoface.com.br\/index.php\/wp-json\/wp\/v2\/tags?post=23628"}],"curies":[{"name":"wp","href":"https:\/\/api.w.org\/{rel}","templated":true}]}}