{"id":23632,"date":"2024-04-24T15:40:36","date_gmt":"2024-04-24T18:40:36","guid":{"rendered":"https:\/\/noticiasnoface.com.br\/?p=23632"},"modified":"2024-04-24T15:40:47","modified_gmt":"2024-04-24T18:40:47","slug":"urgente-alexandre-de-moraes-arquiva-processo-de-bolsonaro-sobre-dormir-em-embaixada","status":"publish","type":"post","link":"https:\/\/noticiasnoface.com.br\/index.php\/2024\/04\/24\/urgente-alexandre-de-moraes-arquiva-processo-de-bolsonaro-sobre-dormir-em-embaixada\/","title":{"rendered":"URGENTE- Alexandre de Moraes arquiva processo de Bolsonaro sobre dormir em embaixada"},"content":{"rendered":"\n<figure class=\"wp-block-image size-full\"><img data-opt-id=185130468  fetchpriority=\"high\" decoding=\"async\" width=\"1024\" height=\"682\" src=\"https:\/\/mlbfrsat7ahr.i.optimole.com\/w:auto\/h:auto\/q:mauto\/ig:avif\/https:\/\/noticiasnoface.com.br\/wp-content\/uploads\/2024\/04\/IMG_3657.jpeg\" alt=\"\" class=\"wp-image-23633\" srcset=\"https:\/\/mlbfrsat7ahr.i.optimole.com\/w:1024\/h:682\/q:mauto\/ig:avif\/https:\/\/noticiasnoface.com.br\/wp-content\/uploads\/2024\/04\/IMG_3657.jpeg 1024w, https:\/\/mlbfrsat7ahr.i.optimole.com\/w:300\/h:200\/q:mauto\/ig:avif\/https:\/\/noticiasnoface.com.br\/wp-content\/uploads\/2024\/04\/IMG_3657.jpeg 300w, https:\/\/mlbfrsat7ahr.i.optimole.com\/w:768\/h:512\/q:mauto\/ig:avif\/https:\/\/noticiasnoface.com.br\/wp-content\/uploads\/2024\/04\/IMG_3657.jpeg 768w\" sizes=\"(max-width: 1000px) 100vw, 1000px\" \/><\/figure>\n\n\n\n<p>Ministro afirma que locais diplom\u00e1ticos &#8216;n\u00e3o s\u00e3o considerados extens\u00e3o de territ\u00f3rio estrangeiro&#8217;<\/p>\n\n\n\n<!--more-->\n\n\n\n<p>O ministro do&nbsp;<a href=\"https:\/\/www1.folha.uol.com.br\/folha-topicos\/stf\/\" target=\"_blank\" rel=\"noopener\">STF<\/a>&nbsp;(Supremo Tribunal Federal)&nbsp;<a href=\"https:\/\/www1.folha.uol.com.br\/folha-topicos\/alexandre-de-moraes\/\" target=\"_blank\" rel=\"noopener\">Alexandre de Moraes<\/a>&nbsp;concluiu que n\u00e3o h\u00e1 evid\u00eancias que comprovem que&nbsp;<a href=\"https:\/\/www1.folha.uol.com.br\/folha-topicos\/jair-bolsonaro\/\" target=\"_blank\" rel=\"noopener\">Jair Bolsonaro<\/a>&nbsp;(PL) buscou asilo na Embaixada da Hungria, em Bras\u00edlia, em fevereiro deste ano.<\/p>\n\n\n\n<p><a href=\"https:\/\/www.nytimes.com\/2024\/03\/25\/world\/americas\/jair-bolsonaro-hungary-video.html\" target=\"_blank\" rel=\"noreferrer noopener\">Como revelou o The New York Times<\/a>, o ex-presidente\u00a0<a href=\"https:\/\/www1.folha.uol.com.br\/poder\/2024\/03\/bolsonaro-ficou-2-dias-na-embaixada-da-hungria-logo-apos-acao-da-pf-diz-nyt.shtml\" target=\"_blank\" rel=\"noopener\">passou dois dias na miss\u00e3o diplom\u00e1tica<\/a>em Bras\u00edlia logo ap\u00f3s ser alvo de uma opera\u00e7\u00e3o da Pol\u00edcia Federal (PF) e ter o passaporte apreendido. A ida levantou suspeitas de que o ex-mandat\u00e1rio poderia ter buscado asilo pol\u00edtico no local.<\/p>\n\n\n\n<h2 class=\"wp-block-heading\">Bolsonaro N\u00e3o cometeu crime<\/h2>\n\n\n\n<p>O ministro afirma que, embora os locais das miss\u00f5es diplom\u00e1ticas tenham prote\u00e7\u00e3o especial, &#8220;eles n\u00e3o s\u00e3o considerados extens\u00e3o de territ\u00f3rio estrangeiro&#8221; e que, por isso, Bolsonaro n\u00e3o cometeu &#8220;qualquer viola\u00e7\u00e3o a medida cautelar de\u00a0<a href=\"https:\/\/www1.folha.uol.com.br\/poder\/2024\/03\/moraes-nega-devolucao-de-passaporte-pedida-por-bolsonaro-para-viajar-a-israel.shtml\" target=\"_blank\" rel=\"noopener\">&#8216;proibi\u00e7\u00e3o de se ausentar do pa\u00eds&#8217;<\/a>&#8220;<\/p>\n","protected":false},"excerpt":{"rendered":"<p>Ministro afirma que locais diplom\u00e1ticos &#8216;n\u00e3o s\u00e3o considerados extens\u00e3o de territ\u00f3rio estrangeiro&#8217;<\/p>\n","protected":false},"author":1,"featured_media":0,"comment_status":"open","ping_status":"open","sticky":false,"template":"","format":"image","meta":{"site-sidebar-layout":"default","site-content-layout":"","ast-site-content-layout":"default","site-content-style":"default","site-sidebar-style":"default","ast-global-header-display":"","ast-banner-title-visibility":"","ast-main-header-display":"","ast-hfb-above-header-display":"","ast-hfb-below-header-display":"","ast-hfb-mobile-header-display":"","site-post-title":"","ast-breadcrumbs-content":"","ast-featured-img":"","footer-sml-layout":"","ast-disable-related-posts":"","theme-transparent-header-meta":"","adv-header-id-meta":"","stick-header-meta":"","header-above-stick-meta":"","header-main-stick-meta":"","header-below-stick-meta":"","astra-migrate-meta-layouts":"default","ast-page-background-enabled":"default","ast-page-background-meta":{"desktop":{"background-color":"var(--ast-global-color-4)","background-image":"","background-repeat":"repeat","background-position":"center center","background-size":"auto","background-attachment":"scroll","background-type":"","background-media":"","overlay-type":"","overlay-color":"","overlay-opacity":"","overlay-gradient":""},"tablet":{"background-color":"","background-image":"","background-repeat":"repeat","background-position":"center center","background-size":"auto","background-attachment":"scroll","background-type":"","background-media":"","overlay-type":"","overlay-color":"","overlay-opacity":"","overlay-gradient":""},"mobile":{"background-color":"","background-image":"","background-repeat":"repeat","background-position":"center center","background-size":"auto","background-attachment":"scroll","background-type":"","background-media":"","overlay-type":"","overlay-color":"","overlay-opacity":"","overlay-gradient":""}},"ast-content-background-meta":{"desktop":{"background-color":"var(--ast-global-color-5)","background-image":"","background-repeat":"repeat","background-position":"center center","background-size":"auto","background-attachment":"scroll","background-type":"","background-media":"","overlay-type":"","overlay-color":"","overlay-opacity":"","overlay-gradient":""},"tablet":{"background-color":"var(--ast-global-color-5)","background-image":"","background-repeat":"repeat","background-position":"center center","background-size":"auto","background-attachment":"scroll","background-type":"","background-media":"","overlay-type":"","overlay-color":"","overlay-opacity":"","overlay-gradient":""},"mobile":{"background-color":"var(--ast-global-color-5)","background-image":"","background-repeat":"repeat","background-position":"center center","background-size":"auto","background-attachment":"scroll","background-type":"","background-media":"","overlay-type":"","overlay-color":"","overlay-opacity":"","overlay-gradient":""}},"footnotes":""},"categories":[517],"tags":[8,126],"class_list":["post-23632","post","type-post","status-publish","format-image","hentry","category-aconteceu","tag-bolsonaro","tag-ministro-alexandre-de-moraes","post_format-post-format-image"],"_links":{"self":[{"href":"https:\/\/noticiasnoface.com.br\/index.php\/wp-json\/wp\/v2\/posts\/23632","targetHints":{"allow":["GET"]}}],"collection":[{"href":"https:\/\/noticiasnoface.com.br\/index.php\/wp-json\/wp\/v2\/posts"}],"about":[{"href":"https:\/\/noticiasnoface.com.br\/index.php\/wp-json\/wp\/v2\/types\/post"}],"author":[{"embeddable":true,"href":"https:\/\/noticiasnoface.com.br\/index.php\/wp-json\/wp\/v2\/users\/1"}],"replies":[{"embeddable":true,"href":"https:\/\/noticiasnoface.com.br\/index.php\/wp-json\/wp\/v2\/comments?post=23632"}],"version-history":[{"count":1,"href":"https:\/\/noticiasnoface.com.br\/index.php\/wp-json\/wp\/v2\/posts\/23632\/revisions"}],"predecessor-version":[{"id":23635,"href":"https:\/\/noticiasnoface.com.br\/index.php\/wp-json\/wp\/v2\/posts\/23632\/revisions\/23635"}],"wp:attachment":[{"href":"https:\/\/noticiasnoface.com.br\/index.php\/wp-json\/wp\/v2\/media?parent=23632"}],"wp:term":[{"taxonomy":"category","embeddable":true,"href":"https:\/\/noticiasnoface.com.br\/index.php\/wp-json\/wp\/v2\/categories?post=23632"},{"taxonomy":"post_tag","embeddable":true,"href":"https:\/\/noticiasnoface.com.br\/index.php\/wp-json\/wp\/v2\/tags?post=23632"}],"curies":[{"name":"wp","href":"https:\/\/api.w.org\/{rel}","templated":true}]}}