{"id":23657,"date":"2024-04-26T08:58:54","date_gmt":"2024-04-26T11:58:54","guid":{"rendered":"https:\/\/noticiasnoface.com.br\/?p=23657"},"modified":"2024-04-26T08:58:55","modified_gmt":"2024-04-26T11:58:55","slug":"estado-gravissimo","status":"publish","type":"post","link":"https:\/\/noticiasnoface.com.br\/index.php\/2024\/04\/26\/estado-gravissimo\/","title":{"rendered":"Estado Grav\u00edssimo"},"content":{"rendered":"\n<figure class=\"wp-block-image size-full\"><img data-opt-id=1003420886  fetchpriority=\"high\" decoding=\"async\" width=\"673\" height=\"456\" src=\"https:\/\/mlbfrsat7ahr.i.optimole.com\/w:auto\/h:auto\/q:mauto\/ig:avif\/https:\/\/noticiasnoface.com.br\/wp-content\/uploads\/2024\/04\/IMG_3727.jpeg\" alt=\"\" class=\"wp-image-23658\" srcset=\"https:\/\/mlbfrsat7ahr.i.optimole.com\/w:673\/h:456\/q:mauto\/ig:avif\/https:\/\/noticiasnoface.com.br\/wp-content\/uploads\/2024\/04\/IMG_3727.jpeg 673w, https:\/\/mlbfrsat7ahr.i.optimole.com\/w:300\/h:203\/q:mauto\/ig:avif\/https:\/\/noticiasnoface.com.br\/wp-content\/uploads\/2024\/04\/IMG_3727.jpeg 300w\" sizes=\"(max-width: 673px) 100vw, 673px\" \/><\/figure>\n\n\n\n<!--more-->\n\n\n\n<p>Artista trata um c\u00e2ncer na regi\u00e3o inguinal desde 2022. No dia 22 de abril, 11 dias ap\u00f3s ir para o quarto, o cantor apresentou piora no quadro de sa\u00fade e precisou voltar para a UTI.<\/p>\n\n\n\n<h2 class=\"wp-block-heading\">Entenda o caso <\/h2>\n\n\n\n<p>O cantor e compositor Anderson Leonardo, do grupo\u00a0<a class=\"\" href=\"https:\/\/g1.globo.com\/tudo-sobre\/molejo\/\" target=\"_blank\" rel=\"noopener\">Molejo<\/a>, teve uma piora no estado de sa\u00fade, que era considerado grav\u00edssimo na manh\u00e3 desta sexta-feira (26). Ele segue internado na Unidade de Tratamento Intensivo (UTI) do Hospital Unimed, na Barra da Tijuca, na Zona Oeste do\u00a0<a class=\"\" href=\"https:\/\/g1.globo.com\/rj\/rio-de-janeiro\/cidade\/rio-de-janeiro\/\" target=\"_blank\" rel=\"noopener\">Rio de Janeiro<\/a>. A informa\u00e7\u00e3o foi confirmada ao\u00a0<a class=\"\" href=\"https:\/\/g1.globo.com\/\" target=\"_blank\" rel=\"noopener\">g1<\/a>\u00a0pela assessoria do grupo Molejo.<\/p>\n\n\n\n<h2 class=\"wp-block-heading\">Estado Grav\u00edssimo <\/h2>\n\n\n\n<p>No dia 22 de abril, 11 dias ap\u00f3s ir para o quarto, o cantor apresentou piora no quadro de sa\u00fade e precisou voltar para a UTI.&nbsp;<\/p>\n\n\n\n<p>&#8220;O Hospital Unimed-Rio informa que Anderson de Oliveira foi transferido para a unidade de terapia intensiva. No momento, n\u00e3o h\u00e1 previs\u00e3o de alta do paciente dessa unidade&#8221;, informou o boletim assinado por Luiz Fernando Nogueira Simvoulidis, diretor m\u00e9dico da unidade hospitalar.&nbsp;<\/p>\n\n\n\n<p>O artista de 51 anos est\u00e1 internado no Hospital da Unimed-Rio, na Zona Oeste do Rio.&nbsp;<\/p>\n\n\n\n<p>No fim de mar\u00e7o, Anderson tamb\u00e9m j\u00e1 havia sido internado e ficou quatro dias na UTI para&nbsp;<a class=\"\" href=\"https:\/\/g1.globo.com\/rj\/rio-de-janeiro\/noticia\/2024\/03\/25\/anderson-leonardo-do-molejo-volta-a-ser-internado.ghtml\" target=\"_blank\" rel=\"noopener\">tratar um quadro de insufici\u00eancia renal<\/a>.&nbsp;<\/p>\n\n\n\n<p>Ap\u00f3s receber alta, o cantor voltou a ser internado \u2013 desta vez no quarto \u2013 no in\u00edcio de abril para dar prosseguimento a um tratamento de imunoterapia e medica\u00e7\u00f5es para dores.<\/p>\n","protected":false},"excerpt":{"rendered":"","protected":false},"author":1,"featured_media":0,"comment_status":"open","ping_status":"open","sticky":false,"template":"","format":"image","meta":{"site-sidebar-layout":"default","site-content-layout":"","ast-site-content-layout":"default","site-content-style":"default","site-sidebar-style":"default","ast-global-header-display":"","ast-banner-title-visibility":"","ast-main-header-display":"","ast-hfb-above-header-display":"","ast-hfb-below-header-display":"","ast-hfb-mobile-header-display":"","site-post-title":"","ast-breadcrumbs-content":"","ast-featured-img":"","footer-sml-layout":"","ast-disable-related-posts":"","theme-transparent-header-meta":"","adv-header-id-meta":"","stick-header-meta":"","header-above-stick-meta":"","header-main-stick-meta":"","header-below-stick-meta":"","astra-migrate-meta-layouts":"default","ast-page-background-enabled":"default","ast-page-background-meta":{"desktop":{"background-color":"var(--ast-global-color-4)","background-image":"","background-repeat":"repeat","background-position":"center center","background-size":"auto","background-attachment":"scroll","background-type":"","background-media":"","overlay-type":"","overlay-color":"","overlay-opacity":"","overlay-gradient":""},"tablet":{"background-color":"","background-image":"","background-repeat":"repeat","background-position":"center center","background-size":"auto","background-attachment":"scroll","background-type":"","background-media":"","overlay-type":"","overlay-color":"","overlay-opacity":"","overlay-gradient":""},"mobile":{"background-color":"","background-image":"","background-repeat":"repeat","background-position":"center center","background-size":"auto","background-attachment":"scroll","background-type":"","background-media":"","overlay-type":"","overlay-color":"","overlay-opacity":"","overlay-gradient":""}},"ast-content-background-meta":{"desktop":{"background-color":"var(--ast-global-color-5)","background-image":"","background-repeat":"repeat","background-position":"center center","background-size":"auto","background-attachment":"scroll","background-type":"","background-media":"","overlay-type":"","overlay-color":"","overlay-opacity":"","overlay-gradient":""},"tablet":{"background-color":"var(--ast-global-color-5)","background-image":"","background-repeat":"repeat","background-position":"center center","background-size":"auto","background-attachment":"scroll","background-type":"","background-media":"","overlay-type":"","overlay-color":"","overlay-opacity":"","overlay-gradient":""},"mobile":{"background-color":"var(--ast-global-color-5)","background-image":"","background-repeat":"repeat","background-position":"center center","background-size":"auto","background-attachment":"scroll","background-type":"","background-media":"","overlay-type":"","overlay-color":"","overlay-opacity":"","overlay-gradient":""}},"footnotes":""},"categories":[517],"tags":[],"class_list":["post-23657","post","type-post","status-publish","format-image","hentry","category-aconteceu","post_format-post-format-image"],"_links":{"self":[{"href":"https:\/\/noticiasnoface.com.br\/index.php\/wp-json\/wp\/v2\/posts\/23657","targetHints":{"allow":["GET"]}}],"collection":[{"href":"https:\/\/noticiasnoface.com.br\/index.php\/wp-json\/wp\/v2\/posts"}],"about":[{"href":"https:\/\/noticiasnoface.com.br\/index.php\/wp-json\/wp\/v2\/types\/post"}],"author":[{"embeddable":true,"href":"https:\/\/noticiasnoface.com.br\/index.php\/wp-json\/wp\/v2\/users\/1"}],"replies":[{"embeddable":true,"href":"https:\/\/noticiasnoface.com.br\/index.php\/wp-json\/wp\/v2\/comments?post=23657"}],"version-history":[{"count":1,"href":"https:\/\/noticiasnoface.com.br\/index.php\/wp-json\/wp\/v2\/posts\/23657\/revisions"}],"predecessor-version":[{"id":23660,"href":"https:\/\/noticiasnoface.com.br\/index.php\/wp-json\/wp\/v2\/posts\/23657\/revisions\/23660"}],"wp:attachment":[{"href":"https:\/\/noticiasnoface.com.br\/index.php\/wp-json\/wp\/v2\/media?parent=23657"}],"wp:term":[{"taxonomy":"category","embeddable":true,"href":"https:\/\/noticiasnoface.com.br\/index.php\/wp-json\/wp\/v2\/categories?post=23657"},{"taxonomy":"post_tag","embeddable":true,"href":"https:\/\/noticiasnoface.com.br\/index.php\/wp-json\/wp\/v2\/tags?post=23657"}],"curies":[{"name":"wp","href":"https:\/\/api.w.org\/{rel}","templated":true}]}}