{"id":23700,"date":"2024-04-28T08:13:13","date_gmt":"2024-04-28T11:13:13","guid":{"rendered":"https:\/\/noticiasnoface.com.br\/?p=23700"},"modified":"2024-04-28T08:13:14","modified_gmt":"2024-04-28T11:13:14","slug":"e-pra-si-reiar","status":"publish","type":"post","link":"https:\/\/noticiasnoface.com.br\/index.php\/2024\/04\/28\/e-pra-si-reiar\/","title":{"rendered":"\u00c9 pra si reiar"},"content":{"rendered":"\n<figure class=\"wp-block-image size-large\"><img data-opt-id=1698625346  fetchpriority=\"high\" decoding=\"async\" width=\"1024\" height=\"563\" src=\"https:\/\/mlbfrsat7ahr.i.optimole.com\/w:1024\/h:563\/q:mauto\/ig:avif\/https:\/\/noticiasnoface.com.br\/wp-content\/uploads\/2024\/04\/IMG_3808.webp\" alt=\"\" class=\"wp-image-23701\" srcset=\"https:\/\/mlbfrsat7ahr.i.optimole.com\/w:1024\/h:563\/q:mauto\/ig:avif\/https:\/\/noticiasnoface.com.br\/wp-content\/uploads\/2024\/04\/IMG_3808.webp 1024w, https:\/\/mlbfrsat7ahr.i.optimole.com\/w:300\/h:165\/q:mauto\/ig:avif\/https:\/\/noticiasnoface.com.br\/wp-content\/uploads\/2024\/04\/IMG_3808.webp 300w, https:\/\/mlbfrsat7ahr.i.optimole.com\/w:768\/h:422\/q:mauto\/ig:avif\/https:\/\/noticiasnoface.com.br\/wp-content\/uploads\/2024\/04\/IMG_3808.webp 768w, https:\/\/mlbfrsat7ahr.i.optimole.com\/w:1536\/h:845\/q:mauto\/ig:avif\/https:\/\/noticiasnoface.com.br\/wp-content\/uploads\/2024\/04\/IMG_3808.webp 1536w, https:\/\/mlbfrsat7ahr.i.optimole.com\/w:1871\/h:1029\/q:mauto\/ig:avif\/https:\/\/noticiasnoface.com.br\/wp-content\/uploads\/2024\/04\/IMG_3808.webp 1871w\" sizes=\"(max-width: 1000px) 100vw, 1000px\" \/><\/figure>\n\n\n\n<p>Pol\u00edcia tira no cacete manifestantes que defendia o Hamas na universidade <\/p>\n\n\n\n<!--more-->\n\n\n\n<p>Cerca de&nbsp;<strong>200 manifestantes pr\u00f3-Palestina<\/strong>foram detidos em tr\u00eas campus universit\u00e1rios dos Estados Unidos apenas no s\u00e1bado, 27.<\/p>\n\n\n\n<p>Manifesta\u00e7\u00f5es pr\u00f3-Palestina, organizadas por estudantes americanos em universidades de elite,&nbsp;<strong>se espalharam pelo pa\u00eds na \u00faltima semana<\/strong>.<\/p>\n\n\n\n<p>Como mostramos,&nbsp;<a href=\"https:\/\/oantagonista.com.br\/mundo\/100-manifestantes-pro-palestina-sao-detidos-em-universidade-de-boston\/\" target=\"_blank\" rel=\"noopener\">mais de 100 foram detidos no campus da Universidade Northeastern<\/a>, em Boston, no s\u00e1bado. O acampamento montado no local tamb\u00e9m foi evacuado pela pol\u00edcia.<\/p>\n\n\n\n<p>De acordo com a institui\u00e7\u00e3o, \u201cinsultos antissemitas violentos\u201d, como \u201cmatar judeus\u201d, foram proferidos no campus durante a manifesta\u00e7\u00e3o.<\/p>\n\n\n\n<p>Na&nbsp;<strong>Universidade Estadual do Arizona<\/strong>&nbsp;(ASU), agentes policiais&nbsp;<strong>detiveram 69 pessoas<\/strong>&nbsp;no s\u00e1bado ap\u00f3s manifestantes montarem um acampamento n\u00e3o autorizado.<\/p>\n\n\n\n<p>A institui\u00e7\u00e3o acusou \u201ca maioria de n\u00e3o serem estudantes ou funcion\u00e1rios da ASU\u201d e prometeu que ser\u00e3o \u201cprocessados por invas\u00e3o ilegal\u201d.<\/p>\n\n\n\n<p>A pol\u00edcia tamb\u00e9m desmantelou um acampamento montado na&nbsp;<strong>Universidade de Indiana<\/strong>. De acordo com as autoridades,&nbsp;<strong>23 pessoas foram detidas pela pol\u00edcia<\/strong>.<\/p>\n\n\n\n<p>Na&nbsp;<strong>Universidade da Pensilv\u00e2nia<\/strong>, a administra\u00e7\u00e3o ordenou o&nbsp;<strong>desmantelamento de cerca de 40 barracas<\/strong>&nbsp;montadas por manifestantes pr\u00f3-Palestina.<\/p>\n\n\n\n<p>J\u00e1 a&nbsp;<strong>Universidade Polit\u00e9cnica de Humboldt<\/strong>, na Calif\u00f3rnia, informou que fechou o campus durante o resto do semestre devido \u00e0 ocupa\u00e7\u00e3o de dois edif\u00edcios. As aulas ocorrer\u00e3o \u00e0 dist\u00e2ncia.<\/p>\n\n\n\n<p>Na semana passada, como mostramos,&nbsp;<a href=\"https:\/\/oantagonista.com.br\/mundo\/crusoe-protestos-em-universidades-dos-eua-recebem-criticas-da-politica\/\" target=\"_blank\" rel=\"noopener\">mais de 100 alunos haviam sido presos<\/a>&nbsp;ap\u00f3s um protesto na&nbsp;<strong>Universidade de Columbia<\/strong>, em Nova York \u2014 motivando uma onda de acampamentos em mobiliza\u00e7\u00f5es em&nbsp;<em>campi<\/em>&nbsp;de todo o pa\u00eds com atos que chegam ao&nbsp;<a href=\"https:\/\/oantagonista.com.br\/mundo\/violencia-antissemita-na-universidade-de-yale\/\" target=\"_blank\" rel=\"noopener\">antissemitismo contra judeus que estudam nestes locais<\/a>.<\/p>\n\n\n\n<p>O protesto, marcado por slogans e cantos antissemitas, levou a universidade a adotar medidas adicionais de seguran\u00e7a e a convocar um di\u00e1logo entre as partes envolvidas.<\/p>\n","protected":false},"excerpt":{"rendered":"<p>Pol\u00edcia tira no cacete manifestantes que defendia o Hamas na universidade<\/p>\n","protected":false},"author":1,"featured_media":0,"comment_status":"open","ping_status":"open","sticky":false,"template":"","format":"image","meta":{"site-sidebar-layout":"default","site-content-layout":"","ast-site-content-layout":"default","site-content-style":"default","site-sidebar-style":"default","ast-global-header-display":"","ast-banner-title-visibility":"","ast-main-header-display":"","ast-hfb-above-header-display":"","ast-hfb-below-header-display":"","ast-hfb-mobile-header-display":"","site-post-title":"","ast-breadcrumbs-content":"","ast-featured-img":"","footer-sml-layout":"","ast-disable-related-posts":"","theme-transparent-header-meta":"","adv-header-id-meta":"","stick-header-meta":"","header-above-stick-meta":"","header-main-stick-meta":"","header-below-stick-meta":"","astra-migrate-meta-layouts":"default","ast-page-background-enabled":"default","ast-page-background-meta":{"desktop":{"background-color":"var(--ast-global-color-4)","background-image":"","background-repeat":"repeat","background-position":"center center","background-size":"auto","background-attachment":"scroll","background-type":"","background-media":"","overlay-type":"","overlay-color":"","overlay-opacity":"","overlay-gradient":""},"tablet":{"background-color":"","background-image":"","background-repeat":"repeat","background-position":"center center","background-size":"auto","background-attachment":"scroll","background-type":"","background-media":"","overlay-type":"","overlay-color":"","overlay-opacity":"","overlay-gradient":""},"mobile":{"background-color":"","background-image":"","background-repeat":"repeat","background-position":"center center","background-size":"auto","background-attachment":"scroll","background-type":"","background-media":"","overlay-type":"","overlay-color":"","overlay-opacity":"","overlay-gradient":""}},"ast-content-background-meta":{"desktop":{"background-color":"var(--ast-global-color-5)","background-image":"","background-repeat":"repeat","background-position":"center center","background-size":"auto","background-attachment":"scroll","background-type":"","background-media":"","overlay-type":"","overlay-color":"","overlay-opacity":"","overlay-gradient":""},"tablet":{"background-color":"var(--ast-global-color-5)","background-image":"","background-repeat":"repeat","background-position":"center center","background-size":"auto","background-attachment":"scroll","background-type":"","background-media":"","overlay-type":"","overlay-color":"","overlay-opacity":"","overlay-gradient":""},"mobile":{"background-color":"var(--ast-global-color-5)","background-image":"","background-repeat":"repeat","background-position":"center center","background-size":"auto","background-attachment":"scroll","background-type":"","background-media":"","overlay-type":"","overlay-color":"","overlay-opacity":"","overlay-gradient":""}},"footnotes":""},"categories":[517],"tags":[],"class_list":["post-23700","post","type-post","status-publish","format-image","hentry","category-aconteceu","post_format-post-format-image"],"_links":{"self":[{"href":"https:\/\/noticiasnoface.com.br\/index.php\/wp-json\/wp\/v2\/posts\/23700","targetHints":{"allow":["GET"]}}],"collection":[{"href":"https:\/\/noticiasnoface.com.br\/index.php\/wp-json\/wp\/v2\/posts"}],"about":[{"href":"https:\/\/noticiasnoface.com.br\/index.php\/wp-json\/wp\/v2\/types\/post"}],"author":[{"embeddable":true,"href":"https:\/\/noticiasnoface.com.br\/index.php\/wp-json\/wp\/v2\/users\/1"}],"replies":[{"embeddable":true,"href":"https:\/\/noticiasnoface.com.br\/index.php\/wp-json\/wp\/v2\/comments?post=23700"}],"version-history":[{"count":1,"href":"https:\/\/noticiasnoface.com.br\/index.php\/wp-json\/wp\/v2\/posts\/23700\/revisions"}],"predecessor-version":[{"id":23703,"href":"https:\/\/noticiasnoface.com.br\/index.php\/wp-json\/wp\/v2\/posts\/23700\/revisions\/23703"}],"wp:attachment":[{"href":"https:\/\/noticiasnoface.com.br\/index.php\/wp-json\/wp\/v2\/media?parent=23700"}],"wp:term":[{"taxonomy":"category","embeddable":true,"href":"https:\/\/noticiasnoface.com.br\/index.php\/wp-json\/wp\/v2\/categories?post=23700"},{"taxonomy":"post_tag","embeddable":true,"href":"https:\/\/noticiasnoface.com.br\/index.php\/wp-json\/wp\/v2\/tags?post=23700"}],"curies":[{"name":"wp","href":"https:\/\/api.w.org\/{rel}","templated":true}]}}