{"id":23745,"date":"2024-04-29T08:43:02","date_gmt":"2024-04-29T11:43:02","guid":{"rendered":"https:\/\/noticiasnoface.com.br\/?p=23745"},"modified":"2024-04-29T08:43:04","modified_gmt":"2024-04-29T11:43:04","slug":"parte-de-palco-desaba-durante-show-sertanejo-e-tres-pessoas-ficam-feridas-em-mg","status":"publish","type":"post","link":"https:\/\/noticiasnoface.com.br\/index.php\/2024\/04\/29\/parte-de-palco-desaba-durante-show-sertanejo-e-tres-pessoas-ficam-feridas-em-mg\/","title":{"rendered":"Parte de palco desaba durante show sertanejo e tr\u00eas pessoas ficam feridas em MG"},"content":{"rendered":"\n<figure class=\"wp-block-image size-full\"><img data-opt-id=1059682635  fetchpriority=\"high\" decoding=\"async\" width=\"888\" height=\"530\" src=\"https:\/\/mlbfrsat7ahr.i.optimole.com\/w:auto\/h:auto\/q:mauto\/ig:avif\/https:\/\/noticiasnoface.com.br\/wp-content\/uploads\/2024\/04\/IMG_3859.jpeg\" alt=\"\" class=\"wp-image-23746\" srcset=\"https:\/\/mlbfrsat7ahr.i.optimole.com\/w:888\/h:530\/q:mauto\/ig:avif\/https:\/\/noticiasnoface.com.br\/wp-content\/uploads\/2024\/04\/IMG_3859.jpeg 888w, https:\/\/mlbfrsat7ahr.i.optimole.com\/w:300\/h:179\/q:mauto\/ig:avif\/https:\/\/noticiasnoface.com.br\/wp-content\/uploads\/2024\/04\/IMG_3859.jpeg 300w, https:\/\/mlbfrsat7ahr.i.optimole.com\/w:768\/h:458\/q:mauto\/ig:avif\/https:\/\/noticiasnoface.com.br\/wp-content\/uploads\/2024\/04\/IMG_3859.jpeg 768w\" sizes=\"(max-width: 888px) 100vw, 888px\" \/><\/figure>\n\n\n\n<!--more-->\n\n\n\n<h2 class=\"wp-block-heading\">O acidente ocorreu na madrugada deste domingo (28) durante o show do cantor Bruno Rosa, na festa do &#8220;Pinh\u00e3o&#8221;; as causas s\u00e3o apuradas<\/h2>\n\n\n\n<p>Parte do palco caiu, de acordo com a Pol\u00edcia Militar, por volta de 1h30. Os feridos s\u00e3o duas pessoas da produ\u00e7\u00e3o da atra\u00e7\u00e3o e um t\u00e9cnico de som. Todos foram encaminhados para unidades de sa\u00fade locais e passam bem. Ap\u00f3s o incidente, a apresenta\u00e7\u00e3o musical foi interrompida.<\/p>\n\n\n\n<figure class=\"wp-block-image size-full\"><img data-opt-id=709268794  fetchpriority=\"high\" decoding=\"async\" width=\"1000\" height=\"571\" src=\"https:\/\/mlbfrsat7ahr.i.optimole.com\/w:auto\/h:auto\/q:mauto\/ig:avif\/https:\/\/noticiasnoface.com.br\/wp-content\/uploads\/2024\/04\/IMG_3860.jpeg\" alt=\"\" class=\"wp-image-23747\" srcset=\"https:\/\/mlbfrsat7ahr.i.optimole.com\/w:1000\/h:571\/q:mauto\/ig:avif\/https:\/\/noticiasnoface.com.br\/wp-content\/uploads\/2024\/04\/IMG_3860.jpeg 1000w, https:\/\/mlbfrsat7ahr.i.optimole.com\/w:300\/h:171\/q:mauto\/ig:avif\/https:\/\/noticiasnoface.com.br\/wp-content\/uploads\/2024\/04\/IMG_3860.jpeg 300w, https:\/\/mlbfrsat7ahr.i.optimole.com\/w:768\/h:439\/q:mauto\/ig:avif\/https:\/\/noticiasnoface.com.br\/wp-content\/uploads\/2024\/04\/IMG_3860.jpeg 768w\" sizes=\"(max-width: 1000px) 100vw, 1000px\" \/><\/figure>\n\n\n\n<p>Parte de palco desaba durante show sertanejo em MG \u2014 Foto: Divulga\u00e7\u00e3o<\/p>\n\n\n\n<h2 class=\"wp-block-heading\">Em nota <\/h2>\n\n\n\n<p>Em nota, a prefeitura de Barbacena informou que parte das atra\u00e7\u00f5es que ocorreriam neste domingo foram canceladas, visto que equipamentos de som foram danificados com a queda do palco.&nbsp;<\/p>\n\n\n\n<p>&#8220;A Prefeitura de Barbacena informa que devido a um pequeno incidente durante a 33\u00aa Festa do Pinh\u00e3o, no distrito Correia de Almeida, foi danificando os equipamentos de sonoriza\u00e7\u00e3o, impossibilitando a continuidade do evento da noite de ontem (27\/04). Todas as medidas cab\u00edveis foram adotadas. Sendo assim, para este domingo, continuaremos com a tarde de lazer, grupo Alegrart, Dj Marcelo, n\u00e3o sendo poss\u00edvel a apresenta\u00e7\u00e3o do grupo Sunga de Pano&#8221;, informou em nota.&nbsp;<\/p>\n\n\n\n<p>O GLOBO procurou a equipe do cantor Bruno Rosa, mas n\u00e3o obteve resposta at\u00e9 a publica\u00e7\u00e3o desta reportagem. Em seu perfil no Instagram, onde possui 1 milh\u00e3o de seguidores, o artista n\u00e3o comentou o ocorrido. O sertanejo chegou a publicar trechos do show antes do acidente acontecer.<\/p>\n","protected":false},"excerpt":{"rendered":"","protected":false},"author":1,"featured_media":0,"comment_status":"open","ping_status":"open","sticky":false,"template":"","format":"image","meta":{"site-sidebar-layout":"default","site-content-layout":"","ast-site-content-layout":"default","site-content-style":"default","site-sidebar-style":"default","ast-global-header-display":"","ast-banner-title-visibility":"","ast-main-header-display":"","ast-hfb-above-header-display":"","ast-hfb-below-header-display":"","ast-hfb-mobile-header-display":"","site-post-title":"","ast-breadcrumbs-content":"","ast-featured-img":"","footer-sml-layout":"","ast-disable-related-posts":"","theme-transparent-header-meta":"","adv-header-id-meta":"","stick-header-meta":"","header-above-stick-meta":"","header-main-stick-meta":"","header-below-stick-meta":"","astra-migrate-meta-layouts":"default","ast-page-background-enabled":"default","ast-page-background-meta":{"desktop":{"background-color":"var(--ast-global-color-4)","background-image":"","background-repeat":"repeat","background-position":"center center","background-size":"auto","background-attachment":"scroll","background-type":"","background-media":"","overlay-type":"","overlay-color":"","overlay-opacity":"","overlay-gradient":""},"tablet":{"background-color":"","background-image":"","background-repeat":"repeat","background-position":"center center","background-size":"auto","background-attachment":"scroll","background-type":"","background-media":"","overlay-type":"","overlay-color":"","overlay-opacity":"","overlay-gradient":""},"mobile":{"background-color":"","background-image":"","background-repeat":"repeat","background-position":"center center","background-size":"auto","background-attachment":"scroll","background-type":"","background-media":"","overlay-type":"","overlay-color":"","overlay-opacity":"","overlay-gradient":""}},"ast-content-background-meta":{"desktop":{"background-color":"var(--ast-global-color-5)","background-image":"","background-repeat":"repeat","background-position":"center center","background-size":"auto","background-attachment":"scroll","background-type":"","background-media":"","overlay-type":"","overlay-color":"","overlay-opacity":"","overlay-gradient":""},"tablet":{"background-color":"var(--ast-global-color-5)","background-image":"","background-repeat":"repeat","background-position":"center center","background-size":"auto","background-attachment":"scroll","background-type":"","background-media":"","overlay-type":"","overlay-color":"","overlay-opacity":"","overlay-gradient":""},"mobile":{"background-color":"var(--ast-global-color-5)","background-image":"","background-repeat":"repeat","background-position":"center center","background-size":"auto","background-attachment":"scroll","background-type":"","background-media":"","overlay-type":"","overlay-color":"","overlay-opacity":"","overlay-gradient":""}},"footnotes":""},"categories":[517],"tags":[1731,22,1795,830],"class_list":["post-23745","post","type-post","status-publish","format-image","hentry","category-aconteceu","tag-desaba","tag-noticias-no-face","tag-palco","tag-sertanejo","post_format-post-format-image"],"_links":{"self":[{"href":"https:\/\/noticiasnoface.com.br\/index.php\/wp-json\/wp\/v2\/posts\/23745","targetHints":{"allow":["GET"]}}],"collection":[{"href":"https:\/\/noticiasnoface.com.br\/index.php\/wp-json\/wp\/v2\/posts"}],"about":[{"href":"https:\/\/noticiasnoface.com.br\/index.php\/wp-json\/wp\/v2\/types\/post"}],"author":[{"embeddable":true,"href":"https:\/\/noticiasnoface.com.br\/index.php\/wp-json\/wp\/v2\/users\/1"}],"replies":[{"embeddable":true,"href":"https:\/\/noticiasnoface.com.br\/index.php\/wp-json\/wp\/v2\/comments?post=23745"}],"version-history":[{"count":1,"href":"https:\/\/noticiasnoface.com.br\/index.php\/wp-json\/wp\/v2\/posts\/23745\/revisions"}],"predecessor-version":[{"id":23749,"href":"https:\/\/noticiasnoface.com.br\/index.php\/wp-json\/wp\/v2\/posts\/23745\/revisions\/23749"}],"wp:attachment":[{"href":"https:\/\/noticiasnoface.com.br\/index.php\/wp-json\/wp\/v2\/media?parent=23745"}],"wp:term":[{"taxonomy":"category","embeddable":true,"href":"https:\/\/noticiasnoface.com.br\/index.php\/wp-json\/wp\/v2\/categories?post=23745"},{"taxonomy":"post_tag","embeddable":true,"href":"https:\/\/noticiasnoface.com.br\/index.php\/wp-json\/wp\/v2\/tags?post=23745"}],"curies":[{"name":"wp","href":"https:\/\/api.w.org\/{rel}","templated":true}]}}