{"id":23805,"date":"2024-05-02T22:13:27","date_gmt":"2024-05-03T01:13:27","guid":{"rendered":"https:\/\/noticiasnoface.com.br\/?p=23805"},"modified":"2024-05-02T22:13:28","modified_gmt":"2024-05-03T01:13:28","slug":"camara-aprova-11-projetos-de-lei-em-sessao-desta-quinta-feira","status":"publish","type":"post","link":"https:\/\/noticiasnoface.com.br\/index.php\/2024\/05\/02\/camara-aprova-11-projetos-de-lei-em-sessao-desta-quinta-feira\/","title":{"rendered":"C\u00e2mara aprova 11 projetos de lei em sess\u00e3o desta quinta-feira"},"content":{"rendered":"\n<figure class=\"wp-block-image size-large\"><img data-opt-id=1979703040  fetchpriority=\"high\" decoding=\"async\" width=\"1024\" height=\"660\" src=\"https:\/\/mlbfrsat7ahr.i.optimole.com\/w:1024\/h:660\/q:mauto\/ig:avif\/https:\/\/noticiasnoface.com.br\/wp-content\/uploads\/2024\/05\/img_4126-1.jpg\" class=\"wp-image-23804\" srcset=\"https:\/\/mlbfrsat7ahr.i.optimole.com\/w:1024\/h:660\/q:mauto\/ig:avif\/https:\/\/noticiasnoface.com.br\/wp-content\/uploads\/2024\/05\/img_4126-1.jpg 1024w, https:\/\/mlbfrsat7ahr.i.optimole.com\/w:300\/h:194\/q:mauto\/ig:avif\/https:\/\/noticiasnoface.com.br\/wp-content\/uploads\/2024\/05\/img_4126-1.jpg 300w, https:\/\/mlbfrsat7ahr.i.optimole.com\/w:768\/h:495\/q:mauto\/ig:avif\/https:\/\/noticiasnoface.com.br\/wp-content\/uploads\/2024\/05\/img_4126-1.jpg 768w, https:\/\/mlbfrsat7ahr.i.optimole.com\/w:1536\/h:991\/q:mauto\/ig:avif\/https:\/\/noticiasnoface.com.br\/wp-content\/uploads\/2024\/05\/img_4126-1.jpg 1536w, https:\/\/mlbfrsat7ahr.i.optimole.com\/w:1600\/h:1032\/q:mauto\/ig:avif\/https:\/\/noticiasnoface.com.br\/wp-content\/uploads\/2024\/05\/img_4126-1.jpg 1600w\" sizes=\"(max-width: 1000px) 100vw, 1000px\" \/><\/figure>\n\n\n\n<!--more-->\n\n\n\n<p>Os vereadores de Natal aprovaram em sess\u00e3o nesta quinta-feira (02) o projeto que institui a Pol\u00edtica Municipal de Fomento \u00e0 Economia Popular e Solid\u00e1ria e cria o Conselho Municipal de Fomento \u00e0 Economia Popular e Solid\u00e1ria. A mat\u00e9ria, de autoria do ex-vereador Hugo Manso, subscrito pelo vereador Raniere Barbosa (Uni\u00e3o Brasil), foi levada ao plen\u00e1rio para segunda discuss\u00e3o, assim como outras quatro mat\u00e9rias.<\/p>\n\n\n\n<p>&#8220;O fomento \u00e0 economia solid\u00e1ria e a cria\u00e7\u00e3o do conselho t\u00eam uma relev\u00e2ncia e import\u00e2ncia muito grandes. A mat\u00e9ria trata de cooperativas, associa\u00e7\u00f5es e organiza\u00e7\u00f5es n\u00e3o-governamentais que impulsionam o trabalho e fortalecem, por meio dessas institui\u00e7\u00f5es, a economia solid\u00e1ria. Muitas at\u00e9 promovem a transi\u00e7\u00e3o da informalidade para a formalidade. Portanto, estamos muito satisfeitos com a aprova\u00e7\u00e3o deste projeto&#8221;, destacou Raniere.<\/p>\n\n\n\n<p>Al\u00e9m deste, tamb\u00e9m foi aprovado em plen\u00e1rio o PL n\u00ba 566\/2022, do vereador Milkei Leite (PV), que institui no munic\u00edpio de Natal o Dia do Motorista por Aplicativo. &#8220;Essa \u00e9 uma categoria de extrema import\u00e2ncia para toda a cidade. O motorista por aplicativo surgiu e foi adotado por todo o Brasil devido a uma defici\u00eancia em nosso transporte p\u00fablico. Isso gera mais empregos e renda, por isso h\u00e1 a necessidade de criar o dia para estar no calend\u00e1rio oficial de nossa cidade. \u00c9 uma forma de homenagear e agradecer pelo servi\u00e7o prestado, bem como de incentivar a responsabilidade e profissionalismo dos motoristas para atender nossa popula\u00e7\u00e3o&#8221;, declarou o autor.<\/p>\n\n\n\n<p>Ainda em segunda discuss\u00e3o, passou pelo plen\u00e1rio o PL n\u00b0 853\/2023, do vereador \u00c9riko J\u00e1come (PP), que institui o Dia Municipal do Profissional de Eventos.<\/p>\n\n\n\n<p>Por outro lado, o parecer contr\u00e1rio ao projeto de lei n\u00ba 017\/2023, de autoria da vereadora Ana Paula (MDB), que autoriza o Executivo Municipal a criar e explorar o servi\u00e7o de sepultamento de animais dom\u00e9sticos em cemit\u00e9rios p\u00fablicos de animais, foi derrubado, dando prosseguimento ao projeto.<\/p>\n\n\n\n<p>Texto: Phablo Galv\u00e3o&nbsp;<\/p>\n","protected":false},"excerpt":{"rendered":"","protected":false},"author":1,"featured_media":0,"comment_status":"open","ping_status":"open","sticky":false,"template":"","format":"image","meta":{"site-sidebar-layout":"default","site-content-layout":"","ast-site-content-layout":"default","site-content-style":"default","site-sidebar-style":"default","ast-global-header-display":"","ast-banner-title-visibility":"","ast-main-header-display":"","ast-hfb-above-header-display":"","ast-hfb-below-header-display":"","ast-hfb-mobile-header-display":"","site-post-title":"","ast-breadcrumbs-content":"","ast-featured-img":"","footer-sml-layout":"","ast-disable-related-posts":"","theme-transparent-header-meta":"","adv-header-id-meta":"","stick-header-meta":"","header-above-stick-meta":"","header-main-stick-meta":"","header-below-stick-meta":"","astra-migrate-meta-layouts":"default","ast-page-background-enabled":"default","ast-page-background-meta":{"desktop":{"background-color":"var(--ast-global-color-4)","background-image":"","background-repeat":"repeat","background-position":"center center","background-size":"auto","background-attachment":"scroll","background-type":"","background-media":"","overlay-type":"","overlay-color":"","overlay-opacity":"","overlay-gradient":""},"tablet":{"background-color":"","background-image":"","background-repeat":"repeat","background-position":"center center","background-size":"auto","background-attachment":"scroll","background-type":"","background-media":"","overlay-type":"","overlay-color":"","overlay-opacity":"","overlay-gradient":""},"mobile":{"background-color":"","background-image":"","background-repeat":"repeat","background-position":"center center","background-size":"auto","background-attachment":"scroll","background-type":"","background-media":"","overlay-type":"","overlay-color":"","overlay-opacity":"","overlay-gradient":""}},"ast-content-background-meta":{"desktop":{"background-color":"var(--ast-global-color-5)","background-image":"","background-repeat":"repeat","background-position":"center center","background-size":"auto","background-attachment":"scroll","background-type":"","background-media":"","overlay-type":"","overlay-color":"","overlay-opacity":"","overlay-gradient":""},"tablet":{"background-color":"var(--ast-global-color-5)","background-image":"","background-repeat":"repeat","background-position":"center center","background-size":"auto","background-attachment":"scroll","background-type":"","background-media":"","overlay-type":"","overlay-color":"","overlay-opacity":"","overlay-gradient":""},"mobile":{"background-color":"var(--ast-global-color-5)","background-image":"","background-repeat":"repeat","background-position":"center center","background-size":"auto","background-attachment":"scroll","background-type":"","background-media":"","overlay-type":"","overlay-color":"","overlay-opacity":"","overlay-gradient":""}},"footnotes":""},"categories":[517],"tags":[],"class_list":["post-23805","post","type-post","status-publish","format-image","hentry","category-aconteceu","post_format-post-format-image"],"_links":{"self":[{"href":"https:\/\/noticiasnoface.com.br\/index.php\/wp-json\/wp\/v2\/posts\/23805","targetHints":{"allow":["GET"]}}],"collection":[{"href":"https:\/\/noticiasnoface.com.br\/index.php\/wp-json\/wp\/v2\/posts"}],"about":[{"href":"https:\/\/noticiasnoface.com.br\/index.php\/wp-json\/wp\/v2\/types\/post"}],"author":[{"embeddable":true,"href":"https:\/\/noticiasnoface.com.br\/index.php\/wp-json\/wp\/v2\/users\/1"}],"replies":[{"embeddable":true,"href":"https:\/\/noticiasnoface.com.br\/index.php\/wp-json\/wp\/v2\/comments?post=23805"}],"version-history":[{"count":1,"href":"https:\/\/noticiasnoface.com.br\/index.php\/wp-json\/wp\/v2\/posts\/23805\/revisions"}],"predecessor-version":[{"id":23806,"href":"https:\/\/noticiasnoface.com.br\/index.php\/wp-json\/wp\/v2\/posts\/23805\/revisions\/23806"}],"wp:attachment":[{"href":"https:\/\/noticiasnoface.com.br\/index.php\/wp-json\/wp\/v2\/media?parent=23805"}],"wp:term":[{"taxonomy":"category","embeddable":true,"href":"https:\/\/noticiasnoface.com.br\/index.php\/wp-json\/wp\/v2\/categories?post=23805"},{"taxonomy":"post_tag","embeddable":true,"href":"https:\/\/noticiasnoface.com.br\/index.php\/wp-json\/wp\/v2\/tags?post=23805"}],"curies":[{"name":"wp","href":"https:\/\/api.w.org\/{rel}","templated":true}]}}