{"id":23821,"date":"2024-05-03T23:37:37","date_gmt":"2024-05-04T02:37:37","guid":{"rendered":"https:\/\/noticiasnoface.com.br\/?p=23821"},"modified":"2024-05-03T23:37:38","modified_gmt":"2024-05-04T02:37:38","slug":"frente-discute-pink-tax-que-encarece-precos-para-publico-feminino-no-comercio","status":"publish","type":"post","link":"https:\/\/noticiasnoface.com.br\/index.php\/2024\/05\/03\/frente-discute-pink-tax-que-encarece-precos-para-publico-feminino-no-comercio\/","title":{"rendered":"Frente discute Pink Tax que encarece pre\u00e7os para p\u00fablico feminino no com\u00e9rcio"},"content":{"rendered":"\n<figure class=\"wp-block-image size-large\"><img data-opt-id=1936110335  fetchpriority=\"high\" decoding=\"async\" width=\"1024\" height=\"617\" src=\"https:\/\/mlbfrsat7ahr.i.optimole.com\/w:1024\/h:617\/q:mauto\/ig:avif\/https:\/\/noticiasnoface.com.br\/wp-content\/uploads\/2024\/05\/img_4184-1.jpg\" class=\"wp-image-23820\" srcset=\"https:\/\/mlbfrsat7ahr.i.optimole.com\/w:1024\/h:617\/q:mauto\/ig:avif\/https:\/\/noticiasnoface.com.br\/wp-content\/uploads\/2024\/05\/img_4184-1.jpg 1024w, https:\/\/mlbfrsat7ahr.i.optimole.com\/w:300\/h:181\/q:mauto\/ig:avif\/https:\/\/noticiasnoface.com.br\/wp-content\/uploads\/2024\/05\/img_4184-1.jpg 300w, https:\/\/mlbfrsat7ahr.i.optimole.com\/w:768\/h:463\/q:mauto\/ig:avif\/https:\/\/noticiasnoface.com.br\/wp-content\/uploads\/2024\/05\/img_4184-1.jpg 768w, https:\/\/mlbfrsat7ahr.i.optimole.com\/w:1536\/h:925\/q:mauto\/ig:avif\/https:\/\/noticiasnoface.com.br\/wp-content\/uploads\/2024\/05\/img_4184-1.jpg 1536w, https:\/\/mlbfrsat7ahr.i.optimole.com\/w:1600\/h:964\/q:mauto\/ig:avif\/https:\/\/noticiasnoface.com.br\/wp-content\/uploads\/2024\/05\/img_4184-1.jpg 1600w\" sizes=\"(max-width: 1000px) 100vw, 1000px\" \/><\/figure>\n\n\n\n<!--more-->\n\n\n\n<p>A C\u00e2mara Municipal de Natal debateu nesta sexta-feira (3) a pr\u00e1tica do mercado de consumo em diferenciar pre\u00e7os de produtos e servi\u00e7os entre o p\u00fablico masculino e feminino, tornando-os mais caros para as mulheres. A estrat\u00e9gia \u00e9 conhecida por &#8220;Pink Tax&#8221;, que em tradu\u00e7\u00e3o livre significa Taxa Rosa, apesar de n\u00e3o se tratar de nenhuma taxa relacionada a impostos.<\/p>\n\n\n\n<p>O assunto foi discutido durante a reuni\u00e3o da Frente Parlamentar da Mulher, que avalia ser um agravante para a desigualdade de g\u00eanero. &#8220;As mulheres j\u00e1 sofrem com as desigualdades, como a salarial, e agora percebermos que existe essa diferencia\u00e7\u00e3o que \u00e9 real e que j\u00e1 sent\u00edamos, mas ainda n\u00e3o \u00e9 t\u00e3o discutida. Precisamos conscientizar e buscar legisla\u00e7\u00e3o que impe\u00e7a essa pr\u00e1tica&#8221;, disse a vereadora Ana Paula (MDB).<\/p>\n\n\n\n<p>O assunto tamb\u00e9m ser\u00e1 levado para a pauta da Comiss\u00e3o de Defesa do Consumidor da Casa. &#8220;Chama a aten\u00e7\u00e3o porque estamos no m\u00eas alusivo ao dia das m\u00e3es que impulsiona o com\u00e9rcio a vender produtos para as mulheres. Vamos fazer visitas ao com\u00e9rcio junto ao Procon, para verificar se h\u00e1 diferencia\u00e7\u00e3o de pre\u00e7os, apenas por ser destinado ao p\u00fablico feminino, e fazermos um trabalho de conscientiza\u00e7\u00e3o&#8221;, destacou a presidente da comiss\u00e3o, vereadora Camila Ara\u00fajo (Uni\u00e3o Brasil).<\/p>\n\n\n\n<p>O coordenador do Procon estadual, Obede J\u00e1come, enfatizou que n\u00e3o existe legisla\u00e7\u00e3o espec\u00edfica para tratar o tema. &#8220;Mas podemos coibir de outra forma. Caracterizando como propaganda enganosa, por exemplo, para aquele produto que a mulher paga mais caro achando que \u00e9 diferente, sendo o mesmo produto com a mesma finalidade que \u00e9 vendido para o publico masculino. \u00c9 preciso buscar onde est\u00e1 a origem dessa pr\u00e1tica&#8221;, pontuou.<\/p>\n\n\n\n<p>H\u00e1 limita\u00e7\u00f5es para a C\u00e2mara Municipal legislar sobre direito do consumidor, contudo tramita no legislativo municipal o Projeto de Lei 172\/2024, de autoria da vereadora J\u00falia Arruda (PC do B), para criar a Semana Municipal de Mobiliza\u00e7\u00e3o e Conscientiza\u00e7\u00e3o contra a Taxa Rosa no Munic\u00edpio, anualmente, na semana que compreender o dia 08 de mar\u00e7o.<\/p>\n\n\n\n<p>O presidente da Comiss\u00e3o de Defesa do Consumidor da OAB\/RN, Pedro Petta, disse que o combate come\u00e7a nesse trabalho de conscientiza\u00e7\u00e3o. &#8220;\u00c9 preciso que o consumidor entenda o problema para que haja a conscientiza\u00e7\u00e3o do mercado de consumo. N\u00e3o se trata de uma taxa exercida pelo poder estatal, mas incutido pelo pr\u00f3prio mercado. O simples fato de mudar embalagem, destina\u00e7\u00e3o ou colora\u00e7\u00e3o n\u00e3o justifica a diferencia\u00e7\u00e3o abusiva do pre\u00e7o&#8221;, disse ele, ressaltante que a OAB tem endossado a discuss\u00e3o.<\/p>\n\n\n\n<p>Representantes de entidades do setor produtivo como da C\u00e2mara dos Dirigentes Lojistas (CDL Natal), Federa\u00e7\u00e3o Com\u00e9rcio de Bens, Servi\u00e7os e do Turismo (Fecom\u00e9rcio RN) e Federa\u00e7\u00e3o das Ind\u00fastrias do Estado (Fiern), tamb\u00e9m participaram da reuni\u00e3o da Frente.<\/p>\n\n\n\n<p>Texto: Cl\u00e1udio Oliveira<\/p>\n\n\n\n<p>Fotos: Lorena Ver\u00edssimo<\/p>\n","protected":false},"excerpt":{"rendered":"","protected":false},"author":1,"featured_media":0,"comment_status":"open","ping_status":"open","sticky":false,"template":"","format":"image","meta":{"site-sidebar-layout":"default","site-content-layout":"","ast-site-content-layout":"default","site-content-style":"default","site-sidebar-style":"default","ast-global-header-display":"","ast-banner-title-visibility":"","ast-main-header-display":"","ast-hfb-above-header-display":"","ast-hfb-below-header-display":"","ast-hfb-mobile-header-display":"","site-post-title":"","ast-breadcrumbs-content":"","ast-featured-img":"","footer-sml-layout":"","ast-disable-related-posts":"","theme-transparent-header-meta":"","adv-header-id-meta":"","stick-header-meta":"","header-above-stick-meta":"","header-main-stick-meta":"","header-below-stick-meta":"","astra-migrate-meta-layouts":"default","ast-page-background-enabled":"default","ast-page-background-meta":{"desktop":{"background-color":"var(--ast-global-color-4)","background-image":"","background-repeat":"repeat","background-position":"center center","background-size":"auto","background-attachment":"scroll","background-type":"","background-media":"","overlay-type":"","overlay-color":"","overlay-opacity":"","overlay-gradient":""},"tablet":{"background-color":"","background-image":"","background-repeat":"repeat","background-position":"center center","background-size":"auto","background-attachment":"scroll","background-type":"","background-media":"","overlay-type":"","overlay-color":"","overlay-opacity":"","overlay-gradient":""},"mobile":{"background-color":"","background-image":"","background-repeat":"repeat","background-position":"center center","background-size":"auto","background-attachment":"scroll","background-type":"","background-media":"","overlay-type":"","overlay-color":"","overlay-opacity":"","overlay-gradient":""}},"ast-content-background-meta":{"desktop":{"background-color":"var(--ast-global-color-5)","background-image":"","background-repeat":"repeat","background-position":"center center","background-size":"auto","background-attachment":"scroll","background-type":"","background-media":"","overlay-type":"","overlay-color":"","overlay-opacity":"","overlay-gradient":""},"tablet":{"background-color":"var(--ast-global-color-5)","background-image":"","background-repeat":"repeat","background-position":"center center","background-size":"auto","background-attachment":"scroll","background-type":"","background-media":"","overlay-type":"","overlay-color":"","overlay-opacity":"","overlay-gradient":""},"mobile":{"background-color":"var(--ast-global-color-5)","background-image":"","background-repeat":"repeat","background-position":"center center","background-size":"auto","background-attachment":"scroll","background-type":"","background-media":"","overlay-type":"","overlay-color":"","overlay-opacity":"","overlay-gradient":""}},"footnotes":""},"categories":[517],"tags":[],"class_list":["post-23821","post","type-post","status-publish","format-image","hentry","category-aconteceu","post_format-post-format-image"],"_links":{"self":[{"href":"https:\/\/noticiasnoface.com.br\/index.php\/wp-json\/wp\/v2\/posts\/23821","targetHints":{"allow":["GET"]}}],"collection":[{"href":"https:\/\/noticiasnoface.com.br\/index.php\/wp-json\/wp\/v2\/posts"}],"about":[{"href":"https:\/\/noticiasnoface.com.br\/index.php\/wp-json\/wp\/v2\/types\/post"}],"author":[{"embeddable":true,"href":"https:\/\/noticiasnoface.com.br\/index.php\/wp-json\/wp\/v2\/users\/1"}],"replies":[{"embeddable":true,"href":"https:\/\/noticiasnoface.com.br\/index.php\/wp-json\/wp\/v2\/comments?post=23821"}],"version-history":[{"count":1,"href":"https:\/\/noticiasnoface.com.br\/index.php\/wp-json\/wp\/v2\/posts\/23821\/revisions"}],"predecessor-version":[{"id":23822,"href":"https:\/\/noticiasnoface.com.br\/index.php\/wp-json\/wp\/v2\/posts\/23821\/revisions\/23822"}],"wp:attachment":[{"href":"https:\/\/noticiasnoface.com.br\/index.php\/wp-json\/wp\/v2\/media?parent=23821"}],"wp:term":[{"taxonomy":"category","embeddable":true,"href":"https:\/\/noticiasnoface.com.br\/index.php\/wp-json\/wp\/v2\/categories?post=23821"},{"taxonomy":"post_tag","embeddable":true,"href":"https:\/\/noticiasnoface.com.br\/index.php\/wp-json\/wp\/v2\/tags?post=23821"}],"curies":[{"name":"wp","href":"https:\/\/api.w.org\/{rel}","templated":true}]}}