{"id":23850,"date":"2024-05-06T07:14:59","date_gmt":"2024-05-06T10:14:59","guid":{"rendered":"https:\/\/noticiasnoface.com.br\/?p=23850"},"modified":"2024-05-06T07:15:00","modified_gmt":"2024-05-06T10:15:00","slug":"bolsonaro-sera-transferido-para-brasilia-em-uti-aerea","status":"publish","type":"post","link":"https:\/\/noticiasnoface.com.br\/index.php\/2024\/05\/06\/bolsonaro-sera-transferido-para-brasilia-em-uti-aerea\/","title":{"rendered":"Bolsonaro ser\u00e1 transferido para Bras\u00edlia em UTI a\u00e9rea"},"content":{"rendered":"\n<figure class=\"wp-block-image size-large\"><img data-opt-id=471313672  fetchpriority=\"high\" decoding=\"async\" width=\"1004\" height=\"379\" src=\"https:\/\/mlbfrsat7ahr.i.optimole.com\/w:auto\/h:auto\/q:mauto\/ig:avif\/https:\/\/noticiasnoface.com.br\/wp-content\/uploads\/2024\/05\/img_4294-1.jpg\" class=\"wp-image-23849\" srcset=\"https:\/\/mlbfrsat7ahr.i.optimole.com\/w:1004\/h:379\/q:mauto\/ig:avif\/https:\/\/noticiasnoface.com.br\/wp-content\/uploads\/2024\/05\/img_4294-1.jpg 1004w, https:\/\/mlbfrsat7ahr.i.optimole.com\/w:300\/h:113\/q:mauto\/ig:avif\/https:\/\/noticiasnoface.com.br\/wp-content\/uploads\/2024\/05\/img_4294-1.jpg 300w, https:\/\/mlbfrsat7ahr.i.optimole.com\/w:768\/h:290\/q:mauto\/ig:avif\/https:\/\/noticiasnoface.com.br\/wp-content\/uploads\/2024\/05\/img_4294-1.jpg 768w\" sizes=\"(max-width: 1000px) 100vw, 1000px\" \/><figcaption class=\"wp-element-caption\"><br>Internado em Manaus com uma infec\u00e7\u00e3o na pele identificada como \u201cerisipela\u201d, Jair Bolsonaro deve ser transferido para um hospital particular em Bras\u00edlia nesta segunda-feira (6) em uma UTI a\u00e9rea, acompanhado de pelo menos dois m\u00e9dicos intensivistas. De acordo com o jornalista Igor Gadelha em sua coluna no Metr\u00f3poles, a previs\u00e3o \u00e9 de que a aeronave decole com o ex-presidente entre o final da manh\u00e3 e o in\u00edcio da tarde de segunda.<br>Durante viagem a Manaus, no fim de semana, o extremista foi internado duas vezes.<br>A erisipela \u00e9 uma infec\u00e7\u00e3o bacteriana da pele que geralmente afeta as pernas, mas pode ocorrer em outras partes do corpo. Ela \u00e9 causada principalmente pela bact\u00e9ria Streptococcus pyogenes, tamb\u00e9m conhecida como estreptococo beta-hemol\u00edtico do grupo A. A infec\u00e7\u00e3o resulta em \u00e1reas da pele vermelhas, inflamadas, quentes e doloridas, muitas vezes acompanhadas por febre e calafrios.<\/figcaption><\/figure>\n","protected":false},"excerpt":{"rendered":"","protected":false},"author":1,"featured_media":0,"comment_status":"open","ping_status":"open","sticky":false,"template":"","format":"image","meta":{"site-sidebar-layout":"default","site-content-layout":"","ast-site-content-layout":"default","site-content-style":"default","site-sidebar-style":"default","ast-global-header-display":"","ast-banner-title-visibility":"","ast-main-header-display":"","ast-hfb-above-header-display":"","ast-hfb-below-header-display":"","ast-hfb-mobile-header-display":"","site-post-title":"","ast-breadcrumbs-content":"","ast-featured-img":"","footer-sml-layout":"","ast-disable-related-posts":"","theme-transparent-header-meta":"","adv-header-id-meta":"","stick-header-meta":"","header-above-stick-meta":"","header-main-stick-meta":"","header-below-stick-meta":"","astra-migrate-meta-layouts":"default","ast-page-background-enabled":"default","ast-page-background-meta":{"desktop":{"background-color":"var(--ast-global-color-4)","background-image":"","background-repeat":"repeat","background-position":"center center","background-size":"auto","background-attachment":"scroll","background-type":"","background-media":"","overlay-type":"","overlay-color":"","overlay-opacity":"","overlay-gradient":""},"tablet":{"background-color":"","background-image":"","background-repeat":"repeat","background-position":"center center","background-size":"auto","background-attachment":"scroll","background-type":"","background-media":"","overlay-type":"","overlay-color":"","overlay-opacity":"","overlay-gradient":""},"mobile":{"background-color":"","background-image":"","background-repeat":"repeat","background-position":"center center","background-size":"auto","background-attachment":"scroll","background-type":"","background-media":"","overlay-type":"","overlay-color":"","overlay-opacity":"","overlay-gradient":""}},"ast-content-background-meta":{"desktop":{"background-color":"var(--ast-global-color-5)","background-image":"","background-repeat":"repeat","background-position":"center center","background-size":"auto","background-attachment":"scroll","background-type":"","background-media":"","overlay-type":"","overlay-color":"","overlay-opacity":"","overlay-gradient":""},"tablet":{"background-color":"var(--ast-global-color-5)","background-image":"","background-repeat":"repeat","background-position":"center center","background-size":"auto","background-attachment":"scroll","background-type":"","background-media":"","overlay-type":"","overlay-color":"","overlay-opacity":"","overlay-gradient":""},"mobile":{"background-color":"var(--ast-global-color-5)","background-image":"","background-repeat":"repeat","background-position":"center center","background-size":"auto","background-attachment":"scroll","background-type":"","background-media":"","overlay-type":"","overlay-color":"","overlay-opacity":"","overlay-gradient":""}},"footnotes":""},"categories":[517],"tags":[],"class_list":["post-23850","post","type-post","status-publish","format-image","hentry","category-aconteceu","post_format-post-format-image"],"_links":{"self":[{"href":"https:\/\/noticiasnoface.com.br\/index.php\/wp-json\/wp\/v2\/posts\/23850","targetHints":{"allow":["GET"]}}],"collection":[{"href":"https:\/\/noticiasnoface.com.br\/index.php\/wp-json\/wp\/v2\/posts"}],"about":[{"href":"https:\/\/noticiasnoface.com.br\/index.php\/wp-json\/wp\/v2\/types\/post"}],"author":[{"embeddable":true,"href":"https:\/\/noticiasnoface.com.br\/index.php\/wp-json\/wp\/v2\/users\/1"}],"replies":[{"embeddable":true,"href":"https:\/\/noticiasnoface.com.br\/index.php\/wp-json\/wp\/v2\/comments?post=23850"}],"version-history":[{"count":1,"href":"https:\/\/noticiasnoface.com.br\/index.php\/wp-json\/wp\/v2\/posts\/23850\/revisions"}],"predecessor-version":[{"id":23851,"href":"https:\/\/noticiasnoface.com.br\/index.php\/wp-json\/wp\/v2\/posts\/23850\/revisions\/23851"}],"wp:attachment":[{"href":"https:\/\/noticiasnoface.com.br\/index.php\/wp-json\/wp\/v2\/media?parent=23850"}],"wp:term":[{"taxonomy":"category","embeddable":true,"href":"https:\/\/noticiasnoface.com.br\/index.php\/wp-json\/wp\/v2\/categories?post=23850"},{"taxonomy":"post_tag","embeddable":true,"href":"https:\/\/noticiasnoface.com.br\/index.php\/wp-json\/wp\/v2\/tags?post=23850"}],"curies":[{"name":"wp","href":"https:\/\/api.w.org\/{rel}","templated":true}]}}