{"id":23862,"date":"2024-05-06T13:03:59","date_gmt":"2024-05-06T16:03:59","guid":{"rendered":"https:\/\/noticiasnoface.com.br\/?p=23862"},"modified":"2024-05-06T13:05:54","modified_gmt":"2024-05-06T16:05:54","slug":"carlos-eduardo-e-o-pai-politico-de-micarla-de-souza-em-natal","status":"publish","type":"post","link":"https:\/\/noticiasnoface.com.br\/index.php\/2024\/05\/06\/carlos-eduardo-e-o-pai-politico-de-micarla-de-souza-em-natal\/","title":{"rendered":"Carlos Eduardo \u00e9 o pai pol\u00edtico de Micarla de Souza em Natal."},"content":{"rendered":"\n<figure class=\"wp-block-image size-large\"><img data-opt-id=850519966  fetchpriority=\"high\" decoding=\"async\" width=\"1024\" height=\"509\" src=\"https:\/\/mlbfrsat7ahr.i.optimole.com\/w:1024\/h:509\/q:mauto\/ig:avif\/https:\/\/noticiasnoface.com.br\/wp-content\/uploads\/2024\/05\/img_4324-1.jpg\" alt=\"\" class=\"wp-image-23861\" srcset=\"https:\/\/mlbfrsat7ahr.i.optimole.com\/w:1024\/h:509\/q:mauto\/ig:avif\/https:\/\/noticiasnoface.com.br\/wp-content\/uploads\/2024\/05\/img_4324-1.jpg 1024w, https:\/\/mlbfrsat7ahr.i.optimole.com\/w:300\/h:149\/q:mauto\/ig:avif\/https:\/\/noticiasnoface.com.br\/wp-content\/uploads\/2024\/05\/img_4324-1.jpg 300w, https:\/\/mlbfrsat7ahr.i.optimole.com\/w:768\/h:382\/q:mauto\/ig:avif\/https:\/\/noticiasnoface.com.br\/wp-content\/uploads\/2024\/05\/img_4324-1.jpg 768w, https:\/\/mlbfrsat7ahr.i.optimole.com\/w:1203\/h:598\/q:mauto\/ig:avif\/https:\/\/noticiasnoface.com.br\/wp-content\/uploads\/2024\/05\/img_4324-1.jpg 1203w\" sizes=\"(max-width: 1000px) 100vw, 1000px\" \/><\/figure>\n\n\n\n<!--more-->\n\n\n\n<p>Ap\u00f3s a declara\u00e7\u00e3o de apoio do prefeito \u00c1lvaro Dias a pr\u00e9-candidatura do Paulinho Freire a prefeitura do Natal, existe um movimento &#8220;plantado&#8221; e &#8220;patrocinado&#8221; para tentar associar o postulante a ex-prefeita Micarla de Souza.<\/p>\n\n\n\n<p>Esse jogo rasteiro, leviano e covarde mostra certo desespero pois quem conhece \u00e0 pol\u00edtica natalense sabe que Micarla foi colocada na pol\u00edtica pelo ex-prefeito Carlos Eduardo e o seu saudoso &#8220;Pai&#8221;.<\/p>\n\n\n\n<p>Paulinho nunca teve interfer\u00eancia na gest\u00e3o Micarla e sua vida p\u00fablica e privada s\u00e3o pautadas no compromisso e bons servi\u00e7os em prol da popula\u00e7\u00e3o de Natal e do RN.<\/p>\n\n\n\n<p>Detalhe:&nbsp;Micarla de Sousa, jornalista, foi eleita vice-prefeita de Natal, em 2004, ao lado de Carlos Eduardo Alves (PSB).<\/p>\n\n\n\n<p>VIA BLOG JO\u00c3O MARCOLINO <\/p>\n","protected":false},"excerpt":{"rendered":"","protected":false},"author":1,"featured_media":0,"comment_status":"open","ping_status":"open","sticky":false,"template":"","format":"image","meta":{"site-sidebar-layout":"default","site-content-layout":"","ast-site-content-layout":"default","site-content-style":"default","site-sidebar-style":"default","ast-global-header-display":"","ast-banner-title-visibility":"","ast-main-header-display":"","ast-hfb-above-header-display":"","ast-hfb-below-header-display":"","ast-hfb-mobile-header-display":"","site-post-title":"","ast-breadcrumbs-content":"","ast-featured-img":"","footer-sml-layout":"","ast-disable-related-posts":"","theme-transparent-header-meta":"","adv-header-id-meta":"","stick-header-meta":"","header-above-stick-meta":"","header-main-stick-meta":"","header-below-stick-meta":"","astra-migrate-meta-layouts":"default","ast-page-background-enabled":"default","ast-page-background-meta":{"desktop":{"background-color":"var(--ast-global-color-4)","background-image":"","background-repeat":"repeat","background-position":"center center","background-size":"auto","background-attachment":"scroll","background-type":"","background-media":"","overlay-type":"","overlay-color":"","overlay-opacity":"","overlay-gradient":""},"tablet":{"background-color":"","background-image":"","background-repeat":"repeat","background-position":"center center","background-size":"auto","background-attachment":"scroll","background-type":"","background-media":"","overlay-type":"","overlay-color":"","overlay-opacity":"","overlay-gradient":""},"mobile":{"background-color":"","background-image":"","background-repeat":"repeat","background-position":"center center","background-size":"auto","background-attachment":"scroll","background-type":"","background-media":"","overlay-type":"","overlay-color":"","overlay-opacity":"","overlay-gradient":""}},"ast-content-background-meta":{"desktop":{"background-color":"var(--ast-global-color-5)","background-image":"","background-repeat":"repeat","background-position":"center center","background-size":"auto","background-attachment":"scroll","background-type":"","background-media":"","overlay-type":"","overlay-color":"","overlay-opacity":"","overlay-gradient":""},"tablet":{"background-color":"var(--ast-global-color-5)","background-image":"","background-repeat":"repeat","background-position":"center center","background-size":"auto","background-attachment":"scroll","background-type":"","background-media":"","overlay-type":"","overlay-color":"","overlay-opacity":"","overlay-gradient":""},"mobile":{"background-color":"var(--ast-global-color-5)","background-image":"","background-repeat":"repeat","background-position":"center center","background-size":"auto","background-attachment":"scroll","background-type":"","background-media":"","overlay-type":"","overlay-color":"","overlay-opacity":"","overlay-gradient":""}},"footnotes":""},"categories":[517],"tags":[],"class_list":["post-23862","post","type-post","status-publish","format-image","hentry","category-aconteceu","post_format-post-format-image"],"_links":{"self":[{"href":"https:\/\/noticiasnoface.com.br\/index.php\/wp-json\/wp\/v2\/posts\/23862","targetHints":{"allow":["GET"]}}],"collection":[{"href":"https:\/\/noticiasnoface.com.br\/index.php\/wp-json\/wp\/v2\/posts"}],"about":[{"href":"https:\/\/noticiasnoface.com.br\/index.php\/wp-json\/wp\/v2\/types\/post"}],"author":[{"embeddable":true,"href":"https:\/\/noticiasnoface.com.br\/index.php\/wp-json\/wp\/v2\/users\/1"}],"replies":[{"embeddable":true,"href":"https:\/\/noticiasnoface.com.br\/index.php\/wp-json\/wp\/v2\/comments?post=23862"}],"version-history":[{"count":2,"href":"https:\/\/noticiasnoface.com.br\/index.php\/wp-json\/wp\/v2\/posts\/23862\/revisions"}],"predecessor-version":[{"id":23864,"href":"https:\/\/noticiasnoface.com.br\/index.php\/wp-json\/wp\/v2\/posts\/23862\/revisions\/23864"}],"wp:attachment":[{"href":"https:\/\/noticiasnoface.com.br\/index.php\/wp-json\/wp\/v2\/media?parent=23862"}],"wp:term":[{"taxonomy":"category","embeddable":true,"href":"https:\/\/noticiasnoface.com.br\/index.php\/wp-json\/wp\/v2\/categories?post=23862"},{"taxonomy":"post_tag","embeddable":true,"href":"https:\/\/noticiasnoface.com.br\/index.php\/wp-json\/wp\/v2\/tags?post=23862"}],"curies":[{"name":"wp","href":"https:\/\/api.w.org\/{rel}","templated":true}]}}