{"id":23873,"date":"2024-05-06T23:27:03","date_gmt":"2024-05-07T02:27:03","guid":{"rendered":"https:\/\/noticiasnoface.com.br\/?p=23873"},"modified":"2024-05-06T23:27:04","modified_gmt":"2024-05-07T02:27:04","slug":"comissao-de-saude-aprova-programa-para-familiares-de-deficientes-auditivo","status":"publish","type":"post","link":"https:\/\/noticiasnoface.com.br\/index.php\/2024\/05\/06\/comissao-de-saude-aprova-programa-para-familiares-de-deficientes-auditivo\/","title":{"rendered":"Comiss\u00e3o de Sa\u00fade aprova programa para familiares de deficientes auditivo"},"content":{"rendered":"\n<figure class=\"wp-block-image size-large\"><img data-opt-id=1022517841  fetchpriority=\"high\" decoding=\"async\" width=\"1024\" height=\"680\" src=\"https:\/\/mlbfrsat7ahr.i.optimole.com\/w:1024\/h:680\/q:mauto\/ig:avif\/https:\/\/noticiasnoface.com.br\/wp-content\/uploads\/2024\/05\/img_4348-1.jpg\" class=\"wp-image-23872\" srcset=\"https:\/\/mlbfrsat7ahr.i.optimole.com\/w:1024\/h:680\/q:mauto\/ig:avif\/https:\/\/noticiasnoface.com.br\/wp-content\/uploads\/2024\/05\/img_4348-1.jpg 1024w, https:\/\/mlbfrsat7ahr.i.optimole.com\/w:300\/h:199\/q:mauto\/ig:avif\/https:\/\/noticiasnoface.com.br\/wp-content\/uploads\/2024\/05\/img_4348-1.jpg 300w, https:\/\/mlbfrsat7ahr.i.optimole.com\/w:768\/h:510\/q:mauto\/ig:avif\/https:\/\/noticiasnoface.com.br\/wp-content\/uploads\/2024\/05\/img_4348-1.jpg 768w, https:\/\/mlbfrsat7ahr.i.optimole.com\/w:1536\/h:1020\/q:mauto\/ig:avif\/https:\/\/noticiasnoface.com.br\/wp-content\/uploads\/2024\/05\/img_4348-1.jpg 1536w, https:\/\/mlbfrsat7ahr.i.optimole.com\/w:1600\/h:1062\/q:mauto\/ig:avif\/https:\/\/noticiasnoface.com.br\/wp-content\/uploads\/2024\/05\/img_4348-1.jpg 1600w\" sizes=\"(max-width: 1000px) 100vw, 1000px\" \/><\/figure>\n\n\n\n<!--more-->\n\n\n\n<p>Na reuni\u00e3o da Comiss\u00e3o de Sa\u00fade, Previd\u00eancia e Assist\u00eancia Social, desta segunda-feira (06), o presidente Luciano Nascimento, o vice-presidente Preto Aquino e os vereadores membros Camila Ara\u00fajo, Peixoto e Herberth Sena designaram relatoria para quatro projetos de lei e aprovaram outros quatro PLs, com destaque para o 462\/2023, de proposi\u00e7\u00e3o do l\u00edder do colegiado.&nbsp;<\/p>\n\n\n\n<p>A mat\u00e9ria legislativa de autoria do vereador Luciano Nascimento institui o programa municipal de assist\u00eancia aos familiares de deficientes auditivos, que objetiva proporcionar a aprendizagem da L\u00edngua Brasileira de Sinais (Libras), para garantir melhor comunica\u00e7\u00e3o com a pessoa surda.<\/p>\n\n\n\n<p>\u201cA defici\u00eancia auditiva \u00e9 uma condi\u00e7\u00e3o que impacta significativamente a comunica\u00e7\u00e3o; a aprendizagem e o desenvolvimento das pessoas. Al\u00e9m disso, os familiares tamb\u00e9m encontram obst\u00e1culos para lidar com as particularidades destas condi\u00e7\u00f5es e aos meios que possam fornecer um suporte adequado. O programa como proposto ir\u00e1 promover inclus\u00e3o social, igualdade de oportunidades e melhor qualidade de vida para esta popula\u00e7\u00e3o\u201d, defende o vereador.<\/p>\n\n\n\n<p>A Comiss\u00e3o de Sa\u00fade tamb\u00e9m aprovou o parecer do vereador Preto Aquino ao PL 470\/2023 de autoria do vereador Chagas Catarino, que cria o programa municipal de animais perdidos, em condi\u00e7\u00e3o de abandono ou aptos para ado\u00e7\u00e3o. \u201cO poder p\u00fablico n\u00e3o pode se eximir de promover a\u00e7\u00f5es que otimizem as buscas, facilitem o resgate e promovam a reabilita\u00e7\u00e3o de animais em situa\u00e7\u00e3o de risco\u201d, alega o propositor. A iniciativa visa criar um site para divulga\u00e7\u00e3o de animais de estima\u00e7\u00e3o perdidos ou resgatados aptos para ado\u00e7\u00e3o.&nbsp;<\/p>\n\n\n\n<p>Tamb\u00e9m foram aprovados dois PLs do vereador Aroldo Alves: o 431\/2023, que estabelece a exibi\u00e7\u00e3o de programa\u00e7\u00e3o institucional por meio de televisores nas unidades de sa\u00fade de natal, e 628\/2023, que institui o programa de aten\u00e7\u00e3o integral ao autismo.<\/p>\n\n\n\n<p>Texto: Ilana Albuquerque<br>Fotos: Elp\u00eddio J\u00fanior<\/p>\n\n\n\n<p><\/p>\n","protected":false},"excerpt":{"rendered":"","protected":false},"author":1,"featured_media":0,"comment_status":"open","ping_status":"open","sticky":false,"template":"","format":"image","meta":{"site-sidebar-layout":"default","site-content-layout":"","ast-site-content-layout":"default","site-content-style":"default","site-sidebar-style":"default","ast-global-header-display":"","ast-banner-title-visibility":"","ast-main-header-display":"","ast-hfb-above-header-display":"","ast-hfb-below-header-display":"","ast-hfb-mobile-header-display":"","site-post-title":"","ast-breadcrumbs-content":"","ast-featured-img":"","footer-sml-layout":"","ast-disable-related-posts":"","theme-transparent-header-meta":"","adv-header-id-meta":"","stick-header-meta":"","header-above-stick-meta":"","header-main-stick-meta":"","header-below-stick-meta":"","astra-migrate-meta-layouts":"default","ast-page-background-enabled":"default","ast-page-background-meta":{"desktop":{"background-color":"var(--ast-global-color-4)","background-image":"","background-repeat":"repeat","background-position":"center center","background-size":"auto","background-attachment":"scroll","background-type":"","background-media":"","overlay-type":"","overlay-color":"","overlay-opacity":"","overlay-gradient":""},"tablet":{"background-color":"","background-image":"","background-repeat":"repeat","background-position":"center center","background-size":"auto","background-attachment":"scroll","background-type":"","background-media":"","overlay-type":"","overlay-color":"","overlay-opacity":"","overlay-gradient":""},"mobile":{"background-color":"","background-image":"","background-repeat":"repeat","background-position":"center center","background-size":"auto","background-attachment":"scroll","background-type":"","background-media":"","overlay-type":"","overlay-color":"","overlay-opacity":"","overlay-gradient":""}},"ast-content-background-meta":{"desktop":{"background-color":"var(--ast-global-color-5)","background-image":"","background-repeat":"repeat","background-position":"center center","background-size":"auto","background-attachment":"scroll","background-type":"","background-media":"","overlay-type":"","overlay-color":"","overlay-opacity":"","overlay-gradient":""},"tablet":{"background-color":"var(--ast-global-color-5)","background-image":"","background-repeat":"repeat","background-position":"center center","background-size":"auto","background-attachment":"scroll","background-type":"","background-media":"","overlay-type":"","overlay-color":"","overlay-opacity":"","overlay-gradient":""},"mobile":{"background-color":"var(--ast-global-color-5)","background-image":"","background-repeat":"repeat","background-position":"center center","background-size":"auto","background-attachment":"scroll","background-type":"","background-media":"","overlay-type":"","overlay-color":"","overlay-opacity":"","overlay-gradient":""}},"footnotes":""},"categories":[517],"tags":[],"class_list":["post-23873","post","type-post","status-publish","format-image","hentry","category-aconteceu","post_format-post-format-image"],"_links":{"self":[{"href":"https:\/\/noticiasnoface.com.br\/index.php\/wp-json\/wp\/v2\/posts\/23873","targetHints":{"allow":["GET"]}}],"collection":[{"href":"https:\/\/noticiasnoface.com.br\/index.php\/wp-json\/wp\/v2\/posts"}],"about":[{"href":"https:\/\/noticiasnoface.com.br\/index.php\/wp-json\/wp\/v2\/types\/post"}],"author":[{"embeddable":true,"href":"https:\/\/noticiasnoface.com.br\/index.php\/wp-json\/wp\/v2\/users\/1"}],"replies":[{"embeddable":true,"href":"https:\/\/noticiasnoface.com.br\/index.php\/wp-json\/wp\/v2\/comments?post=23873"}],"version-history":[{"count":1,"href":"https:\/\/noticiasnoface.com.br\/index.php\/wp-json\/wp\/v2\/posts\/23873\/revisions"}],"predecessor-version":[{"id":23874,"href":"https:\/\/noticiasnoface.com.br\/index.php\/wp-json\/wp\/v2\/posts\/23873\/revisions\/23874"}],"wp:attachment":[{"href":"https:\/\/noticiasnoface.com.br\/index.php\/wp-json\/wp\/v2\/media?parent=23873"}],"wp:term":[{"taxonomy":"category","embeddable":true,"href":"https:\/\/noticiasnoface.com.br\/index.php\/wp-json\/wp\/v2\/categories?post=23873"},{"taxonomy":"post_tag","embeddable":true,"href":"https:\/\/noticiasnoface.com.br\/index.php\/wp-json\/wp\/v2\/tags?post=23873"}],"curies":[{"name":"wp","href":"https:\/\/api.w.org\/{rel}","templated":true}]}}