{"id":23903,"date":"2024-05-09T10:45:52","date_gmt":"2024-05-09T13:45:52","guid":{"rendered":"https:\/\/noticiasnoface.com.br\/?p=23903"},"modified":"2024-05-09T10:45:53","modified_gmt":"2024-05-09T13:45:53","slug":"vale-gas-sera-pago-antecipado-em-maio-para-nis-final-0-a-9-veja-comunicado-oficial","status":"publish","type":"post","link":"https:\/\/noticiasnoface.com.br\/index.php\/2024\/05\/09\/vale-gas-sera-pago-antecipado-em-maio-para-nis-final-0-a-9-veja-comunicado-oficial\/","title":{"rendered":"Vale-G\u00e1s ser\u00e1 pago antecipado em maio para NIS final 0 a 9? veja comunicado oficial"},"content":{"rendered":"\n<figure class=\"wp-block-image size-large\"><img data-opt-id=738806601  fetchpriority=\"high\" decoding=\"async\" width=\"1024\" height=\"576\" src=\"https:\/\/mlbfrsat7ahr.i.optimole.com\/w:1024\/h:576\/q:mauto\/ig:avif\/https:\/\/noticiasnoface.com.br\/wp-content\/uploads\/2024\/05\/img_4491-1.jpg\" class=\"wp-image-23902\" srcset=\"https:\/\/mlbfrsat7ahr.i.optimole.com\/w:1024\/h:576\/q:mauto\/ig:avif\/https:\/\/noticiasnoface.com.br\/wp-content\/uploads\/2024\/05\/img_4491-1.jpg 1024w, https:\/\/mlbfrsat7ahr.i.optimole.com\/w:300\/h:169\/q:mauto\/ig:avif\/https:\/\/noticiasnoface.com.br\/wp-content\/uploads\/2024\/05\/img_4491-1.jpg 300w, https:\/\/mlbfrsat7ahr.i.optimole.com\/w:768\/h:432\/q:mauto\/ig:avif\/https:\/\/noticiasnoface.com.br\/wp-content\/uploads\/2024\/05\/img_4491-1.jpg 768w, https:\/\/mlbfrsat7ahr.i.optimole.com\/w:1200\/h:675\/q:mauto\/ig:avif\/https:\/\/noticiasnoface.com.br\/wp-content\/uploads\/2024\/05\/img_4491-1.jpg 1200w\" sizes=\"(max-width: 1000px) 100vw, 1000px\" \/><\/figure>\n\n\n\n<!--more-->\n\n\n\n<p>O<strong>&nbsp;Vale-G\u00e1s<\/strong>&nbsp;\u00e9 pago a cada dois meses e cobre o valor total de um botij\u00e3o de g\u00e1s de cozinha. Ele ser\u00e1 retomado no m\u00eas de junho, mas algumas pessoas v\u00e3o receber o benef\u00edcio antecipadamente em maio. Essa a\u00e7\u00e3o deve ajudar as pessoas que est\u00e3o tentando reconstruir a vida.<\/p>\n\n\n\n<h2 class=\"wp-block-heading\">Veja como receber <\/h2>\n\n\n\n<p>O&nbsp;<strong>Vale-G\u00e1s&nbsp;<\/strong>\u00e9 um benef\u00edcio voltado as fam\u00edlias em situa\u00e7\u00e3o de vulnerabilidade social. Desde o ano passado o benef\u00edcio cobre o valor total de um botij\u00e3o de g\u00e1s de cozinha de 13kg. O pagamento \u00e9 feito a cada dois meses, mas excepcionalmente em maio algumas fam\u00edlias ser\u00e3o beneficiadas.<\/p>\n\n\n\n<p>\u00daltimas not\u00edcias<\/p>\n\n\n\n<p><a href=\"https:\/\/fdr.com.br\/2024\/05\/09\/pensao-do-inss-em-alerta-valores-de-maio-sao-anunciados-e-geram-expectativas\/?utm_source=internal&amp;utm_medium=related&amp;utm_campaign=related_posts&amp;utm_content=p3&amp;amp\" target=\"_blank\" rel=\"noopener\">Pens\u00e3o do INSS em alerta! Valores de maio s\u00e3o anunciados e geram expectativas<\/a><\/p>\n\n\n\n<p>O Minist\u00e9rio do Desenvolvimento Social (MDS) vai destinar R$ 807,2 milh\u00f5es para a antecipa\u00e7\u00e3o do pagamento desse e de outros benef\u00edcios.<\/p>\n\n\n\n<h2 class=\"wp-block-heading clear\">Antecipa\u00e7\u00e3o do Vale-G\u00e1s<\/h2>\n\n\n\n<ul class=\"wp-block-list\">\n<li>Pelo calend\u00e1rio o pagamento seria feito apenas no m\u00eas de junho, pois, como dito ele \u00e9 feito a cada dois meses e em abril as fam\u00edlias receberam o dep\u00f3sito.<\/li>\n\n\n\n<li>Mas, diante das dificuldades encontradas pelas fam\u00edlias do Rio Grande do Sul, o MDS decidiu antecipar o pagamento em diversas cidades do estado.<\/li>\n\n\n\n<li>Os mais de R$ 800 milh\u00f5es ser\u00e3o destinados ao\u00a0<strong>pagamento antecipado do\u00a0<a href=\"https:\/\/www.caixa.gov.br\/atendimento\/aplicativos\/bolsa-familia\/Paginas\/default.aspx\" target=\"_blank\" rel=\"noopener\">Bolsa Fam\u00edlia,<\/a>\u00a0Aux\u00edlio G\u00e1s, Benef\u00edcio de Presta\u00e7\u00e3o Continuada (BPC).<\/strong><\/li>\n\n\n\n<li>Parte desse valor tamb\u00e9m ser\u00e1 destinada a aquisi\u00e7\u00e3o de recursos para a rede SUAS.<\/li>\n\n\n\n<li>Com isso as fam\u00edlias afetas que t\u00eam direito ao benef\u00edcio receber\u00e3o o dep\u00f3sito no dia 17 de maio, juntamente com o Bolsa Fam\u00edlia.<\/li>\n\n\n\n<li>Isso significa que esses cidad\u00e3os n\u00e3o precisar\u00e3o esperar a data prevista no calend\u00e1rio.<\/li>\n<\/ul>\n\n\n\n<p>Para conferir a lista de todos os benef\u00edcios liberados aos moradores do Rio Grande do Sul,<a href=\"https:\/\/fdr.com.br\/2024\/05\/06\/chuvas-no-rio-grande-do-sul-veja-lista-com-todos-os-beneficios-disponiveis-para-solicitacao\/amp\/\" target=\"_blank\" rel=\"noopener\"><em>clique aqui.<\/em><\/a><\/p>\n\n\n\n<h3 class=\"wp-block-heading clear\">Calend\u00e1rio Bolsa Fam\u00edlia de maio<\/h3>\n\n\n\n<ul class=\"wp-block-list\">\n<li>Final do NIS: 1 \u2013 17 de maio<\/li>\n\n\n\n<li>Final do NIS: 2 \u2013 20 de maio<\/li>\n\n\n\n<li>Final do NIS: 3 \u2013 21 de maio<\/li>\n\n\n\n<li>Final do NIS: 4 \u2013 22 de maio<\/li>\n\n\n\n<li>Final do NIS: 5 \u2013 23 de maio<\/li>\n\n\n\n<li>Final do NIS: 6 \u2013 24 de maio<\/li>\n\n\n\n<li>Final do NIS: 7 \u2013 27 de maio<\/li>\n\n\n\n<li>Final do NIS: 8 \u2013 28 de maio<\/li>\n\n\n\n<li>Final do NIS: 9 \u2013 29 de maio<\/li>\n\n\n\n<li>Final do NIS: 0 \u2013 31 de maio<\/li>\n<\/ul>\n\n\n\n<p>Para conferir a lista de cidades do RS em que a antecipa\u00e7\u00e3o deve acontecer,&nbsp;<a href=\"https:\/\/fdr.com.br\/2024\/05\/08\/bolsa-familia-sera-antecipado-em-mais-de-300-municipios-do-rio-grande-do-sul-confira-lista-completa\/amp\/\" target=\"_blank\" rel=\"noopener\"><em>clique aqui.<\/em><\/a><\/p>\n\n\n\n<p>Segundo a especialista do FDR,&nbsp;<a href=\"https:\/\/fdr.com.br\/author\/laura_alvarenga\/?amp\" target=\"_blank\" rel=\"noopener\">Laura Alvarenga<\/a>, o MDS est\u00e1 convocando quem recebe o Bolsa Fam\u00edlia para uma atualiza\u00e7\u00e3o cadastrar, que evitar\u00e1 o bloqueio do benef\u00edcio,&nbsp;<em><a href=\"https:\/\/fdr.com.br\/2024\/05\/08\/beneficiarios-do-bolsa-familia-sao-convocados-para-atualizar-dados-e-evitar-bloqueios-saiba-mais\/amp\/\" target=\"_blank\" rel=\"noopener\">saiba mais.<\/a><\/em><\/p>\n","protected":false},"excerpt":{"rendered":"","protected":false},"author":1,"featured_media":0,"comment_status":"open","ping_status":"open","sticky":false,"template":"","format":"image","meta":{"site-sidebar-layout":"default","site-content-layout":"","ast-site-content-layout":"default","site-content-style":"default","site-sidebar-style":"default","ast-global-header-display":"","ast-banner-title-visibility":"","ast-main-header-display":"","ast-hfb-above-header-display":"","ast-hfb-below-header-display":"","ast-hfb-mobile-header-display":"","site-post-title":"","ast-breadcrumbs-content":"","ast-featured-img":"","footer-sml-layout":"","ast-disable-related-posts":"","theme-transparent-header-meta":"","adv-header-id-meta":"","stick-header-meta":"","header-above-stick-meta":"","header-main-stick-meta":"","header-below-stick-meta":"","astra-migrate-meta-layouts":"default","ast-page-background-enabled":"default","ast-page-background-meta":{"desktop":{"background-color":"var(--ast-global-color-4)","background-image":"","background-repeat":"repeat","background-position":"center center","background-size":"auto","background-attachment":"scroll","background-type":"","background-media":"","overlay-type":"","overlay-color":"","overlay-opacity":"","overlay-gradient":""},"tablet":{"background-color":"","background-image":"","background-repeat":"repeat","background-position":"center center","background-size":"auto","background-attachment":"scroll","background-type":"","background-media":"","overlay-type":"","overlay-color":"","overlay-opacity":"","overlay-gradient":""},"mobile":{"background-color":"","background-image":"","background-repeat":"repeat","background-position":"center center","background-size":"auto","background-attachment":"scroll","background-type":"","background-media":"","overlay-type":"","overlay-color":"","overlay-opacity":"","overlay-gradient":""}},"ast-content-background-meta":{"desktop":{"background-color":"var(--ast-global-color-5)","background-image":"","background-repeat":"repeat","background-position":"center center","background-size":"auto","background-attachment":"scroll","background-type":"","background-media":"","overlay-type":"","overlay-color":"","overlay-opacity":"","overlay-gradient":""},"tablet":{"background-color":"var(--ast-global-color-5)","background-image":"","background-repeat":"repeat","background-position":"center center","background-size":"auto","background-attachment":"scroll","background-type":"","background-media":"","overlay-type":"","overlay-color":"","overlay-opacity":"","overlay-gradient":""},"mobile":{"background-color":"var(--ast-global-color-5)","background-image":"","background-repeat":"repeat","background-position":"center center","background-size":"auto","background-attachment":"scroll","background-type":"","background-media":"","overlay-type":"","overlay-color":"","overlay-opacity":"","overlay-gradient":""}},"footnotes":""},"categories":[517],"tags":[],"class_list":["post-23903","post","type-post","status-publish","format-image","hentry","category-aconteceu","post_format-post-format-image"],"_links":{"self":[{"href":"https:\/\/noticiasnoface.com.br\/index.php\/wp-json\/wp\/v2\/posts\/23903","targetHints":{"allow":["GET"]}}],"collection":[{"href":"https:\/\/noticiasnoface.com.br\/index.php\/wp-json\/wp\/v2\/posts"}],"about":[{"href":"https:\/\/noticiasnoface.com.br\/index.php\/wp-json\/wp\/v2\/types\/post"}],"author":[{"embeddable":true,"href":"https:\/\/noticiasnoface.com.br\/index.php\/wp-json\/wp\/v2\/users\/1"}],"replies":[{"embeddable":true,"href":"https:\/\/noticiasnoface.com.br\/index.php\/wp-json\/wp\/v2\/comments?post=23903"}],"version-history":[{"count":1,"href":"https:\/\/noticiasnoface.com.br\/index.php\/wp-json\/wp\/v2\/posts\/23903\/revisions"}],"predecessor-version":[{"id":23904,"href":"https:\/\/noticiasnoface.com.br\/index.php\/wp-json\/wp\/v2\/posts\/23903\/revisions\/23904"}],"wp:attachment":[{"href":"https:\/\/noticiasnoface.com.br\/index.php\/wp-json\/wp\/v2\/media?parent=23903"}],"wp:term":[{"taxonomy":"category","embeddable":true,"href":"https:\/\/noticiasnoface.com.br\/index.php\/wp-json\/wp\/v2\/categories?post=23903"},{"taxonomy":"post_tag","embeddable":true,"href":"https:\/\/noticiasnoface.com.br\/index.php\/wp-json\/wp\/v2\/tags?post=23903"}],"curies":[{"name":"wp","href":"https:\/\/api.w.org\/{rel}","templated":true}]}}