{"id":23919,"date":"2024-05-10T12:25:00","date_gmt":"2024-05-10T15:25:00","guid":{"rendered":"https:\/\/noticiasnoface.com.br\/?p=23919"},"modified":"2024-05-10T12:25:00","modified_gmt":"2024-05-10T15:25:00","slug":"lira-e-vaiado-em-evento-com-lula","status":"publish","type":"post","link":"https:\/\/noticiasnoface.com.br\/index.php\/2024\/05\/10\/lira-e-vaiado-em-evento-com-lula\/","title":{"rendered":"Lira \u00e9 vaiado em evento com Lula"},"content":{"rendered":"\n<figure class=\"wp-block-image size-large\"><img data-opt-id=1284103540  fetchpriority=\"high\" decoding=\"async\" width=\"917\" height=\"463\" src=\"https:\/\/mlbfrsat7ahr.i.optimole.com\/w:auto\/h:auto\/q:mauto\/ig:avif\/https:\/\/noticiasnoface.com.br\/wp-content\/uploads\/2024\/05\/img_4606-1.jpg\" class=\"wp-image-23918\" srcset=\"https:\/\/mlbfrsat7ahr.i.optimole.com\/w:917\/h:463\/q:mauto\/ig:avif\/https:\/\/noticiasnoface.com.br\/wp-content\/uploads\/2024\/05\/img_4606-1.jpg 917w, https:\/\/mlbfrsat7ahr.i.optimole.com\/w:300\/h:151\/q:mauto\/ig:avif\/https:\/\/noticiasnoface.com.br\/wp-content\/uploads\/2024\/05\/img_4606-1.jpg 300w, https:\/\/mlbfrsat7ahr.i.optimole.com\/w:768\/h:388\/q:mauto\/ig:avif\/https:\/\/noticiasnoface.com.br\/wp-content\/uploads\/2024\/05\/img_4606-1.jpg 768w\" sizes=\"(max-width: 917px) 100vw, 917px\" \/><\/figure>\n\n\n\n<!--more-->\n\n\n\n<p>O presidente da C\u00e2mara dos Deputados,&nbsp;<a href=\"https:\/\/www1.folha.uol.com.br\/folha-topicos\/arthur-lira\/\" target=\"_blank\" rel=\"noopener\">Arthur Lira<\/a>&nbsp;(<a href=\"https:\/\/www1.folha.uol.com.br\/folha-topicos\/pp\/\" target=\"_blank\" rel=\"noopener\">PP<\/a>-AL), foi vaiado durante discurso na manh\u00e3 desta sexta-feira (10) em evento com a presen\u00e7a do presidente&nbsp;<a href=\"https:\/\/www1.folha.uol.com.br\/folha-topicos\/lula\/\" target=\"_blank\" rel=\"noopener\">Lula<\/a>&nbsp;(<a href=\"https:\/\/www1.folha.uol.com.br\/folha-topicos\/pt\/\" target=\"_blank\" rel=\"noopener\">PT<\/a>) em Macei\u00f3, capital alagoana.<\/p>\n\n\n\n<p>Lula est\u00e1 em Alagoas para a entrega de 914 apartamentos do Conjunto Residencial Parque da Lagoa, em Macei\u00f3. As moradias foram constru\u00eddas no \u00e2mbito do programa Minha Casa, Minha Vida.<\/p>\n\n\n\n<p>Lira discursou ap\u00f3s o prefeito de Macei\u00f3, Jo\u00e3o Henrique Caldas, conhecido como JHC (PL). O presidente da C\u00e2mara recebeu vaias assim que foi ao p\u00falpito para proferir a fala.<\/p>\n\n\n\n<p>&#8220;No dia de ontem [quinta-feira], um dia muito dif\u00edcil, o meu pai, que muitos aplaudem e muitos vaiam, mas eu duvido que um morador que seja atendido por essas casas esteja vaiando hoje. Isso \u00e9 uma falta de respeito. Isso \u00e9 uma falta de respeito&#8221;, disse Lira, mencionando o pai, o ex-senador Benedito de Lira (PP-AL), atual prefeito de Barra de S\u00e3o Miguel, no litoral de Alagoas.<\/p>\n\n\n\n<p>Diante da rea\u00e7\u00e3o do p\u00fablico, o presidente Lula deixou o local onde estava sentado e ficou em p\u00e9 ao lado de Lira. Esse gesto costuma ser repetido pelo petista quando autoridades s\u00e3o vaiadas pelo p\u00fablico em eventos do governo federal.<\/p>\n\n\n\n<p>Aliado do governo Bolsonaro, Lira fez men\u00e7\u00e3o ao governo do ex-presidente quando elencou os governos que tocaram a obra do Minha Casa, Minha Vida em Macei\u00f3<\/p>\n\n\n\n<p>&#8220;Ontem [quinta-feira], foi um dia de muita dificuldade, porque o senador Biu [apelido de Benedito de Lira], que lutou junto comigo desde 2015 para que governo ap\u00f3s governo e ministro ap\u00f3s ministro, presidente ap\u00f3s presidente, come\u00e7ou esse projeto da Lagoa, foi protocolado ainda no governo Dilma, selecionado no governo Temer, quase se perde e foi aprovado no governo Bolsonaro e hoje continua firme no governo Lula&#8221;, afirmou Lira.<\/p>\n\n\n\n<p>&#8220;O Minha Casa, Minha Vida \u00e9 um projeto transversal porque o senhor, como eu e meu pai, que est\u00e1 no quarto de hospital porque ontem sofreu acidente e operou o f\u00eamur, queria muito estar aqui. Em homenagem a ele, que entregou 9 em cada 10 casas em Alagoas. Ningu\u00e9m entregou mais casas em Alagoas do que o senador Benedito e o deputado Arthur Lira.&#8221;<\/p>\n\n\n\n<p>&#8220;Mais do que vaias e aplausos, a fun\u00e7\u00e3o do parlamentar \u00e9 trabalhar pelo seu estado, continuar aprovando mat\u00e9rias no Congresso Nacional, dar suporte para tudo que aconte\u00e7a nas pol\u00edticas p\u00fablicas. E a&nbsp;<a href=\"https:\/\/www1.folha.uol.com.br\/folha-topicos\/camara-dos-deputados\/\" target=\"_blank\" rel=\"noopener\">C\u00e2mara dos Deputados<\/a>&nbsp;faz o seu papel&#8221;, frisou o presidente da C\u00e2mara. &#8220;O presidente Lula tem uma coisa parecida com o que eu fa\u00e7o e o meu pai faz: ele cuida das pessoas mais humildes.&#8221;<\/p>\n\n\n\n<p>O evento contou ainda com a participa\u00e7\u00e3o do governador de Alagoas, Paulo Dantas (MDB), e do ministro dos Transportes, Renan Filho, senador licenciado e ex-governador do estado.<\/p>\n\n\n\n<p>Logo no in\u00edcio da sua fala, Lula criticou a postura da plateia de proferir as vaias e classificou o ato como institucional.<\/p>\n\n\n\n<p>&#8220;Aqui \u00e9 um ato que n\u00e3o tem partido pol\u00edtico, \u00e9 institucional. \u00c9 um ato que n\u00e3o \u00e9 um ato que a gente vai fazer a disputa na elei\u00e7\u00e3o. Vai ter o momento que eu vou viajar algumas cidades para apoiar um candidato. A gente n\u00e3o vai estar junto em todos os lugares, mas a gente precisa apresentar a respeitar o ato quando \u00e9 institucional.&#8221;<\/p>\n\n\n\n<p>&#8220;Sen\u00e3o, fica dif\u00edcil para um presidente viajar para inaugurar coisas, porque as pessoas que v\u00eam aqui s\u00e3o convidadas por n\u00f3s. E ningu\u00e9m leva ningu\u00e9m na sua casa para ser vaiado ou mal tratado. \u00c9 apenas uma quest\u00e3o de comportamento que me incomoda muito&#8221;, afirmou o presidente,<\/p>\n\n\n\n<p>Lula repetiu o tom adotado na quinta-feira (9), quando esteve em S\u00e3o Jos\u00e9 da Tapera, no interior alagoano, ao enaltecer a aprova\u00e7\u00e3o de projetos no Congresso Nacional.<\/p>\n\n\n\n<p>&#8220;Sei da diverg\u00eancia que existe entre os partidos pol\u00edticos aqui. N\u00f3s s\u00f3 temos 70 deputados e a C\u00e2mara tem 513. N\u00e3o tivemos um \u00fanico projeto do governo derrotado, todos foram aprovados&#8221;, afirmou.<\/p>\n\n\n\n<p>Lula disse que a reforma tribut\u00e1ria e outros projetos tiveram apoio de Lira e dos l\u00edderes partid\u00e1rios. &#8220;Se n\u00e3o fosse voc\u00eas, mesmo na adversidade, a gente n\u00e3o estaria aqui inaugurando esse conjunto habitacional.&#8221;<\/p>\n\n\n\n<p>O senador Renan Calheiros (MDB-AL), aliado de Lula e rival de Arthur Lira, n\u00e3o esteve no evento em Macei\u00f3.&nbsp;<a href=\"https:\/\/www1.folha.uol.com.br\/poder\/2024\/05\/lula-une-lira-e-renan-no-mesmo-palanque-durante-visita-a-alagoas.shtml\" target=\"_blank\" rel=\"noopener\">Na quinta (9), o evento com Lula em S\u00e3o Jos\u00e9 da Tapera uniu Renan e Lira no mesmo palanque<\/a>.<\/p>\n\n\n\n<p>No discurso, Lula alegou que trata os pobres como prioridade no seu governo e que conversa com o agroneg\u00f3cio e empres\u00e1rios da constru\u00e7\u00e3o civil e da ind\u00fastria automobil\u00edstica, mas que esses segmentos n\u00e3o votam nele.<\/p>\n\n\n\n<p>&#8220;Eu trato as pessoas ricas desse pa\u00eds com muito respeito. Nunca faltei com respeito com algu\u00e9m do agroneg\u00f3cio, com empres\u00e1rio da constru\u00e7\u00e3o civil, com o presidente da ind\u00fastria automobil\u00edstica, nunca faltei com respeito com ningu\u00e9m. Mas tenho certeza que essa gente n\u00e3o vota em mim, quem vota em mim \u00e9 o povo pobre desse pa\u00eds, tenho certeza disso.&#8221;<\/p>\n","protected":false},"excerpt":{"rendered":"","protected":false},"author":1,"featured_media":0,"comment_status":"open","ping_status":"open","sticky":false,"template":"","format":"image","meta":{"site-sidebar-layout":"default","site-content-layout":"","ast-site-content-layout":"default","site-content-style":"default","site-sidebar-style":"default","ast-global-header-display":"","ast-banner-title-visibility":"","ast-main-header-display":"","ast-hfb-above-header-display":"","ast-hfb-below-header-display":"","ast-hfb-mobile-header-display":"","site-post-title":"","ast-breadcrumbs-content":"","ast-featured-img":"","footer-sml-layout":"","ast-disable-related-posts":"","theme-transparent-header-meta":"","adv-header-id-meta":"","stick-header-meta":"","header-above-stick-meta":"","header-main-stick-meta":"","header-below-stick-meta":"","astra-migrate-meta-layouts":"default","ast-page-background-enabled":"default","ast-page-background-meta":{"desktop":{"background-color":"var(--ast-global-color-4)","background-image":"","background-repeat":"repeat","background-position":"center center","background-size":"auto","background-attachment":"scroll","background-type":"","background-media":"","overlay-type":"","overlay-color":"","overlay-opacity":"","overlay-gradient":""},"tablet":{"background-color":"","background-image":"","background-repeat":"repeat","background-position":"center center","background-size":"auto","background-attachment":"scroll","background-type":"","background-media":"","overlay-type":"","overlay-color":"","overlay-opacity":"","overlay-gradient":""},"mobile":{"background-color":"","background-image":"","background-repeat":"repeat","background-position":"center center","background-size":"auto","background-attachment":"scroll","background-type":"","background-media":"","overlay-type":"","overlay-color":"","overlay-opacity":"","overlay-gradient":""}},"ast-content-background-meta":{"desktop":{"background-color":"var(--ast-global-color-5)","background-image":"","background-repeat":"repeat","background-position":"center center","background-size":"auto","background-attachment":"scroll","background-type":"","background-media":"","overlay-type":"","overlay-color":"","overlay-opacity":"","overlay-gradient":""},"tablet":{"background-color":"var(--ast-global-color-5)","background-image":"","background-repeat":"repeat","background-position":"center center","background-size":"auto","background-attachment":"scroll","background-type":"","background-media":"","overlay-type":"","overlay-color":"","overlay-opacity":"","overlay-gradient":""},"mobile":{"background-color":"var(--ast-global-color-5)","background-image":"","background-repeat":"repeat","background-position":"center center","background-size":"auto","background-attachment":"scroll","background-type":"","background-media":"","overlay-type":"","overlay-color":"","overlay-opacity":"","overlay-gradient":""}},"footnotes":""},"categories":[517],"tags":[],"class_list":["post-23919","post","type-post","status-publish","format-image","hentry","category-aconteceu","post_format-post-format-image"],"_links":{"self":[{"href":"https:\/\/noticiasnoface.com.br\/index.php\/wp-json\/wp\/v2\/posts\/23919","targetHints":{"allow":["GET"]}}],"collection":[{"href":"https:\/\/noticiasnoface.com.br\/index.php\/wp-json\/wp\/v2\/posts"}],"about":[{"href":"https:\/\/noticiasnoface.com.br\/index.php\/wp-json\/wp\/v2\/types\/post"}],"author":[{"embeddable":true,"href":"https:\/\/noticiasnoface.com.br\/index.php\/wp-json\/wp\/v2\/users\/1"}],"replies":[{"embeddable":true,"href":"https:\/\/noticiasnoface.com.br\/index.php\/wp-json\/wp\/v2\/comments?post=23919"}],"version-history":[{"count":1,"href":"https:\/\/noticiasnoface.com.br\/index.php\/wp-json\/wp\/v2\/posts\/23919\/revisions"}],"predecessor-version":[{"id":23920,"href":"https:\/\/noticiasnoface.com.br\/index.php\/wp-json\/wp\/v2\/posts\/23919\/revisions\/23920"}],"wp:attachment":[{"href":"https:\/\/noticiasnoface.com.br\/index.php\/wp-json\/wp\/v2\/media?parent=23919"}],"wp:term":[{"taxonomy":"category","embeddable":true,"href":"https:\/\/noticiasnoface.com.br\/index.php\/wp-json\/wp\/v2\/categories?post=23919"},{"taxonomy":"post_tag","embeddable":true,"href":"https:\/\/noticiasnoface.com.br\/index.php\/wp-json\/wp\/v2\/tags?post=23919"}],"curies":[{"name":"wp","href":"https:\/\/api.w.org\/{rel}","templated":true}]}}