{"id":23925,"date":"2024-05-10T16:01:42","date_gmt":"2024-05-10T19:01:42","guid":{"rendered":"https:\/\/noticiasnoface.com.br\/?p=23925"},"modified":"2024-05-10T16:01:42","modified_gmt":"2024-05-10T19:01:42","slug":"klaus-araujo-mostra-forca-e-deve-ser-um-dos-mais-votados","status":"publish","type":"post","link":"https:\/\/noticiasnoface.com.br\/index.php\/2024\/05\/10\/klaus-araujo-mostra-forca-e-deve-ser-um-dos-mais-votados\/","title":{"rendered":"Klaus Ara\u00fajo mostra for\u00e7a e deve ser um dos mais votados"},"content":{"rendered":"\n<figure class=\"wp-block-image size-large\"><img data-opt-id=455551606  fetchpriority=\"high\" decoding=\"async\" width=\"1024\" height=\"628\" src=\"https:\/\/mlbfrsat7ahr.i.optimole.com\/w:1024\/h:628\/q:mauto\/ig:avif\/https:\/\/noticiasnoface.com.br\/wp-content\/uploads\/2024\/05\/img_4620-1.jpg\" class=\"wp-image-23924\" srcset=\"https:\/\/mlbfrsat7ahr.i.optimole.com\/w:1024\/h:628\/q:mauto\/ig:avif\/https:\/\/noticiasnoface.com.br\/wp-content\/uploads\/2024\/05\/img_4620-1.jpg 1024w, https:\/\/mlbfrsat7ahr.i.optimole.com\/w:300\/h:184\/q:mauto\/ig:avif\/https:\/\/noticiasnoface.com.br\/wp-content\/uploads\/2024\/05\/img_4620-1.jpg 300w, https:\/\/mlbfrsat7ahr.i.optimole.com\/w:768\/h:471\/q:mauto\/ig:avif\/https:\/\/noticiasnoface.com.br\/wp-content\/uploads\/2024\/05\/img_4620-1.jpg 768w, https:\/\/mlbfrsat7ahr.i.optimole.com\/w:1290\/h:791\/q:mauto\/ig:avif\/https:\/\/noticiasnoface.com.br\/wp-content\/uploads\/2024\/05\/img_4620-1.jpg 1290w\" sizes=\"(max-width: 1000px) 100vw, 1000px\" \/><\/figure>\n\n\n\n<!--more-->\n\n\n\n<p>A disputa de Tit\u00e3s no PSDB de Natal obriga os pr\u00e9-candidatos a colocarem o barco na rua mais cedo.<\/p>\n\n\n\n<p>Na noite desta quinta-feira (09), o Vereador Klaus Ara\u00fajo, fez um ato de lan\u00e7amento da sua pr\u00e9-candidatura em um espa\u00e7o de eventos em Lagoa Nova.&nbsp;<\/p>\n\n\n\n<p>Foi um desmantelo.<\/p>\n\n\n\n<p>Klaus, sabendo que n\u00e3o poderia sair mal na foto, botou quase 1.500 pessoas no ato que contou com a presen\u00e7a do presidente da Assembleia Legislativa, Ezequiel Ferreira, do Prefeito \u00c1lvaro Dias, do presidente da C\u00e2mara Eriko J\u00e1come e dos pr\u00e9-candidatos a prefeito e vice, Paulinho Freire e Joanna Guerra.<\/p>\n\n\n\n<p>Klaus, por mais que esque\u00e7a dos amigos,&nbsp;est\u00e1 no jogo com sangue nos olhos. <\/p>\n\n\n\n<p>Por Igor Costa <\/p>\n","protected":false},"excerpt":{"rendered":"","protected":false},"author":1,"featured_media":0,"comment_status":"open","ping_status":"open","sticky":false,"template":"","format":"image","meta":{"site-sidebar-layout":"default","site-content-layout":"","ast-site-content-layout":"default","site-content-style":"default","site-sidebar-style":"default","ast-global-header-display":"","ast-banner-title-visibility":"","ast-main-header-display":"","ast-hfb-above-header-display":"","ast-hfb-below-header-display":"","ast-hfb-mobile-header-display":"","site-post-title":"","ast-breadcrumbs-content":"","ast-featured-img":"","footer-sml-layout":"","ast-disable-related-posts":"","theme-transparent-header-meta":"","adv-header-id-meta":"","stick-header-meta":"","header-above-stick-meta":"","header-main-stick-meta":"","header-below-stick-meta":"","astra-migrate-meta-layouts":"default","ast-page-background-enabled":"default","ast-page-background-meta":{"desktop":{"background-color":"var(--ast-global-color-4)","background-image":"","background-repeat":"repeat","background-position":"center center","background-size":"auto","background-attachment":"scroll","background-type":"","background-media":"","overlay-type":"","overlay-color":"","overlay-opacity":"","overlay-gradient":""},"tablet":{"background-color":"","background-image":"","background-repeat":"repeat","background-position":"center center","background-size":"auto","background-attachment":"scroll","background-type":"","background-media":"","overlay-type":"","overlay-color":"","overlay-opacity":"","overlay-gradient":""},"mobile":{"background-color":"","background-image":"","background-repeat":"repeat","background-position":"center center","background-size":"auto","background-attachment":"scroll","background-type":"","background-media":"","overlay-type":"","overlay-color":"","overlay-opacity":"","overlay-gradient":""}},"ast-content-background-meta":{"desktop":{"background-color":"var(--ast-global-color-5)","background-image":"","background-repeat":"repeat","background-position":"center center","background-size":"auto","background-attachment":"scroll","background-type":"","background-media":"","overlay-type":"","overlay-color":"","overlay-opacity":"","overlay-gradient":""},"tablet":{"background-color":"var(--ast-global-color-5)","background-image":"","background-repeat":"repeat","background-position":"center center","background-size":"auto","background-attachment":"scroll","background-type":"","background-media":"","overlay-type":"","overlay-color":"","overlay-opacity":"","overlay-gradient":""},"mobile":{"background-color":"var(--ast-global-color-5)","background-image":"","background-repeat":"repeat","background-position":"center center","background-size":"auto","background-attachment":"scroll","background-type":"","background-media":"","overlay-type":"","overlay-color":"","overlay-opacity":"","overlay-gradient":""}},"footnotes":""},"categories":[517],"tags":[],"class_list":["post-23925","post","type-post","status-publish","format-image","hentry","category-aconteceu","post_format-post-format-image"],"_links":{"self":[{"href":"https:\/\/noticiasnoface.com.br\/index.php\/wp-json\/wp\/v2\/posts\/23925","targetHints":{"allow":["GET"]}}],"collection":[{"href":"https:\/\/noticiasnoface.com.br\/index.php\/wp-json\/wp\/v2\/posts"}],"about":[{"href":"https:\/\/noticiasnoface.com.br\/index.php\/wp-json\/wp\/v2\/types\/post"}],"author":[{"embeddable":true,"href":"https:\/\/noticiasnoface.com.br\/index.php\/wp-json\/wp\/v2\/users\/1"}],"replies":[{"embeddable":true,"href":"https:\/\/noticiasnoface.com.br\/index.php\/wp-json\/wp\/v2\/comments?post=23925"}],"version-history":[{"count":1,"href":"https:\/\/noticiasnoface.com.br\/index.php\/wp-json\/wp\/v2\/posts\/23925\/revisions"}],"predecessor-version":[{"id":23926,"href":"https:\/\/noticiasnoface.com.br\/index.php\/wp-json\/wp\/v2\/posts\/23925\/revisions\/23926"}],"wp:attachment":[{"href":"https:\/\/noticiasnoface.com.br\/index.php\/wp-json\/wp\/v2\/media?parent=23925"}],"wp:term":[{"taxonomy":"category","embeddable":true,"href":"https:\/\/noticiasnoface.com.br\/index.php\/wp-json\/wp\/v2\/categories?post=23925"},{"taxonomy":"post_tag","embeddable":true,"href":"https:\/\/noticiasnoface.com.br\/index.php\/wp-json\/wp\/v2\/tags?post=23925"}],"curies":[{"name":"wp","href":"https:\/\/api.w.org\/{rel}","templated":true}]}}