{"id":23931,"date":"2024-05-10T22:32:00","date_gmt":"2024-05-11T01:32:00","guid":{"rendered":"https:\/\/noticiasnoface.com.br\/?p=23931"},"modified":"2024-05-10T22:32:01","modified_gmt":"2024-05-11T01:32:01","slug":"solenidade-na-camara-municipal-de-natal-homenageia-casa-do-menor-trabalhador","status":"publish","type":"post","link":"https:\/\/noticiasnoface.com.br\/index.php\/2024\/05\/10\/solenidade-na-camara-municipal-de-natal-homenageia-casa-do-menor-trabalhador\/","title":{"rendered":"Solenidade na C\u00e2mara Municipal de Natal homenageia Casa do Menor Trabalhador"},"content":{"rendered":"\n<figure class=\"wp-block-image size-large\"><img data-opt-id=2144491278  fetchpriority=\"high\" decoding=\"async\" width=\"1024\" height=\"578\" src=\"https:\/\/mlbfrsat7ahr.i.optimole.com\/w:1024\/h:578\/q:mauto\/ig:avif\/https:\/\/noticiasnoface.com.br\/wp-content\/uploads\/2024\/05\/img_4643-1.jpg\" class=\"wp-image-23930\" srcset=\"https:\/\/mlbfrsat7ahr.i.optimole.com\/w:1024\/h:578\/q:mauto\/ig:avif\/https:\/\/noticiasnoface.com.br\/wp-content\/uploads\/2024\/05\/img_4643-1.jpg 1024w, https:\/\/mlbfrsat7ahr.i.optimole.com\/w:300\/h:169\/q:mauto\/ig:avif\/https:\/\/noticiasnoface.com.br\/wp-content\/uploads\/2024\/05\/img_4643-1.jpg 300w, https:\/\/mlbfrsat7ahr.i.optimole.com\/w:768\/h:433\/q:mauto\/ig:avif\/https:\/\/noticiasnoface.com.br\/wp-content\/uploads\/2024\/05\/img_4643-1.jpg 768w, https:\/\/mlbfrsat7ahr.i.optimole.com\/w:1536\/h:867\/q:mauto\/ig:avif\/https:\/\/noticiasnoface.com.br\/wp-content\/uploads\/2024\/05\/img_4643-1.jpg 1536w, https:\/\/mlbfrsat7ahr.i.optimole.com\/w:1600\/h:903\/q:mauto\/ig:avif\/https:\/\/noticiasnoface.com.br\/wp-content\/uploads\/2024\/05\/img_4643-1.jpg 1600w\" sizes=\"(max-width: 1000px) 100vw, 1000px\" \/><\/figure>\n\n\n\n<!--more-->\n\n\n\n<p>Por proposi\u00e7\u00e3o do vereador Robson Carvalho (Uni\u00e3o Brasil), a C\u00e2mara Municipal de Natal realizou, nesta quinta-feira (09), uma sess\u00e3o solene em homenagem \u00e0 Casa do Menor Trabalhador, que desenvolve um trabalho social focado na educa\u00e7\u00e3o com forma\u00e7\u00e3o profissional para jovens e forma\u00e7\u00e3o cidad\u00e3 para crian\u00e7as e adolescentes, especialmente os mais carentes. Na ocasi\u00e3o, o plen\u00e1rio do Legislativo foi tomado por profissionais, amigos e admiradores da institui\u00e7\u00e3o.<\/p>\n\n\n\n<p>Fundada pela Irm\u00e3 L\u00facia Montenegro, em 1987, com apoio de Dom Eug\u00eanio Sales e inspirada pela m\u00edstica da Pastoral do Menor, a Casa, localizada no bairro do Alecrim, iniciou sua trajet\u00f3ria ofertando educa\u00e7\u00e3o para crian\u00e7as em situa\u00e7\u00e3o de vulnerabilidade social e hoje tamb\u00e9m fornece cursos de forma\u00e7\u00e3o profissional para jovens. Ao todo, s\u00e3o 240 crian\u00e7as atendidas em tempo integral e milhares de jovens beneficiados atrav\u00e9s dos cursos e das empresas parceiras do projeto.<\/p>\n\n\n\n<p>&#8220;A institui\u00e7\u00e3o forma novos profissionais para o turismo, hotelaria, m\u00eddias sociais, administra\u00e7\u00e3o etc., dando independ\u00eancia financeira e conhecimento para que eles possam andar com as pr\u00f3prias pernas. De fato, \u00e9 uma pol\u00edtica efetiva de qualifica\u00e7\u00e3o e inser\u00e7\u00e3o da juventude no trabalho, tirando da vulnerabilidade e realizando sonhos de muitas fam\u00edlias. Al\u00e9m disso, acolhe crian\u00e7as com amor e carinho. Por este motivo, tenho orgulho de ser parceiro da Casa do Menor Trabalhador desde 2017. Justa homenagem para uma institui\u00e7\u00e3o de credibilidade, que impacta de forma positiva a vida das pessoas&#8221;, declarou o vereador Robson Carvalho.<\/p>\n\n\n\n<p>O deputado federal Paulinho Freire tamb\u00e9m participou da solenidade. &#8220;Trata-se de um trabalho maravilhoso que vale a pena demais apoiar, inclusive o nosso mandato \u00e9 parceiro porque acreditamos na miss\u00e3o da Casa que \u00e9 transformar realidades sociais por meio da educa\u00e7\u00e3o e do trabalho. Dito isso, acredito que esta seja uma das grandes homenagens que este parlamento j\u00e1 concedeu&#8221;.<\/p>\n\n\n\n<p>Saulo Spinelly, secret\u00e1rio adjunto do Trabalho e Assist\u00eancia Social de Natal, disse que a entidade forma cidad\u00e3os de bem. &#8220;N\u00e3o \u00e9 uma mera unidade de qualifica\u00e7\u00e3o profissional. \u00c9 um espa\u00e7o de acolhimento, sendo a segunda fam\u00edlia dos alunos. L\u00e1 se restaura vidas. Tenho um carinho imenso por este trabalho e a C\u00e2mara Municipal acerta ao render homenagens a quem faz realmente a diferen\u00e7a, formando jovens que s\u00e3o o futuro e o presente da nossa cidade&#8221;.<\/p>\n\n\n\n<p>Em seu discurso, a diretora da Casa do Menor Trabalhador, Irm\u00e3 M\u00e1rcia Santos, agradeceu a honraria do Legislativo natalense. &#8220;Prestes a completar 37 anos de servi\u00e7os, recebemos essa linda manifesta\u00e7\u00e3o de apre\u00e7o e reconhecimento. Todos que fazem parte dessa hist\u00f3ria s\u00e3o merecedores. Afinal, s\u00e3o mais de 10 mil jovens inseridos no mercado de trabalho. Aproveito a oportunidade para reverenciar a mem\u00f3ria da Irm\u00e3 L\u00facia, que plantou a semente. A ela dedico este momento. Sempre lembrando que nada acontece para nossa gl\u00f3ria. Tudo \u00e9 para gl\u00f3ria do Pai&#8221;, finalizou.<\/p>\n\n\n\n<p>Texto: Junior Martins<br>Fotos: Ver\u00f4nica Macedo<\/p>\n","protected":false},"excerpt":{"rendered":"","protected":false},"author":1,"featured_media":0,"comment_status":"open","ping_status":"open","sticky":false,"template":"","format":"image","meta":{"site-sidebar-layout":"default","site-content-layout":"","ast-site-content-layout":"default","site-content-style":"default","site-sidebar-style":"default","ast-global-header-display":"","ast-banner-title-visibility":"","ast-main-header-display":"","ast-hfb-above-header-display":"","ast-hfb-below-header-display":"","ast-hfb-mobile-header-display":"","site-post-title":"","ast-breadcrumbs-content":"","ast-featured-img":"","footer-sml-layout":"","ast-disable-related-posts":"","theme-transparent-header-meta":"","adv-header-id-meta":"","stick-header-meta":"","header-above-stick-meta":"","header-main-stick-meta":"","header-below-stick-meta":"","astra-migrate-meta-layouts":"default","ast-page-background-enabled":"default","ast-page-background-meta":{"desktop":{"background-color":"var(--ast-global-color-4)","background-image":"","background-repeat":"repeat","background-position":"center center","background-size":"auto","background-attachment":"scroll","background-type":"","background-media":"","overlay-type":"","overlay-color":"","overlay-opacity":"","overlay-gradient":""},"tablet":{"background-color":"","background-image":"","background-repeat":"repeat","background-position":"center center","background-size":"auto","background-attachment":"scroll","background-type":"","background-media":"","overlay-type":"","overlay-color":"","overlay-opacity":"","overlay-gradient":""},"mobile":{"background-color":"","background-image":"","background-repeat":"repeat","background-position":"center center","background-size":"auto","background-attachment":"scroll","background-type":"","background-media":"","overlay-type":"","overlay-color":"","overlay-opacity":"","overlay-gradient":""}},"ast-content-background-meta":{"desktop":{"background-color":"var(--ast-global-color-5)","background-image":"","background-repeat":"repeat","background-position":"center center","background-size":"auto","background-attachment":"scroll","background-type":"","background-media":"","overlay-type":"","overlay-color":"","overlay-opacity":"","overlay-gradient":""},"tablet":{"background-color":"var(--ast-global-color-5)","background-image":"","background-repeat":"repeat","background-position":"center center","background-size":"auto","background-attachment":"scroll","background-type":"","background-media":"","overlay-type":"","overlay-color":"","overlay-opacity":"","overlay-gradient":""},"mobile":{"background-color":"var(--ast-global-color-5)","background-image":"","background-repeat":"repeat","background-position":"center center","background-size":"auto","background-attachment":"scroll","background-type":"","background-media":"","overlay-type":"","overlay-color":"","overlay-opacity":"","overlay-gradient":""}},"footnotes":""},"categories":[517],"tags":[],"class_list":["post-23931","post","type-post","status-publish","format-image","hentry","category-aconteceu","post_format-post-format-image"],"_links":{"self":[{"href":"https:\/\/noticiasnoface.com.br\/index.php\/wp-json\/wp\/v2\/posts\/23931","targetHints":{"allow":["GET"]}}],"collection":[{"href":"https:\/\/noticiasnoface.com.br\/index.php\/wp-json\/wp\/v2\/posts"}],"about":[{"href":"https:\/\/noticiasnoface.com.br\/index.php\/wp-json\/wp\/v2\/types\/post"}],"author":[{"embeddable":true,"href":"https:\/\/noticiasnoface.com.br\/index.php\/wp-json\/wp\/v2\/users\/1"}],"replies":[{"embeddable":true,"href":"https:\/\/noticiasnoface.com.br\/index.php\/wp-json\/wp\/v2\/comments?post=23931"}],"version-history":[{"count":1,"href":"https:\/\/noticiasnoface.com.br\/index.php\/wp-json\/wp\/v2\/posts\/23931\/revisions"}],"predecessor-version":[{"id":23932,"href":"https:\/\/noticiasnoface.com.br\/index.php\/wp-json\/wp\/v2\/posts\/23931\/revisions\/23932"}],"wp:attachment":[{"href":"https:\/\/noticiasnoface.com.br\/index.php\/wp-json\/wp\/v2\/media?parent=23931"}],"wp:term":[{"taxonomy":"category","embeddable":true,"href":"https:\/\/noticiasnoface.com.br\/index.php\/wp-json\/wp\/v2\/categories?post=23931"},{"taxonomy":"post_tag","embeddable":true,"href":"https:\/\/noticiasnoface.com.br\/index.php\/wp-json\/wp\/v2\/tags?post=23931"}],"curies":[{"name":"wp","href":"https:\/\/api.w.org\/{rel}","templated":true}]}}